{"id":334514,"date":"2025-08-21T18:24:22","date_gmt":"2025-08-21T18:24:22","guid":{"rendered":"https:\/\/www.europesays.com\/fr\/334514\/"},"modified":"2025-08-21T18:24:22","modified_gmt":"2025-08-21T18:24:22","slug":"foot-boulogne-saint-etienne-le-deplacement-des-supporters-stephanois-sera-encadre","status":"publish","type":"post","link":"https:\/\/www.europesays.com\/fr\/334514\/","title":{"rendered":"Foot, Boulogne &#8211; Saint-Etienne : le d\u00e9placement des supporters St\u00e9phanois sera encadr\u00e9"},"content":{"rendered":"<p><img decoding=\"async\" class=\"\" style=\"width:100%;max-width:100%\" src=\"https:\/\/www.europesays.com\/fr\/wp-content\/uploads\/2025\/08\/usbco1755793029192-format16by9.jpg\" alt=\"USBCO - Club de foot de Boulogne-sur-Mer\"\/><\/p>\n<p>L&rsquo;ambiance promet d&rsquo;\u00eatre chaude samedi soir&#8230;<\/p>\n<p>Cr\u00e9dit : USBCO &#8211; Club de foot de Boulogne-sur-Mer<\/p>\n<p data-syno-attrs=\"{&quot;textMarks&quot;:[{&quot;_&quot;:&quot;font_size&quot;,&quot;value&quot;:14},{&quot;_&quot;:&quot;font_family&quot;,&quot;value&quot;:&quot;Times New Roman&quot;,&quot;eastAsia&quot;:&quot;Times New Roman&quot;,&quot;complexScript&quot;:&quot;Times New Roman&quot;}]}\"><strong>L\u2019ambiance promet d\u2019\u00eatre bouillante pour le retour de la Ligue 2 \u00e0 la Lib\u00e9ration ce samedi. <\/strong><\/p>\n<p data-syno-attrs=\"{&quot;textMarks&quot;:[{&quot;_&quot;:&quot;font_size&quot;,&quot;value&quot;:14},{&quot;_&quot;:&quot;font_family&quot;,&quot;value&quot;:&quot;Times New Roman&quot;,&quot;eastAsia&quot;:&quot;Times New Roman&quot;,&quot;complexScript&quot;:&quot;Times New Roman&quot;}]}\"><a href=\"https:\/\/www.deltafm.fr\/foot-debuts-frustrants-mais-encourageants-pour-boulogne\" rel=\"noopener\" target=\"_blank\">Les footballeurs Maritimes re\u00e7oivent ceux de Saint-Etienne.<\/a><\/p>\n<p data-syno-attrs=\"{&quot;textMarks&quot;:[{&quot;_&quot;:&quot;font_size&quot;,&quot;value&quot;:14},{&quot;_&quot;:&quot;font_family&quot;,&quot;value&quot;:&quot;Times New Roman&quot;,&quot;eastAsia&quot;:&quot;Times New Roman&quot;,&quot;complexScript&quot;:&quot;Times New Roman&quot;}]}\"><strong>La Pr\u00e9fecture du Pas-de-Calais annonce que le d\u00e9placement des supporters St\u00e9phanois sera encadr\u00e9. <\/strong><\/p>\n<p data-syno-attrs=\"{&quot;textMarks&quot;:[{&quot;_&quot;:&quot;font_size&quot;,&quot;value&quot;:14},{&quot;_&quot;:&quot;font_family&quot;,&quot;value&quot;:&quot;Times New Roman&quot;,&quot;eastAsia&quot;:&quot;Times New Roman&quot;,&quot;complexScript&quot;:&quot;Times New Roman&quot;}]}\">Un<strong> point de rassemblement sera organis\u00e9 pour ceux qui viennent en bus<\/strong>. Dans la rue et dans le stade, ils n\u2019ont pas le droit de montrer qu\u2019ils sont supporters de l\u2019ASSE, hors-parcage pr\u00e9vu pour les supporters du club vert. <\/p>\n<p data-syno-attrs=\"{&quot;textMarks&quot;:[{&quot;_&quot;:&quot;font_size&quot;,&quot;value&quot;:14},{&quot;_&quot;:&quot;font_family&quot;,&quot;value&quot;:&quot;Times New Roman&quot;,&quot;eastAsia&quot;:&quot;Times New Roman&quot;,&quot;complexScript&quot;:&quot;Times New Roman&quot;}]}\"><strong>Pas de fumig\u00e8ne<\/strong> dans le Stade ou aux abords de celui-ci. <\/p>\n<p data-syno-attrs=\"{&quot;textMarks&quot;:[{&quot;_&quot;:&quot;font_size&quot;,&quot;value&quot;:14},{&quot;_&quot;:&quot;font_family&quot;,&quot;value&quot;:&quot;Times New Roman&quot;,&quot;eastAsia&quot;:&quot;Times New Roman&quot;,&quot;complexScript&quot;:&quot;Times New Roman&quot;}]}\">Le match a lieu samedi \u00e0 20h.<\/p>\n<p data-syno-attrs=\"{&quot;textMarks&quot;:[{&quot;_&quot;:&quot;font_size&quot;,&quot;value&quot;:14},{&quot;_&quot;:&quot;font_family&quot;,&quot;value&quot;:&quot;Times New Roman&quot;,&quot;eastAsia&quot;:&quot;Times New Roman&quot;,&quot;complexScript&quot;:&quot;Times New Roman&quot;}]}\">\u00a0<\/p>\n","protected":false},"excerpt":{"rendered":"L&rsquo;ambiance promet d&rsquo;\u00eatre chaude samedi soir&#8230; Cr\u00e9dit : USBCO &#8211; Club de foot de Boulogne-sur-Mer L\u2019ambiance promet d\u2019\u00eatre&hellip;\n","protected":false},"author":2,"featured_media":334515,"comment_status":"","ping_status":"","sticky":false,"template":"","format":"standard","meta":{"footnotes":""},"categories":[9653],"tags":[1111,11,47175,461,2430,23611,7048,47178,47171,1777,674,47177,1011,27,47174,47176,446,25485,12,47173,23862,47172,8916,25,3640,4001,2858,10221],"class_list":{"0":"post-334514","1":"post","2":"type-post","3":"status-publish","4":"format-standard","5":"has-post-thumbnail","7":"category-saint-etienne","8":"tag-actu","9":"tag-actualites","10":"tag-ambiance-bouillante","11":"tag-asse","12":"tag-auvergne-rhone-alpes","13":"tag-boulogne","14":"tag-bus","15":"tag-club-vert","16":"tag-deplacement-encadre","17":"tag-eu","18":"tag-europe","19":"tag-football-maritime","20":"tag-fr","21":"tag-france","22":"tag-fumigene-interdit","23":"tag-liberation-stade","24":"tag-ligue-2","25":"tag-match-de-foot","26":"tag-news","27":"tag-parcage-visiteurs","28":"tag-pas-de-calais","29":"tag-point-de-rassemblement","30":"tag-prefecture","31":"tag-republique-francaise","32":"tag-rue","33":"tag-saint-etienne","34":"tag-stade","35":"tag-supporters"},"share_on_mastodon":{"url":"https:\/\/pubeurope.com\/@fr\/115068158883343566","error":""},"_links":{"self":[{"href":"https:\/\/www.europesays.com\/fr\/wp-json\/wp\/v2\/posts\/334514","targetHints":{"allow":["GET"]}}],"collection":[{"href":"https:\/\/www.europesays.com\/fr\/wp-json\/wp\/v2\/posts"}],"about":[{"href":"https:\/\/www.europesays.com\/fr\/wp-json\/wp\/v2\/types\/post"}],"author":[{"embeddable":true,"href":"https:\/\/www.europesays.com\/fr\/wp-json\/wp\/v2\/users\/2"}],"replies":[{"embeddable":true,"href":"https:\/\/www.europesays.com\/fr\/wp-json\/wp\/v2\/comments?post=334514"}],"version-history":[{"count":0,"href":"https:\/\/www.europesays.com\/fr\/wp-json\/wp\/v2\/posts\/334514\/revisions"}],"wp:featuredmedia":[{"embeddable":true,"href":"https:\/\/www.europesays.com\/fr\/wp-json\/wp\/v2\/media\/334515"}],"wp:attachment":[{"href":"https:\/\/www.europesays.com\/fr\/wp-json\/wp\/v2\/media?parent=334514"}],"wp:term":[{"taxonomy":"category","embeddable":true,"href":"https:\/\/www.europesays.com\/fr\/wp-json\/wp\/v2\/categories?post=334514"},{"taxonomy":"post_tag","embeddable":true,"href":"https:\/\/www.europesays.com\/fr\/wp-json\/wp\/v2\/tags?post=334514"}],"curies":[{"name":"wp","href":"https:\/\/api.w.org\/{rel}","templated":true}]}}