{"id":334525,"date":"2025-08-21T18:30:13","date_gmt":"2025-08-21T18:30:13","guid":{"rendered":"https:\/\/www.europesays.com\/fr\/334525\/"},"modified":"2025-08-21T18:30:13","modified_gmt":"2025-08-21T18:30:13","slug":"un-cambrioleur-encagoule-et-gante-arrete-avec-une-disqueuse-en-main","status":"publish","type":"post","link":"https:\/\/www.europesays.com\/fr\/334525\/","title":{"rendered":"un cambrioleur encagoul\u00e9 et gant\u00e9 arr\u00eat\u00e9 avec une disqueuse en main"},"content":{"rendered":"<p>            Par<br \/>\n        <strong><br \/>\n            <a href=\"https:\/\/actu.fr\/auteur\/jm-aubert\" title=\"Consulter tous les articles de Jean-Marc Aubert\" rel=\"nofollow noopener\" target=\"_blank\">Jean-Marc Aubert<\/a><br \/>\n        <\/strong><\/p>\n<p>        Publi\u00e9 le<\/p>\n<p>            21 ao\u00fbt 2025 \u00e0 18h32        <\/p>\n<p>Trois <strong>cambrioleurs<\/strong> encagoul\u00e9s et gant\u00e9s ont op\u00e9r\u00e9 dans la <strong>nuit de<\/strong> <strong>lundi 18<\/strong> <strong>\u00e0<\/strong> <strong>mardi 19 ao\u00fbt<\/strong>, sur le site de l\u2019enseigne Botanic, quartier du Fesquet, \u00e0 <strong>Clapiers<\/strong>, au nord de Montpellier, quand l\u2019alerte a \u00e9t\u00e9 donn\u00e9e \u00e0 la gendarmerie.<\/p>\n<p>    <a href=\"https:\/\/www.google.com\/maps\/embed?pb=!1m18!1m12!1m3!1d4355.335433148405!2d3.877814182375944!3d43.65318801252169!2m3!1f0!2f0!3f0!3m2!1i1024!2i768!4f13.1!3m3!1m2!1s0x12b6a8ce748bc5c1%3A0xd59cec73d7bb69f8!2sbotanic%C2%AE%20Clapiers!5e0!3m2!1sfr!2sfr!4v1755789344818!5m2!1sfr!2sfr\" title=\"Ouvrie le lien\" rel=\"nofollow noopener\" target=\"_blank\">Cliquez ici pour visualiser le contenu<\/a><\/p>\n<p class=\" wall-content\">Une patrouille rapidement d\u00e9p\u00each\u00e9e a surpris le trio affair\u00e9 \u00e0 d\u00e9couper \u00e0 la disqueuse le rideau de fer du commerce de jardinerie et d\u2019animalerie, situ\u00e9 au bord de la M65.<\/p>\n<p class=\" wall-content\">\u00c0 la vue des gendarmes, les trois suspects ont pris la fuite. Si deux ont pu leur fausser compagnie et dispara\u00eetre \u00e0 pied, semble-t-il, le troisi\u00e8me a pu \u00eatre interpell\u00e9 et conduit en garde \u00e0 vue dans une brigade de la compagnie de gendarmerie de Castelnau-le-Lez, charg\u00e9e de l\u2019enqu\u00eate.\u00a0<\/p>\n<p class=\" wall-content\">Ce ressortissant roumain sans emploi a \u00e9t\u00e9 entendu lors d\u2019une garde \u00e0 vue, avant d\u2019\u00eatre d\u00e9f\u00e9r\u00e9 ce mercredi au parquet de Montpellier pour des suites judiciaires. Il a refus\u00e9 de livrer des renseignements sur ses deux complices, toujours recherch\u00e9s ce jeudi. Les enqu\u00eateurs devraient saisir et exploiter les cam\u00e9ras de vid\u00e9o-protection de la Ville de Clapiers.<\/p>\n<p>Vid\u00e9os : en ce moment sur Actu<\/p>\n<p class=\" wall-content\">Selon nos informations, depuis le d\u00e9but de l\u2019\u00e9t\u00e9, les cambriolages par effraction visant des commerces et des habitations sont en hausse dans la zone p\u00e9ri-urbaine de Montpellier d\u00e9volue \u00e0 la gendarmerie.<\/p>\n<p class=\" wall-content\">Personnalisez votre actualit\u00e9 en ajoutant vos villes et m\u00e9dias en favori avec <a href=\"https:\/\/moncompte.actu.fr\" title=\"D\u00e9couvez Mon Actu\" rel=\"nofollow noopener\" data-trk=\"{&quot;cta&quot;:{&quot;action&quot;:&quot;https:\\\/\\\/moncompte.actu.fr&quot;,&quot;category&quot;:&quot;mon compte&quot;,&quot;from&quot;:&quot;article footer&quot;,&quot;name&quot;:&quot;Mon actu&quot;,&quot;type&quot;:&quot;cta&quot;}}\" target=\"_blank\">Mon Actu<\/a>.<\/p>\n","protected":false},"excerpt":{"rendered":"Par Jean-Marc Aubert Publi\u00e9 le 21 ao\u00fbt 2025 \u00e0 18h32 Trois cambrioleurs encagoul\u00e9s et gant\u00e9s ont op\u00e9r\u00e9 dans&hellip;\n","protected":false},"author":2,"featured_media":334526,"comment_status":"","ping_status":"","sticky":false,"template":"","format":"standard","meta":{"footnotes":""},"categories":[9599],"tags":[1111,11,1174,1777,674,118,1011,27,3381,303,2208,12,2680,25],"class_list":{"0":"post-334525","1":"post","2":"type-post","3":"status-publish","4":"format-standard","5":"has-post-thumbnail","7":"category-montpellier","8":"tag-actu","9":"tag-actualites","10":"tag-cambriolage","11":"tag-eu","12":"tag-europe","13":"tag-faits-divers","14":"tag-fr","15":"tag-france","16":"tag-gendarmerie","17":"tag-justice","18":"tag-montpellier","19":"tag-news","20":"tag-occitanie","21":"tag-republique-francaise"},"share_on_mastodon":{"url":"https:\/\/pubeurope.com\/@fr\/115068182814272359","error":""},"_links":{"self":[{"href":"https:\/\/www.europesays.com\/fr\/wp-json\/wp\/v2\/posts\/334525","targetHints":{"allow":["GET"]}}],"collection":[{"href":"https:\/\/www.europesays.com\/fr\/wp-json\/wp\/v2\/posts"}],"about":[{"href":"https:\/\/www.europesays.com\/fr\/wp-json\/wp\/v2\/types\/post"}],"author":[{"embeddable":true,"href":"https:\/\/www.europesays.com\/fr\/wp-json\/wp\/v2\/users\/2"}],"replies":[{"embeddable":true,"href":"https:\/\/www.europesays.com\/fr\/wp-json\/wp\/v2\/comments?post=334525"}],"version-history":[{"count":0,"href":"https:\/\/www.europesays.com\/fr\/wp-json\/wp\/v2\/posts\/334525\/revisions"}],"wp:featuredmedia":[{"embeddable":true,"href":"https:\/\/www.europesays.com\/fr\/wp-json\/wp\/v2\/media\/334526"}],"wp:attachment":[{"href":"https:\/\/www.europesays.com\/fr\/wp-json\/wp\/v2\/media?parent=334525"}],"wp:term":[{"taxonomy":"category","embeddable":true,"href":"https:\/\/www.europesays.com\/fr\/wp-json\/wp\/v2\/categories?post=334525"},{"taxonomy":"post_tag","embeddable":true,"href":"https:\/\/www.europesays.com\/fr\/wp-json\/wp\/v2\/tags?post=334525"}],"curies":[{"name":"wp","href":"https:\/\/api.w.org\/{rel}","templated":true}]}}