{"id":334527,"date":"2025-08-21T18:31:10","date_gmt":"2025-08-21T18:31:10","guid":{"rendered":"https:\/\/www.europesays.com\/fr\/334527\/"},"modified":"2025-08-21T18:31:10","modified_gmt":"2025-08-21T18:31:10","slug":"a-rouen-elle-propose-un-service-de-papouilles","status":"publish","type":"post","link":"https:\/\/www.europesays.com\/fr\/334527\/","title":{"rendered":"\u00e0 Rouen, elle propose un service&#8230; de papouilles\u00a0!"},"content":{"rendered":"<p>            Par<br \/>\n        <strong><br \/>\n            <a href=\"https:\/\/actu.fr\/auteur\/adrien-filoche\" title=\"Consulter tous les articles de Adrien Filoche\" rel=\"nofollow noopener\" target=\"_blank\">Adrien Filoche<\/a><br \/>\n        <\/strong><\/p>\n<p>        Publi\u00e9 le<\/p>\n<p>            21 ao\u00fbt 2025 \u00e0 20h06        <\/p>\n<p><strong>\u00ab\u2009De mani\u00e8re g\u00e9n\u00e9rale, on manque de papouilles.\u2009\u00bb<\/strong> En ao\u00fbt\u00a02025, Jade a lanc\u00e9 autour de <a href=\"https:\/\/actu.fr\/normandie\/rouen_76540\" rel=\"nofollow noopener\" target=\"_blank\">Rouen (Seine-Maritime)<\/a> un concept un peu in\u00e9dit\u2009: elle propose de se rendre chez des gens pour leur faire \u00ab\u2009des papouilles\u2009\u00bb. La jeune femme de 28\u00a0ans s\u2019explique\u2009: \u00ab\u2009Ce sont juste des papouilles pour la relaxation et la d\u00e9tente. Il n\u2019y a <strong>pas de massages<\/strong>\u00a0<strong>ni de soins th\u00e9rapeutiques<\/strong> lors de la s\u00e9ance\u2009\u00bb.<\/p>\n<p>Que pour les femmes et les enfants<\/p>\n<p class=\" wall-content\">Interrog\u00e9e par 76actu, celle \u00e0 l\u2019initiative de \u00ab\u2009La Papouillerie Rouennaise\u2009\u00bb, pr\u00e9cise d\u2019embl\u00e9e que ses papouilles sont<strong> uniquement destin\u00e9es \u00e0 un public f\u00e9minin ou bien \u00e0 des enfants<\/strong>.<\/p>\n<blockquote class=\"ac-article-quote wall-content\">\n<p>Je le fais sur toutes les zones du corps : jambes, dos, cr\u00e2ne, cou, bras, mains, etc.<\/p>\n<p>    <strong>Jade<\/strong>\n            <\/p><\/blockquote>\n<p class=\" wall-content\">Sur TikTok, elle a publi\u00e9 des extraits de ses s\u00e9ances o\u00f9 on la voit op\u00e9rer sur des clientes, pinceaux et autres ustensiles en tout genre \u00e0 la main. Certaines vid\u00e9os cumulent d\u00e9j\u00e0 <strong>plusieurs dizaines de milliers de vues<\/strong>.<\/p>\n<blockquote class=\"tiktok-embed\" cite=\"https:\/\/www.tiktok.com\/@la.papouillerie.r\/video\/7538478394774686998\" data-video-id=\"7538478394774686998\" data-embed-from=\"oembed\" style=\"max-width:605px; min-width:325px;\"><p>\n<a target=\"_blank\" title=\"@la.papouillerie.r\" href=\"https:\/\/www.tiktok.com\/@la.papouillerie.r?refer=embed\" rel=\"nofollow noopener\">@la.papouillerie.r<\/a> <\/p>\n<p><a title=\"capcut\" target=\"_blank\" href=\"https:\/\/www.tiktok.com\/tag\/capcut?refer=embed\" rel=\"nofollow noopener\">#CapCut<\/a> <a title=\"scratching\" target=\"_blank\" href=\"https:\/\/www.tiktok.com\/tag\/scratching?refer=embed\" rel=\"nofollow noopener\">#scratching<\/a> <a title=\"rouen\" target=\"_blank\" href=\"https:\/\/www.tiktok.com\/tag\/rouen?refer=embed\" rel=\"nofollow noopener\">#rouen<\/a> <a title=\"relax\" target=\"_blank\" href=\"https:\/\/www.tiktok.com\/tag\/relax?refer=embed\" rel=\"nofollow noopener\">#relax<\/a> <a title=\"papouille\" target=\"_blank\" href=\"https:\/\/www.tiktok.com\/tag\/papouille?refer=embed\" rel=\"nofollow noopener\">#papouille<\/a> <\/p>\n<p> <a target=\"_blank\" title=\"\u266c Sparrows, strong wind noise [April, late afternoon, garden](1546454) - Takeshi Shono\" href=\"https:\/\/www.tiktok.com\/music\/Sparrows-strong-wind-noise-April-late-afternoon-garden-1546454-7369294718197516304?refer=embed\" rel=\"nofollow noopener\">\u266c Sparrows, strong wind noise [April, late afternoon, garden](1546454) \u2013 Takeshi Shono<\/a> <\/p>\n<\/blockquote>\n<p class=\" wall-content\">C\u2019est d\u2019ailleurs via les r\u00e9seaux sociaux, sur TikTok ou sa page Instagram, qu\u2019elle prend les rendez-vous en messages priv\u00e9s. \u00ab\u2009Je me rends au domicile de la cliente avec ma table de massage et mon mat\u00e9riel\u2009\u00bb, explique Jade. Concernant sa zone d\u2019action, elle se d\u00e9place <strong>jusqu\u2019\u00e0 30 minutes autour de Rouen.<\/strong><\/p>\n<p>Son carnet de rendez-vous d\u00e9j\u00e0 rempli<\/p>\n<p class=\" wall-content\">La jeune femme, qui travaille dans le milieu du soin, g\u00e8re cette double activit\u00e9 sur son temps libre, pr\u00e9cisant avoir \u00ab\u2009un planning assez souple.\u2009\u00bb<\/p>\n<p class=\" wall-content\">L\u2019id\u00e9e des papouilles lui est venue de ses copines. \u00ab\u2009Souvent, elles me demandaient de leur en faire et elles me disaient qu\u2019elles \u00e9taient pr\u00eates \u00e0 payer pour \u00e7a\u2009\u00bb, confie Jade en souriant.\u00a0Concernant le tarif, elle propose deux forfaits\u2009: <strong>20\u00a0euros les 30\u00a0minutes<\/strong> et <strong>40\u00a0euros l\u2019heure.<\/strong><\/p>\n<p>Votre r\u00e9gion, votre actu !<\/p>\n<p>Recevez chaque jour les infos qui comptent pour vous.<\/p>\n<p>\t<a href=\"https:\/\/actu.fr\/newsletter\" class=\"ac-btn ac-btn--corner ac-btn--medium ac-btn--blue800\" rel=\"nofollow noopener\" target=\"_blank\">S&rsquo;incrire<\/a><\/p>\n<p class=\" wall-content\">Depuis le lancement de son activit\u00e9, son agenda de rendez-vous est d\u00e9j\u00e0 bien rempli. \u00ab\u2009J\u2019ai beaucoup de demandes, surtout \u00e0 la reprise apr\u00e8s les vacances\u2009\u00bb, souligne Jade. La jeune femme n\u2019a pas tort\u2009: c\u2019est vrai qu\u2019on manque un peu tous de papouilles.<\/p>\n<p>Suivez l\u2019actualit\u00e9 de Rouen sur <a href=\"https:\/\/www.whatsapp.com\/channel\/0029VaKfnf99hXF2ddApFB1D\" rel=\"nofollow noopener\" target=\"_blank\">notre cha\u00eene WhatsApp<\/a> et sur <a href=\"https:\/\/www.tiktok.com\/@76actu.fr?lang=fr\" rel=\"nofollow noopener\" target=\"_blank\">notre compte TikTok<\/a><\/p>\n<p>Les pages <a href=\"https:\/\/www.tiktok.com\/@la.papouillerie.r\" rel=\"nofollow noopener\" target=\"_blank\">Tik Tok<\/a> et <a href=\"https:\/\/www.instagram.com\/lapapouillerie76\/\" rel=\"nofollow noopener\" target=\"_blank\">Instagram<\/a> de La Papouillerie Rouennaise<\/p>\n<p class=\" wall-content\">Personnalisez votre actualit\u00e9 en ajoutant vos villes et m\u00e9dias en favori avec <a href=\"https:\/\/moncompte.actu.fr\" title=\"D\u00e9couvez Mon Actu\" rel=\"nofollow noopener\" data-trk=\"{&quot;cta&quot;:{&quot;action&quot;:&quot;https:\\\/\\\/moncompte.actu.fr&quot;,&quot;category&quot;:&quot;mon compte&quot;,&quot;from&quot;:&quot;article footer&quot;,&quot;name&quot;:&quot;Mon actu&quot;,&quot;type&quot;:&quot;cta&quot;}}\" target=\"_blank\">Mon Actu<\/a>.<\/p>\n<p>                    <script async src=\"\/\/www.instagram.com\/embed.js\"><\/script><script async src=\"\/\/www.tiktok.com\/embed.js\"><\/script><\/p>\n","protected":false},"excerpt":{"rendered":"Par Adrien Filoche Publi\u00e9 le 21 ao\u00fbt 2025 \u00e0 20h06 \u00ab\u2009De mani\u00e8re g\u00e9n\u00e9rale, on manque de papouilles.\u2009\u00bb En&hellip;\n","protected":false},"author":2,"featured_media":334528,"comment_status":"","ping_status":"","sticky":false,"template":"","format":"standard","meta":{"footnotes":""},"categories":[9587],"tags":[1111,11,1777,674,1011,27,1757,12,5161,25,9590],"class_list":{"0":"post-334527","1":"post","2":"type-post","3":"status-publish","4":"format-standard","5":"has-post-thumbnail","7":"category-rouen","8":"tag-actu","9":"tag-actualites","10":"tag-eu","11":"tag-europe","12":"tag-fr","13":"tag-france","14":"tag-insolite","15":"tag-news","16":"tag-normandie","17":"tag-republique-francaise","18":"tag-rouen"},"share_on_mastodon":{"url":"https:\/\/pubeurope.com\/@fr\/115068186366572040","error":""},"_links":{"self":[{"href":"https:\/\/www.europesays.com\/fr\/wp-json\/wp\/v2\/posts\/334527","targetHints":{"allow":["GET"]}}],"collection":[{"href":"https:\/\/www.europesays.com\/fr\/wp-json\/wp\/v2\/posts"}],"about":[{"href":"https:\/\/www.europesays.com\/fr\/wp-json\/wp\/v2\/types\/post"}],"author":[{"embeddable":true,"href":"https:\/\/www.europesays.com\/fr\/wp-json\/wp\/v2\/users\/2"}],"replies":[{"embeddable":true,"href":"https:\/\/www.europesays.com\/fr\/wp-json\/wp\/v2\/comments?post=334527"}],"version-history":[{"count":0,"href":"https:\/\/www.europesays.com\/fr\/wp-json\/wp\/v2\/posts\/334527\/revisions"}],"wp:featuredmedia":[{"embeddable":true,"href":"https:\/\/www.europesays.com\/fr\/wp-json\/wp\/v2\/media\/334528"}],"wp:attachment":[{"href":"https:\/\/www.europesays.com\/fr\/wp-json\/wp\/v2\/media?parent=334527"}],"wp:term":[{"taxonomy":"category","embeddable":true,"href":"https:\/\/www.europesays.com\/fr\/wp-json\/wp\/v2\/categories?post=334527"},{"taxonomy":"post_tag","embeddable":true,"href":"https:\/\/www.europesays.com\/fr\/wp-json\/wp\/v2\/tags?post=334527"}],"curies":[{"name":"wp","href":"https:\/\/api.w.org\/{rel}","templated":true}]}}