{"id":334531,"date":"2025-08-21T18:33:22","date_gmt":"2025-08-21T18:33:22","guid":{"rendered":"https:\/\/www.europesays.com\/fr\/334531\/"},"modified":"2025-08-21T18:33:22","modified_gmt":"2025-08-21T18:33:22","slug":"club-robotique-planete-sciences-grenoble-2e-semestre-2025-2026-echosciences","status":"publish","type":"post","link":"https:\/\/www.europesays.com\/fr\/334531\/","title":{"rendered":"Club Robotique &#8211; Plan\u00e8te Sciences &#8211; Grenoble 2e semestre 2025-2026 | ECHOSCIENCES"},"content":{"rendered":"<p>      <b>Du 17 septembre 2025 au 28 f\u00e9vrier 2026, de 10h \u00e0 12h\u00a0pour les 8 \u00e0 10 ans et de 14h \u00e0 16h pour 11-14ans.\u00a0<\/b><\/p>\n<p>Club hebdomadaire tous les mercredis  sauf en p\u00e9riode de vacances scolaires, encadr\u00e9s par un animateur sp\u00e9cialis\u00e9, les jeunes pourront d\u00e9couvrir la robotique et toutes ses dimensions puis r\u00e9aliser un projet en commun afin de prendre part au concours de la Coupe de France de Robotique Junior. Ce club est ouvert aux d\u00e9butants comme aux passionn\u00e9s de robotique. <\/p>\n<p><strong>Horaires : <\/strong>10h \u2013 12h ou 14h &#8211; 16h<\/p>\n<p><b>1\u00e9re s\u00e9ance le :<\/b>\u00a017 septembre 2025\u00a0<\/p>\n<p><strong>Lieu du stage : <\/strong>Locaux de Plan\u00e8te Sciences\u00a0\u00a0<\/p>\n<p>48 avenue washington &#8211; 38100 Grenoble<\/p>\n<p><strong>Tel :<\/strong> 07 68 17 82 08<\/p>\n<p><b>Lien d&rsquo;inscription sur Hello Asso :\u00a0<\/b><\/p>\n<p>8 &#8211; 10 ans :\u00a0\u00a0<a href=\"https:\/\/www.helloasso.com\/associations\/planete-sciences-auvergne-rhone-alpes\/evenements\/club-robotique-grenoble-8-10-ans-primaire-2e-semestre-2025-2026\" rel=\"nofollow noopener\" target=\"_blank\">https:\/\/www.helloasso.com\/asso&#8230;<\/a><\/p>\n<p>11 &#8211; 14 ans :\u00a0<a href=\"https:\/\/www.helloasso.com\/associations\/planete-sciences-auvergne-rhone-alpes\/evenements\/club-robotique\" rel=\"nofollow noopener\" target=\"_blank\">https:\/\/www.helloasso.com\/asso&#8230;<\/a><\/p>\n","protected":false},"excerpt":{"rendered":"Du 17 septembre 2025 au 28 f\u00e9vrier 2026, de 10h \u00e0 12h\u00a0pour les 8 \u00e0 10 ans et&hellip;\n","protected":false},"author":2,"featured_media":334532,"comment_status":"","ping_status":"","sticky":false,"template":"","format":"standard","meta":{"footnotes":""},"categories":[9566],"tags":[1111,11,2430,1777,674,1011,27,2731,12,25],"class_list":{"0":"post-334531","1":"post","2":"type-post","3":"status-publish","4":"format-standard","5":"has-post-thumbnail","7":"category-grenoble","8":"tag-actu","9":"tag-actualites","10":"tag-auvergne-rhone-alpes","11":"tag-eu","12":"tag-europe","13":"tag-fr","14":"tag-france","15":"tag-grenoble","16":"tag-news","17":"tag-republique-francaise"},"share_on_mastodon":{"url":"https:\/\/pubeurope.com\/@fr\/115068194211430541","error":""},"_links":{"self":[{"href":"https:\/\/www.europesays.com\/fr\/wp-json\/wp\/v2\/posts\/334531","targetHints":{"allow":["GET"]}}],"collection":[{"href":"https:\/\/www.europesays.com\/fr\/wp-json\/wp\/v2\/posts"}],"about":[{"href":"https:\/\/www.europesays.com\/fr\/wp-json\/wp\/v2\/types\/post"}],"author":[{"embeddable":true,"href":"https:\/\/www.europesays.com\/fr\/wp-json\/wp\/v2\/users\/2"}],"replies":[{"embeddable":true,"href":"https:\/\/www.europesays.com\/fr\/wp-json\/wp\/v2\/comments?post=334531"}],"version-history":[{"count":0,"href":"https:\/\/www.europesays.com\/fr\/wp-json\/wp\/v2\/posts\/334531\/revisions"}],"wp:featuredmedia":[{"embeddable":true,"href":"https:\/\/www.europesays.com\/fr\/wp-json\/wp\/v2\/media\/334532"}],"wp:attachment":[{"href":"https:\/\/www.europesays.com\/fr\/wp-json\/wp\/v2\/media?parent=334531"}],"wp:term":[{"taxonomy":"category","embeddable":true,"href":"https:\/\/www.europesays.com\/fr\/wp-json\/wp\/v2\/categories?post=334531"},{"taxonomy":"post_tag","embeddable":true,"href":"https:\/\/www.europesays.com\/fr\/wp-json\/wp\/v2\/tags?post=334531"}],"curies":[{"name":"wp","href":"https:\/\/api.w.org\/{rel}","templated":true}]}}