{"id":334552,"date":"2025-08-21T18:44:13","date_gmt":"2025-08-21T18:44:13","guid":{"rendered":"https:\/\/www.europesays.com\/fr\/334552\/"},"modified":"2025-08-21T18:44:13","modified_gmt":"2025-08-21T18:44:13","slug":"pres-de-bordeaux-un-salon-du-chiot-cree-la-polemique-chez-les-defenseurs-de-la-cause-animale","status":"publish","type":"post","link":"https:\/\/www.europesays.com\/fr\/334552\/","title":{"rendered":"Pr\u00e8s de Bordeaux, un salon du chiot cr\u00e9e la pol\u00e9mique chez les d\u00e9fenseurs de la cause animale"},"content":{"rendered":"<p>            Par<br \/>\n        <strong><br \/>\n            <a href=\"https:\/\/actu.fr\/auteur\/charlotte-lesprit\" title=\"Consulter tous les articles de Charlotte Lesprit\" rel=\"nofollow noopener\" target=\"_blank\">Charlotte Lesprit<\/a><br \/>\n        <\/strong><\/p>\n<p>        Publi\u00e9 le<\/p>\n<p>            21 ao\u00fbt 2025 \u00e0 20h12        <\/p>\n<p>Bien que la vente d\u2019animaux en animalerie soit d\u00e9sormais interdite, les salons du chiot perdurent, provoquant l\u2019incompr\u00e9hension de nombreuses associations. C\u2019est notamment le cas en Gironde, o\u00f9 un tel \u00e9v\u00e9nement se tiendra<strong> les 30 et 31\u00a0ao\u00fbt 2025 \u00e0 Pessac<\/strong>, suscitant une certaine pol\u00e9mique parmi les d\u00e9fenseurs de <a href=\"https:\/\/actu.fr\/normandie\/trevieres_14711\/mobilise-pour-la-cause-animale-steve-deborde-didees-pour-sauver-les-animaux-abandonnes-de-trevieres_61346987.html\" rel=\"nofollow noopener\" target=\"_blank\">la cause animale<\/a>. L\u2019association Argos 42 a d\u2019ailleurs lanc\u00e9 une p\u00e9tition en ligne contre le salon, qui a d\u00e9j\u00e0 rassembl\u00e9<strong> plus de 20\u2009000 signatures<\/strong> en moins de 48\u00a0heures.<\/p>\n<p class=\" wall-content\">\u00c0 la ferme de Tartifume, qui accueillera le salon, on affirme que \u00ab\u2009les services v\u00e9t\u00e9rinaires ont donn\u00e9 leur accord et que tout est en r\u00e8gle\u2009\u00bb. En effet, l\u2019organisation de ce type d\u2019\u00e9v\u00e9nement est tout \u00e0 fait autoris\u00e9e. Une <strong>situation \u00ab\u2009paradoxale\u2009\u00bb<\/strong> pour Baptiste Praud, pr\u00e9sident d\u2019<a href=\"https:\/\/www.association-argos42.com\/\" rel=\"nofollow noopener\" target=\"_blank\">Argos 42<\/a>, une association de protection animale dont le si\u00e8ge social se situe dans la Loire, entre Saint-Etienne et Lyon, mais dont les alertes et signalements arrivent de toute la France.<\/p>\n<p>Des refuges d\u00e9j\u00e0 bond\u00e9s<\/p>\n<p class=\" wall-content\">En effet, pour Baptiste Praud la tenue de cet \u00e9v\u00e9nement en Gironde est totalement incoh\u00e9rente pour une raison principale\u2009: \u00ab\u2009Il est d\u00e9j\u00e0 scandaleux que se tiennent toute l\u2019ann\u00e9e des salons du chiot mais encore plus l\u2019\u00e9t\u00e9, <a href=\"https:\/\/actu.fr\/occitanie\/pollestres_66144\/jusqu-a-20-abandons-chaque-jour-le-cri-du-coeur-d-un-refuge-des-pyrenees-orientales-completement-sature_63062219.html\" rel=\"nofollow noopener\" target=\"_blank\">p\u00e9riode durant laquelle les refuges d\u00e9bordent<\/a> et dont <strong>les vagues d\u2019abandon sont massives<\/strong>. L\u00e0, on va vendre des animaux comme on pourrait vendre des fruits et l\u00e9gumes\u2009\u00bb, d\u00e9nonce-t-il.<\/p>\n<p class=\" wall-content\">Des critiques que r\u00e9fute Steeve Murillo, organisateur de l\u2019\u00e9v\u00e9nement via sa jeune soci\u00e9t\u00e9 <a href=\"https:\/\/salon-du-chiot-et-du-chat.com\/\" rel=\"nofollow noopener\" target=\"_blank\">April Events<\/a>. \u00ab\u2009J\u2019encourage les associations \u00e0 nous appeler\u2009\u00bb, plaide-t-il au t\u00e9l\u00e9phone. \u00ab\u2009Nous d\u00e9fendons aussi<strong> le bien-\u00eatre animal<\/strong> et souhaitons collaborer avec elles\u2009\u00bb, ajoute-t-il. Conscient de la surpopulation dans les refuges, il affirme vouloir les soutenir et dit s\u2019interroger sur la possibilit\u00e9 d\u2019offrir un stand \u00e0 la<a href=\"https:\/\/actu.fr\/normandie\/cabourg_14117\/le-refuge-de-la-spa-en-quete-de-belles-rencontres-pour-tout-un-week-end-de-portes-ouvertes_62683019.html\" rel=\"nofollow noopener\" target=\"_blank\"> Soci\u00e9t\u00e9 protectrice des animaux<\/a> (SPA).<\/p>\n<p>Des dons pour les associations locales<\/p>\n<p class=\" wall-content\">Lui-m\u00eame \u00e9leveur de huskys et de la\u00efka de Yakoutie en Touraine, Steeve Murillo explique avoir mis en place un syst\u00e8me de dons pour les associations locales lors de ces pr\u00e9c\u00e9dents \u00e9v\u00e9nements. Pour cela, chaque acheteur verse, en plus du prix du chien, une <strong>contribution de 20\u00a0euros<\/strong> qui sera redistribu\u00e9e aux associations locales. Des bracelets dits \u00ab\u2009solidaires\u2009\u00bb seront \u00e9galement mis en vente les 30 et 31\u00a0ao\u00fbt \u00e0 Pessac. \u00ab\u2009Lors des salons organis\u00e9s \u00e0 Tours et Orl\u00e9ans, nous avons r\u00e9colt\u00e9 aux alentours de 2\u2009500\u00a0euros de dons\u2009\u00bb, pr\u00e9cise-t-il.<\/p>\n<blockquote class=\"ac-article-quote wall-content\">\n<p>\u00ab\u2009Si les \u00e9leveurs arr\u00eatent leur travail, que font-ils des chiens de leur \u00e9levage\u2009?\u2009\u00bb interroge Steeve Murillo<\/p>\n<p>    <strong>Steeve Murillo<\/strong><br \/>\n        \u00e9leveur de chiens en Indre-et-Loire et organisateur du salon du chiot \u00e0 Pessac    <\/p><\/blockquote>\n<p class=\" wall-content\">Par ailleurs, l\u2019organisateur du salon du chiot qui se tiendra \u00e0 Pessac estime que les chiens des refuges ne sont pas forc\u00e9ment les chiens de race. \u00ab\u2009Il s\u2019agit souvent de croisements faits par des particuliers. Si les gens mettent le prix, ce n\u2019est pas pour les abandonner derri\u00e8re\u2009\u00bb, avance-t-il.<\/p>\n<p>Votre r\u00e9gion, votre actu !<\/p>\n<p>Recevez chaque jour les infos qui comptent pour vous.<\/p>\n<p>\t<a href=\"https:\/\/actu.fr\/newsletter\" class=\"ac-btn ac-btn--corner ac-btn--medium ac-btn--blue800\" rel=\"nofollow noopener\" target=\"_blank\">S&rsquo;incrire<\/a><br \/>\n\u00ab\u2009Une adoption, c\u2019est une connexion\u2009\u00bb<\/p>\n<p class=\" wall-content\">La r\u00e9ponse est tout autre pour Baptiste Praud\u2009: \u00ab\u2009Ces salons sont des supercheries faites pour que les gens aient envie de craquer. Ceux qui pourraient se dire vouloir les acheter pour les sauver doivent bien comprendre que chaque chiot achet\u00e9, ce sont d\u2019autres chiots qui vont \u00eatre produits<strong> comme \u00e0 l\u2019usine<\/strong> par la suite.\u2009\u00bb \u00ab\u2009Une adoption, c\u2019est une connexion mais c\u2019est aussi sauver deux vies\u2009: un animal en refuge, plus un qui prendra sa place dans le box\u2009\u00bb, ajoute-t-il.<\/p>\n<blockquote class=\"ac-article-quote wall-content\">\n<p>\u00ab\u2009Certains \u00e9levages sont plus respectueux mais cela reste du business et de la marchandisation.\u2009\u00bb<\/p>\n<p>    <strong>Baptiste Praud<\/strong><br \/>\n        pr\u00e9sident d\u2019Argos 42    <\/p><\/blockquote>\n<p class=\" wall-content\">Autre point de d\u00e9saccord. En effet, Steeve Murillo certifie \u00ab\u2009travailler avec des<strong> \u00e9leveurs consciencieux<\/strong>\u2009\u00bb. \u00c0 Pessac, ils seront une quinzaine \u00e0 venir de toute la France et le fondateur d\u2019April Events l\u2019affirme\u2009: \u00ab\u2009Nous ne sommes pas un salon du chiot comme les autres.\u2009\u00bb<\/p>\n<p class=\" wall-content\">Contact\u00e9e par <a href=\"https:\/\/actu.fr\/bordeaux\/\" rel=\"nofollow noopener\" target=\"_blank\">actu Bordeaux<\/a>, la mairie de Pessac n\u2019a pas encore r\u00e9pondu \u00e0 nos sollicitations concernant la tenue de ce salon du chiot dans la commune. Si ce type d\u2019\u00e9v\u00e9nement reste l\u00e9gal, il soul\u00e8ve des interrogations \u00e9thiques, d\u2019autant plus que la vente de chiens et chats en animalerie est d\u00e9sormais interdite en France depuis 2024. Une mesure qui visait \u00e0 lutter contre l\u2019achat impulsif et l\u2019abandon, alors que les salons du chiot, eux, continuent d\u2019exister.<\/p>\n<p class=\" wall-content\">Personnalisez votre actualit\u00e9 en ajoutant vos villes et m\u00e9dias en favori avec <a href=\"https:\/\/moncompte.actu.fr\" title=\"D\u00e9couvez Mon Actu\" rel=\"nofollow noopener\" data-trk=\"{&quot;cta&quot;:{&quot;action&quot;:&quot;https:\\\/\\\/moncompte.actu.fr&quot;,&quot;category&quot;:&quot;mon compte&quot;,&quot;from&quot;:&quot;article footer&quot;,&quot;name&quot;:&quot;Mon actu&quot;,&quot;type&quot;:&quot;cta&quot;}}\" target=\"_blank\">Mon Actu<\/a>.<\/p>\n","protected":false},"excerpt":{"rendered":"Par Charlotte Lesprit Publi\u00e9 le 21 ao\u00fbt 2025 \u00e0 20h12 Bien que la vente d\u2019animaux en animalerie soit&hellip;\n","protected":false},"author":2,"featured_media":334553,"comment_status":"","ping_status":"","sticky":false,"template":"","format":"standard","meta":{"footnotes":""},"categories":[2817],"tags":[1111,11,1867,1997,1777,674,1011,27,12,2219,25,104],"class_list":{"0":"post-334552","1":"post","2":"type-post","3":"status-publish","4":"format-standard","5":"has-post-thumbnail","7":"category-bordeaux","8":"tag-actu","9":"tag-actualites","10":"tag-animaux","11":"tag-bordeaux","12":"tag-eu","13":"tag-europe","14":"tag-fr","15":"tag-france","16":"tag-news","17":"tag-nouvelle-aquitaine","18":"tag-republique-francaise","19":"tag-societe"},"share_on_mastodon":{"url":"https:\/\/pubeurope.com\/@fr\/115068237500690103","error":""},"_links":{"self":[{"href":"https:\/\/www.europesays.com\/fr\/wp-json\/wp\/v2\/posts\/334552","targetHints":{"allow":["GET"]}}],"collection":[{"href":"https:\/\/www.europesays.com\/fr\/wp-json\/wp\/v2\/posts"}],"about":[{"href":"https:\/\/www.europesays.com\/fr\/wp-json\/wp\/v2\/types\/post"}],"author":[{"embeddable":true,"href":"https:\/\/www.europesays.com\/fr\/wp-json\/wp\/v2\/users\/2"}],"replies":[{"embeddable":true,"href":"https:\/\/www.europesays.com\/fr\/wp-json\/wp\/v2\/comments?post=334552"}],"version-history":[{"count":0,"href":"https:\/\/www.europesays.com\/fr\/wp-json\/wp\/v2\/posts\/334552\/revisions"}],"wp:featuredmedia":[{"embeddable":true,"href":"https:\/\/www.europesays.com\/fr\/wp-json\/wp\/v2\/media\/334553"}],"wp:attachment":[{"href":"https:\/\/www.europesays.com\/fr\/wp-json\/wp\/v2\/media?parent=334552"}],"wp:term":[{"taxonomy":"category","embeddable":true,"href":"https:\/\/www.europesays.com\/fr\/wp-json\/wp\/v2\/categories?post=334552"},{"taxonomy":"post_tag","embeddable":true,"href":"https:\/\/www.europesays.com\/fr\/wp-json\/wp\/v2\/tags?post=334552"}],"curies":[{"name":"wp","href":"https:\/\/api.w.org\/{rel}","templated":true}]}}