{"id":334554,"date":"2025-08-21T18:45:10","date_gmt":"2025-08-21T18:45:10","guid":{"rendered":"https:\/\/www.europesays.com\/fr\/334554\/"},"modified":"2025-08-21T18:45:10","modified_gmt":"2025-08-21T18:45:10","slug":"15-hectares-detruits-dans-un-incendie-pres-de-toulouse-quatre-camion-citernes-interviennent","status":"publish","type":"post","link":"https:\/\/www.europesays.com\/fr\/334554\/","title":{"rendered":"15 hectares d\u00e9truits dans un incendie pr\u00e8s de Toulouse : quatre camion-citernes interviennent"},"content":{"rendered":"<p>            Par<br \/>\n        <strong><br \/>\n            <a href=\"https:\/\/actu.fr\/auteur\/anaelle-montagne\" title=\"Consulter tous les articles de Anaelle Montagne\" rel=\"nofollow noopener\" target=\"_blank\">Anaelle Montagne<\/a><br \/>\n        <\/strong><\/p>\n<p>        Publi\u00e9 le<\/p>\n<p>            21 ao\u00fbt 2025 \u00e0 19h46        <\/p>\n<p>Le village de <a href=\"https:\/\/actu.fr\/occitanie\/lasserre-pradere_31277\" rel=\"nofollow noopener\" target=\"_blank\">Lasserre-Prad\u00e8re<\/a> et ses 1 500 \u00e2mes se sont fait une belle frayeur, ce jeudi 21 ao\u00fbt. \u00c0 13h30, les pompiers ont \u00e9t\u00e9 appel\u00e9s pour intervenir dans la commune situ\u00e9e pr\u00e8s de L\u00e9guevin, pour un <strong>feu d\u2019herbe et de broussaille<\/strong>.\u00a0<\/p>\n<p>    <a href=\"https:\/\/www.google.com\/maps\/embed?pb=!1m18!1m12!1m3!1d79998.61413405654!2d1.2027917947673346!3d43.62045417711649!2m3!1f0!2f0!3f0!3m2!1i1024!2i768!4f13.1!3m3!1m2!1s0x12a9528727c10847%3A0x975872b018c33995!2s31530%20Lasserre-Prad%C3%A8re!5e0!3m2!1sen!2sfr!4v1755797271364!5m2!1sen!2sfr\" title=\"Ouvrie le lien\" rel=\"nofollow noopener\" target=\"_blank\">Cliquez ici pour visualiser le contenu<\/a><\/p>\n<p class=\" wall-content\">Sur place, les pompiers d\u00e9couvrent que l\u2019incendie s\u2019est propag\u00e9 et pour \u00e9viter qu\u2019il ne continue de le faire, ils proc\u00e8dent \u00e0 la <strong>protection de points sensibles<\/strong>. Ils luttent en parall\u00e8le contre l\u2019incendie au moyen de<strong> lances \u00e0 eau<\/strong>.<\/p>\n<p>15 hectares partis en fum\u00e9e<\/p>\n<p class=\" wall-content\">Au total, \u00ab\u00a0la surface impact\u00e9e est d\u2019environ 15 hectares\u00a0\u00bb, pr\u00e9cise le SDIS de Haute-Garonne. <strong>18 sapeurs-pompiers et quatre camion-citernes<\/strong> ont \u00e9t\u00e9 d\u00e9ploy\u00e9s pour venir \u00e0 bout des flammes. Personne n\u2019a \u00e9t\u00e9 bless\u00e9.<\/p>\n<p class=\" wall-content\">Personnalisez votre actualit\u00e9 en ajoutant vos villes et m\u00e9dias en favori avec <a href=\"https:\/\/moncompte.actu.fr\" title=\"D\u00e9couvez Mon Actu\" rel=\"nofollow noopener\" data-trk=\"{&quot;cta&quot;:{&quot;action&quot;:&quot;https:\\\/\\\/moncompte.actu.fr&quot;,&quot;category&quot;:&quot;mon compte&quot;,&quot;from&quot;:&quot;article footer&quot;,&quot;name&quot;:&quot;Mon actu&quot;,&quot;type&quot;:&quot;cta&quot;}}\" target=\"_blank\">Mon Actu<\/a>.<\/p>\n","protected":false},"excerpt":{"rendered":"Par Anaelle Montagne Publi\u00e9 le 21 ao\u00fbt 2025 \u00e0 19h46 Le village de Lasserre-Prad\u00e8re et ses 1 500&hellip;\n","protected":false},"author":2,"featured_media":315781,"comment_status":"","ping_status":"","sticky":false,"template":"","format":"standard","meta":{"footnotes":""},"categories":[2816],"tags":[1111,11,1777,674,118,1011,27,1310,12,2680,25,2312],"class_list":{"0":"post-334554","1":"post","2":"type-post","3":"status-publish","4":"format-standard","5":"has-post-thumbnail","7":"category-toulouse","8":"tag-actu","9":"tag-actualites","10":"tag-eu","11":"tag-europe","12":"tag-faits-divers","13":"tag-fr","14":"tag-france","15":"tag-incendie","16":"tag-news","17":"tag-occitanie","18":"tag-republique-francaise","19":"tag-toulouse"},"share_on_mastodon":{"url":"https:\/\/pubeurope.com\/@fr\/115068241499245713","error":""},"_links":{"self":[{"href":"https:\/\/www.europesays.com\/fr\/wp-json\/wp\/v2\/posts\/334554","targetHints":{"allow":["GET"]}}],"collection":[{"href":"https:\/\/www.europesays.com\/fr\/wp-json\/wp\/v2\/posts"}],"about":[{"href":"https:\/\/www.europesays.com\/fr\/wp-json\/wp\/v2\/types\/post"}],"author":[{"embeddable":true,"href":"https:\/\/www.europesays.com\/fr\/wp-json\/wp\/v2\/users\/2"}],"replies":[{"embeddable":true,"href":"https:\/\/www.europesays.com\/fr\/wp-json\/wp\/v2\/comments?post=334554"}],"version-history":[{"count":0,"href":"https:\/\/www.europesays.com\/fr\/wp-json\/wp\/v2\/posts\/334554\/revisions"}],"wp:featuredmedia":[{"embeddable":true,"href":"https:\/\/www.europesays.com\/fr\/wp-json\/wp\/v2\/media\/315781"}],"wp:attachment":[{"href":"https:\/\/www.europesays.com\/fr\/wp-json\/wp\/v2\/media?parent=334554"}],"wp:term":[{"taxonomy":"category","embeddable":true,"href":"https:\/\/www.europesays.com\/fr\/wp-json\/wp\/v2\/categories?post=334554"},{"taxonomy":"post_tag","embeddable":true,"href":"https:\/\/www.europesays.com\/fr\/wp-json\/wp\/v2\/tags?post=334554"}],"curies":[{"name":"wp","href":"https:\/\/api.w.org\/{rel}","templated":true}]}}