{"id":334555,"date":"2025-08-21T18:46:19","date_gmt":"2025-08-21T18:46:19","guid":{"rendered":"https:\/\/www.europesays.com\/fr\/334555\/"},"modified":"2025-08-21T18:46:19","modified_gmt":"2025-08-21T18:46:19","slug":"championship-romeo-tropis-prolonge-avec-le-toulouse-olympique-rugby-a-xiii","status":"publish","type":"post","link":"https:\/\/www.europesays.com\/fr\/334555\/","title":{"rendered":"Championship &#8211; Rom\u00e9o Tropis prolonge avec le Toulouse Olympique &#8211; Rugby \u00e0 XIII"},"content":{"rendered":"<p style=\"text-align: justify;\"><strong>Le jeune espoir olympien, Rom\u00e9o Tropis, a d\u00e9cid\u00e9 de continuer l\u2019aventure avec le TO. Le centre a sign\u00e9 pour deux saisons suppl\u00e9mentaires.\u00a0<\/strong><\/p>\n<p style=\"text-align: justify;\">Le travail de fond entam2 par la r\u00e9serve du Toulouse Olympique porte ses fruits. Pass\u00e9 par le centre de formation du club du TO, Rom\u00e9o Tropis monte en puissance petit \u00e0 petit et commence \u00e0 se faire un nom. Utilis\u00e9 \u00e0 8 reprises et auteur de 2 essais cette saison, il engrange de l\u2019exp\u00e9rience et montre ses qualit\u00e9s.<\/p>\n<p>Rom\u00e9o Tropis<\/p>\n<p style=\"text-align: justify;\">Mesurant 1m85 et pesant 90 kg, \u00ab\u00a0Rom\u00e9o est la r\u00e9v\u00e9lation de cette saison\u00a0\u00bb selon son entraineur Sylvain Houles. Il ajoute que \u00ab\u00a0c\u2019est un athl\u00e8te hors pair, un gros travailleur qui ne demande qu\u2019\u00e0 progresser\u00a0\u00bb. Ceci nous montre bien qu\u2019il est dot\u00e9 d\u2019un \u00e9tat d\u2019esprit irr\u00e9prochable et que l\u2019on souhaite travailler avec lui dans la dur\u00e9e. C\u00f4t\u00e9 technique, il n\u2019est pas en reste. Cette saison, il a \u00e9t\u00e9 capable d\u2019\u00eatre d\u00e9cisif en Championship \u00e0 plusieurs reprises, soit par la passe (pour Ashall-Bott) soit par la prise d\u2019intervalle pour aller en dame face \u00e0 Barrow.<\/p>\n<p style=\"text-align: justify;\">Il flaire les bons coups et est capable de faire basculer une rencontre m\u00eame dans le dernier quart d\u2019heure. Cela d\u00e9montre que son physique est \u00e0 la hauteur de sa technique. En d\u00e9fense, il est efficace et impliqu\u00e9. Il a su tout au long de la saison s\u2019adapter et hausser son niveau de jeu pour passer de junior \u00e0 int\u00e9grer le groupe pro. Cette marge de progression lui a d\u00e9j\u00e0 valu la signature d\u2019un contrat pro au mois de juillet 2025. Il confirme et se voit maintenant offrir un nouveau contrat pour les deux saisons \u00e0 venir.<\/p>\n<p>L\u2019ADN toulousain<\/p>\n<p style=\"text-align: justify;\">Le TO envoie un signe fort auX joueurS avec cette prolongation. Le club compte sur lui et ne veut surtout pas que les autres clubs l\u2019approchent. Le club s\u2019inscrit dans la formation et d\u00e9montre plus que jamais qu\u2019il souhaite faire un amalgame entre un noyau dur de joueurs fran\u00e7ais exp\u00e9riment\u00e9s ou en devenir et l\u2019apport de quelques \u00e9trangers pour les encadrer et\/ou les suppl\u00e9er. L\u2019identit\u00e9 toulousaine passe par la formation et la capacit\u00e9 \u00e0 faire confiance \u00e0 la jeune garde. Le moins que l\u2019on puisse dire, c\u2019est que cela fonctionne. Malgr\u00e9 une rel\u00e9gation en 2022 de la Super League, le club a continu\u00e9 de travailler avec le m\u00eame \u00e9tat d\u2019esprit. Et cela fonctionne puisqu\u2019il s\u2019est install\u00e9 dans le haut du classement de Championship. Cette situation fait du TO un s\u00e9rieux client pour la Super League la saison prochaine.<\/p>\n<p style=\"text-align: justify;\">La prolongation de Rom\u00e9o Tropis pour deux saisons suppl\u00e9mentaires, si proche de son premier contrat professionnel, d\u00e9montre que le TO souhaitait blinder sa p\u00e9pite et envoyer un signal fort. Le joueur, quant \u00e0 lui, se voit offrir la perspective de jouer au plus haut niveau dans les ann\u00e9es \u00e0 venir. C\u2019est ce que l\u2019on appelle du gagnant\/gagnant.<\/p>\n<blockquote class=\"instagram-media\" data-instgrm-captioned=\"\" data-instgrm-permalink=\"https:\/\/www.instagram.com\/p\/DNlVMSzoX35\/?utm_source=ig_embed&amp;utm_campaign=loading\" data-instgrm-version=\"14\" style=\" background:#FFF; border:0; border-radius:3px; box-shadow:0 0 1px 0 rgba(0,0,0,0.5),0 1px 10px 0 rgba(0,0,0,0.15); margin: 1px; max-width:500px; min-width:326px; padding:0; width:99.375%; width:-webkit-calc(100% - 2px); width:calc(100% - 2px);\">\n<\/blockquote>\n<p>        <script async src=\"\/\/www.instagram.com\/embed.js\"><\/script><\/p>\n","protected":false},"excerpt":{"rendered":"Le jeune espoir olympien, Rom\u00e9o Tropis, a d\u00e9cid\u00e9 de continuer l\u2019aventure avec le TO. Le centre a sign\u00e9&hellip;\n","protected":false},"author":2,"featured_media":334556,"comment_status":"","ping_status":"","sticky":false,"template":"","format":"standard","meta":{"footnotes":""},"categories":[2816],"tags":[1111,11,3500,1777,674,1011,27,12,2680,25,47181,2228,2229,2312,3502],"class_list":{"0":"post-334555","1":"post","2":"type-post","3":"status-publish","4":"format-standard","5":"has-post-thumbnail","7":"category-toulouse","8":"tag-actu","9":"tag-actualites","10":"tag-championship","11":"tag-eu","12":"tag-europe","13":"tag-fr","14":"tag-france","15":"tag-news","16":"tag-occitanie","17":"tag-republique-francaise","18":"tag-romeo-tropis","19":"tag-rugby-a-xiii","20":"tag-rugby-league","21":"tag-toulouse","22":"tag-toulouse-olympique"},"share_on_mastodon":{"url":"https:\/\/pubeurope.com\/@fr\/115068245373895190","error":""},"_links":{"self":[{"href":"https:\/\/www.europesays.com\/fr\/wp-json\/wp\/v2\/posts\/334555","targetHints":{"allow":["GET"]}}],"collection":[{"href":"https:\/\/www.europesays.com\/fr\/wp-json\/wp\/v2\/posts"}],"about":[{"href":"https:\/\/www.europesays.com\/fr\/wp-json\/wp\/v2\/types\/post"}],"author":[{"embeddable":true,"href":"https:\/\/www.europesays.com\/fr\/wp-json\/wp\/v2\/users\/2"}],"replies":[{"embeddable":true,"href":"https:\/\/www.europesays.com\/fr\/wp-json\/wp\/v2\/comments?post=334555"}],"version-history":[{"count":0,"href":"https:\/\/www.europesays.com\/fr\/wp-json\/wp\/v2\/posts\/334555\/revisions"}],"wp:featuredmedia":[{"embeddable":true,"href":"https:\/\/www.europesays.com\/fr\/wp-json\/wp\/v2\/media\/334556"}],"wp:attachment":[{"href":"https:\/\/www.europesays.com\/fr\/wp-json\/wp\/v2\/media?parent=334555"}],"wp:term":[{"taxonomy":"category","embeddable":true,"href":"https:\/\/www.europesays.com\/fr\/wp-json\/wp\/v2\/categories?post=334555"},{"taxonomy":"post_tag","embeddable":true,"href":"https:\/\/www.europesays.com\/fr\/wp-json\/wp\/v2\/tags?post=334555"}],"curies":[{"name":"wp","href":"https:\/\/api.w.org\/{rel}","templated":true}]}}