{"id":334578,"date":"2025-08-21T18:59:10","date_gmt":"2025-08-21T18:59:10","guid":{"rendered":"https:\/\/www.europesays.com\/fr\/334578\/"},"modified":"2025-08-21T18:59:10","modified_gmt":"2025-08-21T18:59:10","slug":"volodymyr-zelensky-accuse-la-russie-de-se-soustraire-a-lorganisation-dune-rencontre-avec-vladimir-poutine","status":"publish","type":"post","link":"https:\/\/www.europesays.com\/fr\/334578\/","title":{"rendered":"Volodymyr Zelensky accuse la Russie de se \u00ab\u00a0soustraire\u00a0\u00bb \u00e0 l&rsquo;organisation d&rsquo;une rencontre avec Vladimir Poutine"},"content":{"rendered":"<p>Le pr\u00e9sident ukrainien estime, ce jeudi 21 ao\u00fbt, que la Russie \u00ab\u00a0se soustrait \u00e0 la n\u00e9cessit\u00e9\u00a0\u00bb d&rsquo;une rencontre entre les deux pays. Selon lui, les signaux envoy\u00e9s \u00ab\u00a0sont ind\u00e9cents\u00a0\u00bb.<\/p>\n<p>Le <a href=\"https:\/\/www.bfmtv.com\/international\/europe\/ukraine\/volodymyr-zelensky-pret-a-rencontrer-vladimir-poutine-en-suisse-en-autriche-ou-en-turquie-apres-un-accord-sur-les-garanties-de-securite_AD-202508210202.html\" title=\"Volodymyr Zelensky pr\u00eat \u00e0 rencontrer Vladimir Poutine en Suisse, en Autriche ou en Turquie apr\u00e8s un accord sur les garanties de s\u00e9curit\u00e9\" class=\"internal_link\" rel=\"nofollow noopener\" target=\"_blank\">pr\u00e9sident ukrainien<\/a>, Volodymyr Zelensky, a accus\u00e9 ce jeudi 21 ao\u00fbt la Russie de chercher \u00e0 \u00ab\u00a0se soustraire\u00a0\u00bb \u00e0 la \u00ab\u00a0n\u00e9cessit\u00e9\u00a0\u00bb <a href=\"https:\/\/www.bfmtv.com\/international\/europe\/ukraine\/guerre-en-ukraine-vladimir-poutine-a-propose-a-donald-trump-de-rencontrer-volodymyr-zelensky-a-moscou_AN-202508190401.html\" title=\"Guerre en Ukraine: Vladimir Poutine a propos\u00e9 \u00e0 Donald Trump de rencontrer Volodymyr Zelensky  \u00e0 Moscou\" class=\"internal_link\" rel=\"nofollow noopener\" target=\"_blank\">d&rsquo;organiser une rencontre<\/a> avec le pr\u00e9sident Vladimir Poutine pour trouver une issue \u00e0 la guerre provoqu\u00e9e par l&rsquo;invasion russe.<\/p>\n<p>\u00ab\u00a0\u00c0 l&rsquo;heure actuelle, les signaux envoy\u00e9s par la Russie sont tout simplement ind\u00e9cents. Ils essaient de se soustraire \u00e0 la n\u00e9cessit\u00e9 d&rsquo;organiser une r\u00e9union\u00a0\u00bb, a accus\u00e9 <a href=\"https:\/\/www.bfmtv.com\/international\/europe\/ukraine\/date-lieu-participants-quels-contours-pour-une-rencontre-entre-volodymyr-zelensky-et-vladimir-poutine_AV-202508190237.html\" title=\"Date, lieu, participants\u2026 Quels contours pour une rencontre entre Volodymyr Zelensky et Vladimir Poutine?\" class=\"internal_link\" rel=\"nofollow noopener\" target=\"_blank\">Volodymyr Zelensky<\/a> dans son adresse quotidienne sur les r\u00e9seaux sociaux.<\/p>\n<p><strong>&gt;&gt; Plus d&rsquo;informations \u00e0 venir sur BFMTV.com&#8230;<\/strong><\/p>\n","protected":false},"excerpt":{"rendered":"Le pr\u00e9sident ukrainien estime, ce jeudi 21 ao\u00fbt, que la Russie \u00ab\u00a0se soustrait \u00e0 la n\u00e9cessit\u00e9\u00a0\u00bb d&rsquo;une rencontre&hellip;\n","protected":false},"author":2,"featured_media":334579,"comment_status":"","ping_status":"","sticky":false,"template":"","format":"standard","meta":{"footnotes":""},"categories":[1591],"tags":[11,1887,12,1885,1886,132],"class_list":{"0":"post-334578","1":"post","2":"type-post","3":"status-publish","4":"format-standard","5":"has-post-thumbnail","7":"category-russie","8":"tag-actualites","9":"tag-federation-de-russie","10":"tag-news","11":"tag-russia","12":"tag-russian-federation","13":"tag-russie"},"share_on_mastodon":{"url":"https:\/\/pubeurope.com\/@fr\/115068296540955437","error":""},"_links":{"self":[{"href":"https:\/\/www.europesays.com\/fr\/wp-json\/wp\/v2\/posts\/334578","targetHints":{"allow":["GET"]}}],"collection":[{"href":"https:\/\/www.europesays.com\/fr\/wp-json\/wp\/v2\/posts"}],"about":[{"href":"https:\/\/www.europesays.com\/fr\/wp-json\/wp\/v2\/types\/post"}],"author":[{"embeddable":true,"href":"https:\/\/www.europesays.com\/fr\/wp-json\/wp\/v2\/users\/2"}],"replies":[{"embeddable":true,"href":"https:\/\/www.europesays.com\/fr\/wp-json\/wp\/v2\/comments?post=334578"}],"version-history":[{"count":0,"href":"https:\/\/www.europesays.com\/fr\/wp-json\/wp\/v2\/posts\/334578\/revisions"}],"wp:featuredmedia":[{"embeddable":true,"href":"https:\/\/www.europesays.com\/fr\/wp-json\/wp\/v2\/media\/334579"}],"wp:attachment":[{"href":"https:\/\/www.europesays.com\/fr\/wp-json\/wp\/v2\/media?parent=334578"}],"wp:term":[{"taxonomy":"category","embeddable":true,"href":"https:\/\/www.europesays.com\/fr\/wp-json\/wp\/v2\/categories?post=334578"},{"taxonomy":"post_tag","embeddable":true,"href":"https:\/\/www.europesays.com\/fr\/wp-json\/wp\/v2\/tags?post=334578"}],"curies":[{"name":"wp","href":"https:\/\/api.w.org\/{rel}","templated":true}]}}