{"id":334588,"date":"2025-08-21T19:04:11","date_gmt":"2025-08-21T19:04:11","guid":{"rendered":"https:\/\/www.europesays.com\/fr\/334588\/"},"modified":"2025-08-21T19:04:11","modified_gmt":"2025-08-21T19:04:11","slug":"une-surface-record-plus-grande-que-la-corse-brulee-depuis-janvier","status":"publish","type":"post","link":"https:\/\/www.europesays.com\/fr\/334588\/","title":{"rendered":"Une surface record, plus grande que la Corse, br\u00fbl\u00e9e depuis janvier"},"content":{"rendered":"<p>Plus d\u2019un million d\u2019hectares ont br\u00fbl\u00e9 depuis le d\u00e9but de l\u2019ann\u00e9e\u00a02025 en <a href=\"https:\/\/www.20minutes.fr\/dossier\/europe\" class=\"c-link c-link--is-underlined\" rel=\"nofollow noopener\" target=\"_blank\">Europe<\/a>. Une ann\u00e9e d\u00e9j\u00e0 record alors que plusieurs incendies continuent de ravager <a href=\"https:\/\/www.20minutes.fr\/dossier\/espagne\" class=\"c-link c-link--is-underlined\" rel=\"nofollow noopener\" target=\"_blank\">l\u2019Espagne <\/a>et le <a href=\"https:\/\/www.20minutes.fr\/dossier\/portugal\" class=\"c-link c-link--is-underlined\" rel=\"nofollow noopener\" target=\"_blank\">Portugal<\/a>.<\/p>\n<p>Le bilan atteignait pr\u00e9cis\u00e9ment 1.015.731 hectares br\u00fbl\u00e9s jeudi \u00e0 la mi-journ\u00e9e, une superficie plus grande que la <a href=\"https:\/\/www.20minutes.fr\/dossier\/corse\" class=\"c-link c-link--is-underlined\" rel=\"nofollow noopener\" target=\"_blank\">Corse<\/a>, d\u00e9passant en moins de huit mois le pr\u00e9c\u00e9dent record de 988.524 hectares sur l\u2019ensemble de l\u2019ann\u00e9e\u00a02017.<\/p>\n<p>L\u2019Espagne le pays le plus touch\u00e9<\/p>\n<p>En plus de ce tableau global, calcul\u00e9 par l\u2019AFP \u00e0 partir des estimations par pays fournies par le syst\u00e8me europ\u00e9en d\u2019information sur les feux de for\u00eat (EFFIS), quatre pays de l\u2019Union europ\u00e9enne ont eux aussi d\u00e9j\u00e0 battu leur record annuel depuis vingt ans de relev\u00e9s\u00a0: l\u2019Espagne, <a href=\"https:\/\/www.20minutes.fr\/dossier\/chypre\" class=\"c-link c-link--is-underlined\" rel=\"nofollow noopener\" target=\"_blank\">Chypre<\/a>, l\u2019Allemagne et la <a href=\"https:\/\/www.20minutes.fr\/dossier\/slovaquie\" class=\"c-link c-link--is-underlined\" rel=\"nofollow noopener\" target=\"_blank\">Slovaquie<\/a>.<\/p>\n<p>En proie \u00e0 de nombreux feux dans l\u2019ouest du pays, ayant fait quatre morts, l\u2019Espagne est de loin le pays de l\u2019<a href=\"https:\/\/www.20minutes.fr\/dossier\/ue\" class=\"c-link c-link--is-underlined\" rel=\"nofollow noopener\" target=\"_blank\">Union europ\u00e9enne<\/a> le plus touch\u00e9 par les incendies, avec plus de 400.000 hectares (4.000 km2) partis en fum\u00e9e, soit pr\u00e8s de 40\u00a0% des surfaces br\u00fbl\u00e9es dans l\u2019UE cette ann\u00e9e.<\/p>\n<p>Quant au Portugal, il conserve son record de 563.530 hectares br\u00fbl\u00e9s en\u00a02017 (le maximum pour un pays de l\u2019UE), mais il n\u2019avait jamais atteint, \u00e0 la date du 21\u00a0ao\u00fbt, une telle superficie calcin\u00e9e. Les flammes ont d\u00e9j\u00e0 ravag\u00e9 plus de 274.000 ha de for\u00eat portugaise, causant la mort de trois personnes. En\u00a02017, les incendies avaient caus\u00e9 119 d\u00e9c\u00e8s dans le pays.<\/p>\n<p>Derri\u00e8re les deux pays ib\u00e9riques, suit la <a href=\"https:\/\/www.20minutes.fr\/dossier\/roumanie\" class=\"c-link c-link--is-underlined\" rel=\"nofollow noopener\" target=\"_blank\">Roumanie<\/a>, avec 126.000 ha br\u00fbl\u00e9s. En France, 35.600 hectares de for\u00eat ont \u00e9t\u00e9 r\u00e9duits en cendres, notamment dans l\u2019Aude ravag\u00e9e par un gigantesque incendie d\u00e9but ao\u00fbt.<\/p>\n<p>Dix d\u00e9c\u00e8s depuis le d\u00e9but de l\u2019ann\u00e9e en Europe<\/p>\n<p>Hors UE, le <a href=\"https:\/\/www.20minutes.fr\/monde\/royaume-uni\/\" class=\"c-link c-link--is-underlined\" rel=\"nofollow noopener\" target=\"_blank\">Royaume-Uni<\/a> conna\u00eet \u00e9galement d\u00e9j\u00e0 une ann\u00e9e record, apr\u00e8s des incendies au printemps, lors d\u2019une vague de chaleur pr\u00e9coce, ainsi que dans le nord de <a href=\"https:\/\/www.20minutes.fr\/dossier\/ecosse\" class=\"c-link c-link--is-underlined\" rel=\"nofollow noopener\" target=\"_blank\">l\u2019Ecosse <\/a>fin juin. Dans les Balkans, la Serbie enregistre aussi sa pire ann\u00e9e depuis le d\u00e9but des relev\u00e9s.<\/p>\n<p>Ces estimations d\u2019EFFIS, un indicateur de l\u2019observatoire europ\u00e9en Copernicus, prennent uniquement en compte les incendies ayant br\u00fbl\u00e9 au moins 30 hectares.<\/p>\n<\/p>\n<p>Entre d\u00e9but janvier et le 19\u00a0ao\u00fbt, les feux de for\u00eat dans 22 des 27 pays de l\u2019UE avaient \u00e9mis 35 m\u00e9gatonnes de dioxyde de carbone (CO2), un niveau in\u00e9dit \u00e0 ce stade de l\u2019ann\u00e9e, selon EFFIS, laissant pr\u00e9sager un d\u00e9passement du record annuel de 41 m\u00e9gatonnes \u00e9tabli en\u00a02017.<\/p>\n<p>Cette ann\u00e9e-l\u00e0, les incendies avaient tu\u00e9 plus de 200 personnes dans l\u2019UE, notamment au Portugal, en Italie, en Espagne et en France. En\u00a02025, deux personnes sont d\u00e9c\u00e9d\u00e9es \u00e0 cause des feux \u00e0 Chypre, une en France, et sept dans la p\u00e9ninsule ib\u00e9rique, soit un bilan provisoire de 10 d\u00e9c\u00e8s, selon un d\u00e9compte de l\u2019AFP.<\/p>\n","protected":false},"excerpt":{"rendered":"Plus d\u2019un million d\u2019hectares ont br\u00fbl\u00e9 depuis le d\u00e9but de l\u2019ann\u00e9e\u00a02025 en Europe. Une ann\u00e9e d\u00e9j\u00e0 record alors&hellip;\n","protected":false},"author":2,"featured_media":334589,"comment_status":"","ping_status":"","sticky":false,"template":"","format":"standard","meta":{"footnotes":""},"categories":[1586],"tags":[11,4086,13307,16996,123,1777,674,1011,27,1310,2681,12,2680,52,6996,5140,25],"class_list":{"0":"post-334588","1":"post","2":"type-post","3":"status-publish","4":"format-standard","5":"has-post-thumbnail","7":"category-europe","8":"tag-actualites","9":"tag-aude","10":"tag-balkans","11":"tag-chypre","12":"tag-espagne","13":"tag-eu","14":"tag-europe","15":"tag-fr","16":"tag-france","17":"tag-incendie","18":"tag-languedoc-roussillon","19":"tag-news","20":"tag-occitanie","21":"tag-planete","22":"tag-portugal","23":"tag-rechauffement-climatique","24":"tag-republique-francaise"},"share_on_mastodon":{"url":"https:\/\/pubeurope.com\/@fr\/115068316268579061","error":""},"_links":{"self":[{"href":"https:\/\/www.europesays.com\/fr\/wp-json\/wp\/v2\/posts\/334588","targetHints":{"allow":["GET"]}}],"collection":[{"href":"https:\/\/www.europesays.com\/fr\/wp-json\/wp\/v2\/posts"}],"about":[{"href":"https:\/\/www.europesays.com\/fr\/wp-json\/wp\/v2\/types\/post"}],"author":[{"embeddable":true,"href":"https:\/\/www.europesays.com\/fr\/wp-json\/wp\/v2\/users\/2"}],"replies":[{"embeddable":true,"href":"https:\/\/www.europesays.com\/fr\/wp-json\/wp\/v2\/comments?post=334588"}],"version-history":[{"count":0,"href":"https:\/\/www.europesays.com\/fr\/wp-json\/wp\/v2\/posts\/334588\/revisions"}],"wp:featuredmedia":[{"embeddable":true,"href":"https:\/\/www.europesays.com\/fr\/wp-json\/wp\/v2\/media\/334589"}],"wp:attachment":[{"href":"https:\/\/www.europesays.com\/fr\/wp-json\/wp\/v2\/media?parent=334588"}],"wp:term":[{"taxonomy":"category","embeddable":true,"href":"https:\/\/www.europesays.com\/fr\/wp-json\/wp\/v2\/categories?post=334588"},{"taxonomy":"post_tag","embeddable":true,"href":"https:\/\/www.europesays.com\/fr\/wp-json\/wp\/v2\/tags?post=334588"}],"curies":[{"name":"wp","href":"https:\/\/api.w.org\/{rel}","templated":true}]}}