{"id":334601,"date":"2025-08-21T19:14:17","date_gmt":"2025-08-21T19:14:17","guid":{"rendered":"https:\/\/www.europesays.com\/fr\/334601\/"},"modified":"2025-08-21T19:14:17","modified_gmt":"2025-08-21T19:14:17","slug":"martin-sent-que-bezzecchi-ne-fait-plus-la-difference-quen-qualifications","status":"publish","type":"post","link":"https:\/\/www.europesays.com\/fr\/334601\/","title":{"rendered":"Mart\u00edn sent que Bezzecchi ne fait plus la diff\u00e9rence qu&rsquo;en qualifications"},"content":{"rendered":"<p><a href=\"https:\/\/fr.motorsport.com\/driver\/jorge-martin\/109391\/\" target=\"_blank\" rel=\"noopener nofollow\">Jorge Mart\u00edn<\/a> a encore tr\u00e8s peu de rep\u00e8res sur l&rsquo;Aprilia, mais les deux week-ends disput\u00e9s depuis son retour lui ont montr\u00e9 des signaux tr\u00e8s positifs. Avec l&rsquo;autre machine officielle, <a href=\"https:\/\/fr.motorsport.com\/driver\/marco-bezzecchi\/441839\/\" target=\"_blank\" rel=\"noopener nofollow\">Marco Bezzecchi<\/a> a jou\u00e9 le podium et le Madril\u00e8ne estime que les diff\u00e9rences de performances entre eux sont minimes, et se sont surtout faites en qualifications.<\/p>\n<p>Le samedi au Red Bull Ring, ils \u00e9taient tous les deux en Q1, et Bezzecchi a r\u00e9ussi \u00e0 passer en Q2 mais pas Mart\u00edn, rest\u00e9 coinc\u00e9 dans la premi\u00e8re partie. Leurs week-ends ont alors pris des trajectoires diff\u00e9rentes puisque quand Bezzecchi se facilitait la t\u00e2che pour les courses avec la pole, Mart\u00edn se retrouvait coinc\u00e9 dans le peloton.<\/p>\n<p>Le champion en titre reste encourag\u00e9 par les faibles diff\u00e9rences avec son co\u00e9quipier. \u00ab\u00a0Si on parle de l&rsquo;Autriche, je pense que ce sont juste les qualifications\u00a0\u00bb, a expliqu\u00e9 Mart\u00edn. \u00ab\u00a0Si on regarde les donn\u00e9es, il y a peut-\u00eatre un ou deux virages o\u00f9 il est plus rapide d&rsquo;un dixi\u00e8me mais dans l&rsquo;ensemble, si on regarde les donn\u00e9es, on dirait le m\u00eame pilote.\u00a0\u00bb<\/p>\n<p>\u00ab\u00a0Cela me donne confiance parce que cela fait deux courses que je suis l\u00e0, mais dans son approche du week-end, sa compr\u00e9hension des endroits o\u00f9 attaquer ou pas, il fait mieux que pour moi.\u00a0\u00bb<\/p>\n<p>\u00ab\u00a0Je ne connais pas encore la limite de la moto sur un tour. C&rsquo;est impossible. C&rsquo;est normal. Quand j&rsquo;essaie d&rsquo;attaquer, tout se complique, la moto bouge et ce n&rsquo;est pas comme quand j&rsquo;essaie d&rsquo;\u00eatre constant. Il me faut peut-\u00eatre des r\u00e9glages dans le time attack et des r\u00e9glages pour la course, mais comme je l&rsquo;ai d\u00e9j\u00e0 dit, c&rsquo;est une question de temps avant de comprendre toutes ces petites choses.\u00a0\u00bb<\/p>\n<p>   <img decoding=\"async\" draggable=\"false\" src=\"https:\/\/www.europesays.com\/fr\/wp-content\/uploads\/2025\/08\/1755549973_668_jorge-martin-aprilia-racing.jpg\" alt=\"Jorge Martin, Aprilia Racing\" width=\"1200\" height=\"800\" loading=\"lazy\"\/> <\/p>\n<p class=\"title\">Jorge Mart\u00edn<\/p>\n<p class=\"photographer\">Photo de: Aprilia Racing<\/p>\n<p>\u00ab\u00a0Marco fait un bon travail, c&rsquo;est fantastique. C&rsquo;est tr\u00e8s bien de le voir devant pour moi parce que c&rsquo;est la seule fa\u00e7on d&rsquo;y arriver. Si on est tous les deux 14e, c&rsquo;est un d\u00e9sastre, mais heureusement il est devant et maintenant, mon objectif est de progresser et de me rapprocher de lui.\u00a0\u00bb<\/p>\n<blockquote>\n<p>J&rsquo;ai voulu en faire trop, plus que n\u00e9cessaire.<\/p>\n<\/blockquote>\n<p>Au Red Bull Ring, Mart\u00edn a probablement voulu franchir les \u00e9tapes un peu trop vite. Gris\u00e9 par sa remont\u00e9e lors du sprint, il s&rsquo;est montr\u00e9 ambitieux pour la course et l&rsquo;a finalement pay\u00e9, en d\u00e9gringolant dans le classement et en chutant alors qu&rsquo;il tentait d&rsquo;en faire trop, sur une machine dont il peine encore \u00e0 identifier les limites.<\/p>\n<p>\u00ab\u00a0Je pense que j&rsquo;ai confiance. Il me manque un peu plus de familiarit\u00e9 avec la moto et l&rsquo;avant. Je ne comprends pas vraiment parfois, parce que dimanche, c&rsquo;\u00e9tait tr\u00e8s difficile d&rsquo;arr\u00eater la moto en ligne droite, je ne pouvais pas freiner, je ne pouvais pas doubler. C&rsquo;\u00e9tait vraiment dur.\u00a0\u00bb<\/p>\n<p>\u00ab\u00a0Je pense que tout a commenc\u00e9 quand j&rsquo;ai voulu en faire trop, plus que n\u00e9cessaire. Samedi, je n&rsquo;avais pas d&rsquo;attentes. J&rsquo;\u00e9tais 16e puis j&rsquo;ai doubl\u00e9 beaucoup de pilotes et pour moi, la course \u00e9tait super courte, je voulais plus de tours. Ensuite, je me suis dit &lsquo;OK, j&rsquo;ai le rythme du top 6 ou top 7 donc si je suis d\u00e9j\u00e0 huiti\u00e8me ou neuvi\u00e8me au premier tour, je pourrai doubler et je serai dans le top 5&rsquo;. C&rsquo;\u00e9tait ma mentalit\u00e9. C&rsquo;est pour \u00e7a que je suis parti comme \u00e7a, vraiment excit\u00e9. J&rsquo;en ai trop fait. C&rsquo;est pour \u00e7a que tout a surchauff\u00e9, les pilotes m&rsquo;ont doubl\u00e9 et c&rsquo;\u00e9tait un gros souci.\u00a0\u00bb<\/p>\n<p>   <img decoding=\"async\" draggable=\"false\" src=\"https:\/\/www.europesays.com\/fr\/wp-content\/uploads\/2025\/08\/1755334333_27_jorge-martin-aprilia-racing.jpg\" alt=\"Jorge Martin, Aprilia Racing\" width=\"1200\" height=\"800\" loading=\"lazy\"\/> <\/p>\n<p class=\"title\">Jorge Mart\u00edn<\/p>\n<p class=\"photographer\">Photo de: Gold and Goose Photography \/ LAT Images \/ via Getty Images<\/p>\n<p>\u00ab\u00a0Le deuxi\u00e8me probl\u00e8me est qu&rsquo;en \u00e9tant 14e, je suis pass\u00e9 de gagner des courses et faire des podiums les quatre derni\u00e8res ann\u00e9es, et quand on est l\u00e0, c&rsquo;est dur de se dire &lsquo;OK, il faut finir la course et prendre de l&rsquo;exp\u00e9rience&rsquo;. \u00c0 un moment, je me suis dit &lsquo;Je vais doubler le gars de devant&rsquo; et c&rsquo;est pour \u00e7a que je suis tomb\u00e9.\u00a0\u00bb<\/p>\n<p>\u00ab\u00a0Maintenant, il faut un peu comprendre \u00e7a et se dire &lsquo;Jorge, c&rsquo;est ta deuxi\u00e8me ou troisi\u00e8me course avec Aprilia, tu roules face aux meilleurs au monde, qui ont fait toute la saison&rsquo;, et il faut que je prenne mon temps. \u00c7a fait partie du processus. Je dois me concentrer sur moi, pas \u00eatre 14e, cinqui\u00e8me ou sixi\u00e8me. Peu importe le r\u00e9sultat. Il faut que je me concentre sur ce dont j&rsquo;ai besoin pour \u00eatre rapide parce que c&rsquo;est ce qui me pr\u00e9parera pour la saison prochaine, et pour essayer de gagner la saison prochaine.\u00a0\u00bb<\/p>\n<p>Le Grand Prix de Hongrie arrive \u00e0 point nomm\u00e9 pour aider Jorge Mart\u00edn dans cette d\u00e9marche. Le Madril\u00e8ne va d\u00e9couvrir le circuit, ce qui lui permettra de ne pas avoir l&rsquo;esprit pollu\u00e9 par ses r\u00e9flexes pris sur des Ducati lors de ses quatre premi\u00e8res saisons dans le championnat.<\/p>\n<p>\u00ab\u00a0Ce qui est important ici, c&rsquo;est que je n&rsquo;ai pas de r\u00e9f\u00e9rences sur une autre moto. En Autriche, en EL1 je pilotais comme sur la Ducati, mais je n&rsquo;ai pas une Ducati. Il faut que je comprenne les points forts et les points faibles de la moto, et que j&rsquo;en profite. Je pense que venir ici, sans r\u00e9f\u00e9rences, je vais juste essayer de rouler et de comprendre ce dont j&rsquo;ai besoin pour \u00eatre rapide sur l&rsquo;Aprilia. \u00c7a m&rsquo;aidera \u00e0 progresser et \u00e0 r\u00e9duire l&rsquo;\u00e9cart sur les leaders.\u00a0\u00bb<\/p>\n<p>Lire aussi :<\/p>\n<p>Dans cet article<\/p>\n<p>Soyez le premier inform\u00e9 et souscrivez aux alertes mails pour recevoir les infos en temps r\u00e9el<\/p>\n<p>    S&rsquo;abonner aux alertes de news<\/p>\n","protected":false},"excerpt":{"rendered":"Jorge Mart\u00edn a encore tr\u00e8s peu de rep\u00e8res sur l&rsquo;Aprilia, mais les deux week-ends disput\u00e9s depuis son retour&hellip;\n","protected":false},"author":2,"featured_media":334602,"comment_status":"","ping_status":"","sticky":false,"template":"","format":"standard","meta":{"footnotes":""},"categories":[1413],"tags":[3563,21747,1011,27,21746,3564,47184,1457,1456,1458,60],"class_list":{"0":"post-334601","1":"post","2":"type-post","3":"status-publish","4":"format-standard","5":"has-post-thumbnail","7":"category-moto","8":"tag-aprilia-racing-team","9":"tag-balaton-park","10":"tag-fr","11":"tag-france","12":"tag-gp-de-hongrie","13":"tag-jorge-martu00edn","14":"tag-martu00edn-sent-que-bezzecchi-ne-fait-plus-la-diffu00e9rence-quen-qualifications","15":"tag-moto","16":"tag-motocycle","17":"tag-motogp","18":"tag-sports"},"share_on_mastodon":{"url":"https:\/\/pubeurope.com\/@fr\/115068355877047461","error":""},"_links":{"self":[{"href":"https:\/\/www.europesays.com\/fr\/wp-json\/wp\/v2\/posts\/334601","targetHints":{"allow":["GET"]}}],"collection":[{"href":"https:\/\/www.europesays.com\/fr\/wp-json\/wp\/v2\/posts"}],"about":[{"href":"https:\/\/www.europesays.com\/fr\/wp-json\/wp\/v2\/types\/post"}],"author":[{"embeddable":true,"href":"https:\/\/www.europesays.com\/fr\/wp-json\/wp\/v2\/users\/2"}],"replies":[{"embeddable":true,"href":"https:\/\/www.europesays.com\/fr\/wp-json\/wp\/v2\/comments?post=334601"}],"version-history":[{"count":0,"href":"https:\/\/www.europesays.com\/fr\/wp-json\/wp\/v2\/posts\/334601\/revisions"}],"wp:featuredmedia":[{"embeddable":true,"href":"https:\/\/www.europesays.com\/fr\/wp-json\/wp\/v2\/media\/334602"}],"wp:attachment":[{"href":"https:\/\/www.europesays.com\/fr\/wp-json\/wp\/v2\/media?parent=334601"}],"wp:term":[{"taxonomy":"category","embeddable":true,"href":"https:\/\/www.europesays.com\/fr\/wp-json\/wp\/v2\/categories?post=334601"},{"taxonomy":"post_tag","embeddable":true,"href":"https:\/\/www.europesays.com\/fr\/wp-json\/wp\/v2\/tags?post=334601"}],"curies":[{"name":"wp","href":"https:\/\/api.w.org\/{rel}","templated":true}]}}