{"id":334603,"date":"2025-08-21T19:15:14","date_gmt":"2025-08-21T19:15:14","guid":{"rendered":"https:\/\/www.europesays.com\/fr\/334603\/"},"modified":"2025-08-21T19:15:14","modified_gmt":"2025-08-21T19:15:14","slug":"inspire-par-zidane-et-henry-parker-veut-devenir-coach-eurosport","status":"publish","type":"post","link":"https:\/\/www.europesays.com\/fr\/334603\/","title":{"rendered":"Inspir\u00e9 par Zidane et Henry, Parker veut devenir coach &#8211; Eurosport"},"content":{"rendered":"<ol>\n<li><a href=\"https:\/\/news.google.com\/rss\/articles\/CBMi-wFBVV95cUxNbWxtZS1HUS1LMWN2VmxndkVNR3ZnT3R1a3lhZzAzRUhLZmI0ZUQwMXpjRV9nZjNVWGI1TmUtSW4xWFR0TG5seFhxSHk0WjB5VWh3NW1RbFE5RWF5ODZjcnEyWDY2amZxYm5iTUtvenVOeVVpTFlOVGZuMTJpaHNGQWdILVB2ZFJDWlpvZjlCZER1a1NwS1lFMDRfZlhmVDI3b2ppaGwxdl94R2NoMjJZUzJvMzhUTVVWNV9zSUI3TDVFMDV2V1Q3ZDNOOHdYSTZjUzVQVWFST0ZhSjJtaTRFNEZWeGo2ZnVPanFCTm1sbHdTcGl3V092Mk5tSQ?oc=5\" target=\"_blank\" rel=\"nofollow noopener\">Inspir\u00e9 par Zidane et Henry, Parker veut devenir coach<\/a>&nbsp;&nbsp;Eurosport<\/li>\n<li><a href=\"https:\/\/news.google.com\/rss\/articles\/CBMinwJBVV95cUxQbnZKUWllOEI4U1hEUE42RjZkTU5RR2tUaVFpbUhhQm1mNUhYRHpTczNmYUFBZV90UU9vZEFic2tFZ2J4bXc1bjdZcVlyQjlyYTh1WXhoRzZCQVlRb0JLek90MlMxMXZNNEtsb3NicFFPcUc1YUQzYjhxMnBEUXJOVlRzMkk3T3FaUmFjbWNBY01zVHhHYjZjYVJnX0I5UDBZeUFlbVdNR1ZMNTJhOTBpRHI3X3d3OFpXSjNWaHdsVkV4c0dBcmswdVdhUmN0MnZQY2FZV3pONGJrQnNjMEFZY3pCMG5jODBXNTRXRkd2SzZwWkZWWi15bkY2dFU2X0Vwelg1dFctUk01VGJ5N3BYS0RwUW5uelMzMzQ4T0lFSQ?oc=5\" target=\"_blank\" rel=\"nofollow noopener\">Tony Parker et sa discussion d\u00e9cisive avec Zin\u00e9dine Zidane et Thierry Henry avant de se lancer dans une carri\u00e8re d&rsquo;entra\u00eeneur : \u00ab Ils m&rsquo;ont convaincu \u00bb<\/a>&nbsp;&nbsp;L&rsquo;\u00c9quipe<\/li>\n<li><a href=\"https:\/\/news.google.com\/rss\/articles\/CBMi6wFBVV95cUxQZTI5ODVmbmdMOFlVbVE5aWZwWnBJNlk2dDVIeUIwMUtYOG05Tm80Mm41OWVDOWcyYmpKcUVnQlllczNuaDhsaDdxdlFubWtGM2s1am9COUpub19pcWNQa1pqQXRXcUJSeHZwZFZsOXpwNHd5Z0xYQXpCQkhPdC1yV3I0ZnkwbjNqR2VPWlVkVGUwbVg0RlFKdGZOVlpBbDRUSjNqV0VwT0RRZER5dE1SbGY1a3Z2ZG1Va1d4bGpyTHJCcEN5SE5GZmxyZkNlVmhBeXBwWTBkWkM1TjA1a0Q5LVVzX1AxeWx1Snd3?oc=5\" target=\"_blank\" rel=\"nofollow noopener\">Basket : Tony Parker se lance dans une reconversion pour devenir entra\u00eeneur et \u00ab\u00a0r\u00eave\u00a0\u00bb d&rsquo;un banc en NBA<\/a>&nbsp;&nbsp;France Info<\/li>\n<li><a href=\"https:\/\/news.google.com\/rss\/articles\/CBMi1gFBVV95cUxNM2VUQnNrNURsYU5xejhGdExoYjRTeEVLd3pGNGMwRlRqbUlLOFhVeWNNd253WVBEeGpJQmpXeTl2TDl2Zjk4emNzckxQY2FKRmJRdjBGNWRJNXg5MjVxTzlmZEQ3Y3JacFhPek5FZDBub3hvRDBnMlY1Vm5PXzVnQVJSNEExNGZGRFVnYWF6VnJIM0d4ZFdtZGNnWXp6SEoxOTkwdXZFMWwwRTliaVVFSXZNUjJIcjJHdFZZT083c1R3ZXpTejU0WHdsYkZQSDluU28yNHZB?oc=5\" target=\"_blank\" rel=\"nofollow noopener\">Basket: Tony Parker r\u00eave de \u00ab\u00a0coacher en NBA\u00a0\u00bb et se lance dans une carri\u00e8re d&rsquo;entra\u00eeneur<\/a>&nbsp;&nbsp;RMC Sport<\/li>\n<li><a href=\"https:\/\/news.google.com\/rss\/articles\/CBMijwFBVV95cUxNQzhjdmw0VV9UaW96WWxGUlpRMVhSTXdnVXFSVHl2ZHVDWUYyQ1hweXJfRHpXcUdyMDRyRDFNbUlyVzFCUmRDcm02MHV2NTZtYUFGRkFFajFLTEhaODRzUWVwLV9ORTNkazhUTDVfd1h2bldodUllcEl6SmlRUTg5VVoxM05mVTU3TUpiLTZwWQ?oc=5\" target=\"_blank\" rel=\"nofollow noopener\">Tony Parker se lance dans une carri\u00e8re de coach !<\/a>&nbsp;&nbsp;Basket USA<\/li>\n<\/ol>\n","protected":false},"excerpt":{"rendered":"Inspir\u00e9 par Zidane et Henry, Parker veut devenir coach&nbsp;&nbsp;Eurosport Tony Parker et sa discussion d\u00e9cisive avec Zin\u00e9dine Zidane&hellip;\n","protected":false},"author":2,"featured_media":1445,"comment_status":"","ping_status":"","sticky":false,"template":"","format":"standard","meta":{"footnotes":""},"categories":[1412],"tags":[1451,1452,1453,1454,1455,1011,27,60],"class_list":{"0":"post-334603","1":"post","2":"type-post","3":"status-publish","4":"format-standard","5":"has-post-thumbnail","7":"category-f1","8":"tag-f1","9":"tag-formula-1","10":"tag-formula1","11":"tag-formule-1","12":"tag-formule1","13":"tag-fr","14":"tag-france","15":"tag-sports"},"share_on_mastodon":{"url":"https:\/\/pubeurope.com\/@fr\/115068359386430330","error":""},"_links":{"self":[{"href":"https:\/\/www.europesays.com\/fr\/wp-json\/wp\/v2\/posts\/334603","targetHints":{"allow":["GET"]}}],"collection":[{"href":"https:\/\/www.europesays.com\/fr\/wp-json\/wp\/v2\/posts"}],"about":[{"href":"https:\/\/www.europesays.com\/fr\/wp-json\/wp\/v2\/types\/post"}],"author":[{"embeddable":true,"href":"https:\/\/www.europesays.com\/fr\/wp-json\/wp\/v2\/users\/2"}],"replies":[{"embeddable":true,"href":"https:\/\/www.europesays.com\/fr\/wp-json\/wp\/v2\/comments?post=334603"}],"version-history":[{"count":0,"href":"https:\/\/www.europesays.com\/fr\/wp-json\/wp\/v2\/posts\/334603\/revisions"}],"wp:featuredmedia":[{"embeddable":true,"href":"https:\/\/www.europesays.com\/fr\/wp-json\/wp\/v2\/media\/1445"}],"wp:attachment":[{"href":"https:\/\/www.europesays.com\/fr\/wp-json\/wp\/v2\/media?parent=334603"}],"wp:term":[{"taxonomy":"category","embeddable":true,"href":"https:\/\/www.europesays.com\/fr\/wp-json\/wp\/v2\/categories?post=334603"},{"taxonomy":"post_tag","embeddable":true,"href":"https:\/\/www.europesays.com\/fr\/wp-json\/wp\/v2\/tags?post=334603"}],"curies":[{"name":"wp","href":"https:\/\/api.w.org\/{rel}","templated":true}]}}