{"id":334606,"date":"2025-08-21T19:17:10","date_gmt":"2025-08-21T19:17:10","guid":{"rendered":"https:\/\/www.europesays.com\/fr\/334606\/"},"modified":"2025-08-21T19:17:10","modified_gmt":"2025-08-21T19:17:10","slug":"acherchour-previent-benatia-et-longoria","status":"publish","type":"post","link":"https:\/\/www.europesays.com\/fr\/334606\/","title":{"rendered":"Acherchour pr\u00e9vient Benatia et Longoria !"},"content":{"rendered":"<p><strong>Sur fond de crise interne li\u00e9e \u00e0 l\u2019affaire Rabiot\u2013Rowe, Walid Acherchour insiste sur l\u2019urgence de consolider l\u2019institution marseillaise. Malgr\u00e9 la douleur d\u2019un d\u00e9part \u00e9ventuel, il rappelle que l\u2019OM doit avant tout prot\u00e9ger son identit\u00e9 et affirmer son exigence, \u00e0 commencer par ceux qui incarnent sa direction.<\/strong><\/p>\n<p>\u00a0<\/p>\n<p>Le journaliste met en lumi\u00e8re l\u2019aspect souvent invisible du jeu politique autour de certains cadres. Concernant Adrien Rabiot, il explique : \u00ab Certains, sur certains joueurs, il y a beaucoup de politique\u2026 il a toujours \u00e9t\u00e9 dithyrambique sur Adrien Rabiot, et on sent un d\u00e9chirement l\u00e0-dessus. \u00bb Pour lui, une \u00e9ventuelle s\u00e9paration pourrait renforcer le collectif : \u00ab M\u00eame si le club devait perdre Adrien Rabiot, il gagnerait en coh\u00e9sion en consolidant l\u2019institution, notamment autour de Roberto De Zerbi. \u00bb<\/p>\n<p>\u00a0<\/p>\n<\/p>\n<p>\u00a0<\/p>\n<p>L\u2019institution dont Benatia fait partie doit \u00eatre irr\u00e9prochable<\/p>\n<p>\u00a0<\/p>\n<p>Dans ce contexte tendu, <strong>Mehdi Benatia<\/strong> est directement vis\u00e9 par Acherchour, qui appelle \u00e0 une rigueur irr\u00e9prochable : \u00ab Maintenant, l\u2019institution dont Benatia fait partie doit \u00eatre irr\u00e9prochable, parce que le probl\u00e8me, c\u2019est qu\u2019elle a \u00e9t\u00e9 bafou\u00e9e par ces m\u00eames personnes. \u00bb<br \/>Selon lui, l\u2019offense subie par De Zerbi ne doit pas \u00eatre minimis\u00e9e au nom de l\u2019\u00e9quilibre du vestiaire. Au contraire, elle doit servir d\u2019\u00e9lectrochoc pour restaurer une vision claire et durable du projet marseillais.<\/p>\n<p>\u00a0<\/p>\n<p>A lire aussi: <a href=\"https:\/\/www.footballclubdemarseille.fr\/om-actualites\/om-affaire-rabiot-les-supporters-sont-deja-en-feu.html\" rel=\"nofollow noopener\" target=\"_blank\">OM \u2013 Affaire Rabiot : \u201cles supporters sont d\u00e9j\u00e0 en feu\u201d<\/a><\/p>\n<p>\u00a0<\/p>\n<p>Le consultant va plus loin en soulignant les limites de l\u2019autorit\u00e9 : \u00ab L\u2019histoire de l\u2019institution ne doit pas \u00eatre un pare-feu\u2026 \u00e0 part McCourt, personne ne peut virer Longoria. \u00bb Pour lui, un vestiaire solide repose sur la coh\u00e9rence hi\u00e9rarchique et la transparence des d\u00e9cisions. Sanctionner un joueur influent n\u2019affaiblit pas la gouvernance : au contraire, cela d\u00e9montre la solidit\u00e9 et la cr\u00e9dibilit\u00e9 du club.<\/p>\n<p>\u00a0<\/p>\n<p>Longoria et Benatia doivent \u00eatre beaucoup plus r\u00e9fl\u00e9chis<\/p>\n<p>\u00a0<\/p>\n<p>A lire aussi :\u00a0<a href=\"https:\/\/www.footballclubdemarseille.fr\/mercato-om\/mercato-om-deux-pistes-en-premier-league-pour-le-lateral-gauche.html\" target=\"_blank\" rel=\"noopener nofollow\">Mercato OM : Deux pistes en Premier League pour le lat\u00e9ral gauche !<\/a><\/p>\n<p>\u00a0<\/p>\n<p>Enfin, Acherchour appelle dirigeants et staff \u00e0 tirer les le\u00e7ons de cette crise : \u00ab \u00c0 partir de maintenant, Longoria et Benatia doivent \u00eatre beaucoup plus r\u00e9fl\u00e9chis et surtout tirer les enseignements de ce qui s\u2019est pass\u00e9. \u00bb Il d\u00e9fend l\u2019id\u00e9e d\u2019un <strong>leadership clair<\/strong>, bas\u00e9 non pas sur l\u2019affect, mais sur la coh\u00e9rence des d\u00e9cisions et la rigueur des relations internes. Pour lui, l\u2019OM ne pourra avancer que si son exigence collective est pleinement assum\u00e9e.<\/p>\n","protected":false},"excerpt":{"rendered":"Sur fond de crise interne li\u00e9e \u00e0 l\u2019affaire Rabiot\u2013Rowe, Walid Acherchour insiste sur l\u2019urgence de consolider l\u2019institution marseillaise.&hellip;\n","protected":false},"author":2,"featured_media":26527,"comment_status":"","ping_status":"","sticky":false,"template":"","format":"standard","meta":{"footnotes":""},"categories":[1410],"tags":[63,1011,27,60],"class_list":{"0":"post-334606","1":"post","2":"type-post","3":"status-publish","4":"format-standard","5":"has-post-thumbnail","7":"category-football","8":"tag-football","9":"tag-fr","10":"tag-france","11":"tag-sports"},"share_on_mastodon":{"url":"https:\/\/pubeurope.com\/@fr\/115068367221120949","error":""},"_links":{"self":[{"href":"https:\/\/www.europesays.com\/fr\/wp-json\/wp\/v2\/posts\/334606","targetHints":{"allow":["GET"]}}],"collection":[{"href":"https:\/\/www.europesays.com\/fr\/wp-json\/wp\/v2\/posts"}],"about":[{"href":"https:\/\/www.europesays.com\/fr\/wp-json\/wp\/v2\/types\/post"}],"author":[{"embeddable":true,"href":"https:\/\/www.europesays.com\/fr\/wp-json\/wp\/v2\/users\/2"}],"replies":[{"embeddable":true,"href":"https:\/\/www.europesays.com\/fr\/wp-json\/wp\/v2\/comments?post=334606"}],"version-history":[{"count":0,"href":"https:\/\/www.europesays.com\/fr\/wp-json\/wp\/v2\/posts\/334606\/revisions"}],"wp:featuredmedia":[{"embeddable":true,"href":"https:\/\/www.europesays.com\/fr\/wp-json\/wp\/v2\/media\/26527"}],"wp:attachment":[{"href":"https:\/\/www.europesays.com\/fr\/wp-json\/wp\/v2\/media?parent=334606"}],"wp:term":[{"taxonomy":"category","embeddable":true,"href":"https:\/\/www.europesays.com\/fr\/wp-json\/wp\/v2\/categories?post=334606"},{"taxonomy":"post_tag","embeddable":true,"href":"https:\/\/www.europesays.com\/fr\/wp-json\/wp\/v2\/tags?post=334606"}],"curies":[{"name":"wp","href":"https:\/\/api.w.org\/{rel}","templated":true}]}}