{"id":334611,"date":"2025-08-21T19:20:25","date_gmt":"2025-08-21T19:20:25","guid":{"rendered":"https:\/\/www.europesays.com\/fr\/334611\/"},"modified":"2025-08-21T19:20:25","modified_gmt":"2025-08-21T19:20:25","slug":"fait-du-soir-rentree-litteraire-les-bons-plans","status":"publish","type":"post","link":"https:\/\/www.europesays.com\/fr\/334611\/","title":{"rendered":"FAIT DU SOIR Rentr\u00e9e litt\u00e9raire : les bons plans"},"content":{"rendered":"<p>Partez \u00e0 la rencontre de vos libraires pour conna\u00eetre les bons livres de la rentr\u00e9e.<\/p>\n<p>\n\t<img decoding=\"async\" src=\"https:\/\/www.europesays.com\/fr\/wp-content\/uploads\/2025\/08\/1755804011_846_image.jpg\" alt=\"rentr\u00e9e litt\u00e9raire 2025 librairies Teissier Fnac Goyard (Photo Anthony Maurin)\"\/><\/p>\n<p>\t\t\t\t\tLibrairie Teissier (Photo Anthony Maurin)<\/p>\n<p>La rentr\u00e9e scolaire approche \u00e0 grands pas et avant de parler de l\u2019\u00e9cole et de ses contraintes, parlons un peu des derniers instants de l\u00e9g\u00e8ret\u00e9 de l\u2019\u00e9t\u00e9. \u00c9voquons la rentr\u00e9e litt\u00e9raire par exemple !<\/p>\n<p>La rentr\u00e9e litt\u00e9raire ? Oui, tr\u00e8s fran\u00e7ais comme id\u00e9e. Pour Pierre et Vincent Teissier libraires ind\u00e9pendant situ\u00e9s \u00e0 la librairie \u00e9ponyme Rue R\u00e9gale, ont leur mot \u00e0 dire.<\/p>\n<p>\u00ab Nous sommes vraiment sp\u00e9cialis\u00e9s dans la litt\u00e9rature, notre client\u00e8le est dans la cible de la rentr\u00e9e litt\u00e9raire mais on ne fait pas d&rsquo;impasse. J&rsquo;ai toujours un petit coin o\u00f9 je mets les trucs pour le grand public, pour les cadeaux comme les Marc Levy par exemple. Mais ce n&rsquo;est pas ce que je vais mettre en avant. \u00bb<\/p>\n<p>\n\t<img decoding=\"async\" src=\"https:\/\/www.europesays.com\/fr\/wp-content\/uploads\/2025\/08\/1755804012_737_image.jpg\" alt=\"rentr\u00e9e litt\u00e9raire 2025 librairies Teissier Fnac Goyard (Photo Anthony Maurin)\"\/><\/p>\n<p>\t\t\t\t\tComme chaque ann\u00e9e pour s&rsquo;y retrouver, Goyard sort son excellent guide (Photo Anthony Maurin)<\/p>\n<p>Il faut dire que les \u00e9diteurs sortent donc le grand jeu et les t\u00eates de gondoles pour mettre le futur lecteur en haleine ou plus certainement pour l\u2019app\u00e2ter \u00e0 l\u2019aide de la communication ou du bouche-\u00e0-oreille quelques mois avant les f\u00eates de fin d&rsquo;ann\u00e9e.<\/p>\n<p>Embouteillage en s\u00e9rie ?<\/p>\n<p>C\u2019est aussi une p\u00e9riode o\u00f9 se fait le plus gros de leur chiffre d&rsquo;affaires du secteur. Et, si en prime certains auteurs sont entr\u00e9s dans le paysage culturel fran\u00e7ais, c\u2019est le jackpot.<\/p>\n<p>Autre possibilit\u00e9 de mise en avant, le gros bandeau rouge. Il va r\u00e9guli\u00e8rement de pair avec l\u2019obtention d&rsquo;un <strong><a href=\"https:\/\/fr.wikipedia.org\/wiki\/Prix_litt%C3%A9raire\" rel=\"nofollow noopener\" target=\"_blank\">prix litt\u00e9raire<\/a> <\/strong>(dont la p\u00e9riode suit la rentr\u00e9e litt\u00e9raire). Disons que le simple ajout d&rsquo;un bandeau sur la couverture d&rsquo;un livre visant \u00e0 signifier qu&rsquo;il a re\u00e7u l&rsquo;un de ces prix, peut faire s&rsquo;envoler ses ventes (surtout pour les plus prestigieux tels le <strong><a href=\"https:\/\/fr.wikipedia.org\/wiki\/Prix_Goncourt\" rel=\"nofollow noopener\" target=\"_blank\">Goncourt<\/a><\/strong> ou le <strong><a href=\"https:\/\/fr.wikipedia.org\/wiki\/Prix_Renaudot\" rel=\"nofollow noopener\" target=\"_blank\">Renaudot<\/a><\/strong> pour ne citer qu\u2019eux).<\/p>\n<p>\n\t<img decoding=\"async\" src=\"https:\/\/www.europesays.com\/fr\/wp-content\/uploads\/2025\/08\/1755804013_811_image.jpg\" alt=\"rentr\u00e9e litt\u00e9raire 2025 librairies Teissier Fnac Goyard (Photo Anthony Maurin)\"\/><\/p>\n<p>\t\t\t\t\tL&rsquo;entr\u00e9e, rue R\u00e9gale, de la libraire des fr\u00e8res Teissier \u00e0 N\u00eemes\u00a0(Photo Anthony Maurin)<\/p>\n<p>Par tradition, certains auteurs d\u00e9j\u00e0 r\u00e9compens\u00e9s lors des concours litt\u00e9raires d&rsquo;automne publient apr\u00e8s la remise des prix, en janvier. On joue sur tous les tableaux ! Pour rappel, revenons en arri\u00e8re. La rentr\u00e9e litt\u00e9raire de septembre 2014 voyait 607 livres \u00e0 la vente. C\u2019\u00e9tait bien moins que la moyenne de 2005 \u00e0 2012 qui portait ce chiffre \u00e0 676.<\/p>\n<p>Bien qu&rsquo;en baisse par rapport au d\u00e9but des ann\u00e9es 2010, les chiffres de 2021 avec 521 ouvrages retrouvaient les niveaux pr\u00e9-Covid (524 ouvrages en 2019) apr\u00e8s une baisse en 2020 (511 ouvrages). Toutefois, 2022 a amen\u00e9 une nouvelle fois une baisse avec le plus bas niveau en 20 ans avec 490 ouvrages publi\u00e9s, 2025 est dans cet esprit.<\/p>\n<p>\n\t<img decoding=\"async\" src=\"https:\/\/www.europesays.com\/fr\/wp-content\/uploads\/2025\/08\/1755804014_547_image.jpg\" alt=\"rentr\u00e9e litt\u00e9raire 2025 librairies Teissier Fnac Goyard (Photo Anthony Maurin)\"\/><\/p>\n<p>\t\t\t\t\tPierre Teissier (Photo Anthony Maurin)<\/p>\n<p>\u00ab Je vais dire des choses dont on parle beaucoup et qui s\u2019adressent au \u00ab grand public \u00bb, mais aussi d&rsquo;autres plus discr\u00e8tes car c\u2019est un peu le r\u00f4le de la librairie. Nous devons essayer de faire d\u00e9couvrir quelques p\u00e9pites au milieu des 483 bouquins ! \u00bb.<\/p>\n<p>Une passion au service du lecteur<\/p>\n<p>C\u2019est avec son fr\u00e8re Vincent que Pierre tient cette magnifique librairie de la Rue R\u00e9gale. Mais avant eux\u2026 L\u2019arri\u00e8re-grand-p\u00e8re avait ouvert l\u2019\u00e9choppe dans les ann\u00e9es 1910. Une vraie librairie centenaire, c\u2019est rare, alors imaginez un peu l\u2019amour du m\u00e9tier et la passion qu\u2019il faut pour conna\u00eetre les pr\u00e8s de 10 000 r\u00e9f\u00e9rences !<\/p>\n<p>\u00ab La rentr\u00e9e litt\u00e9raire est vraiment tr\u00e8s sp\u00e9cifique \u00e0 la France, il n&rsquo;y a pas beaucoup de pays qui ont une rentr\u00e9e comme \u00e7a. On commence \u00e0 tout mettre en route avant l\u2019\u00e9t\u00e9 pour que d\u00e9but septembre ce flot de bouquins puisse \u00eatre mis en valeur. Les repr\u00e9sentants viennent avec leur catalogue, ils pr\u00e9sentent et proposent, c\u2019est le moment pour nous de faire des choix, mais aussi des impasses ! \u00bb<\/p>\n<p>\n\t<img decoding=\"async\" src=\"https:\/\/www.europesays.com\/fr\/wp-content\/uploads\/2025\/08\/1755804015_439_image.jpg\" alt=\"rentr\u00e9e litt\u00e9raire 2025 librairies Teissier Fnac Goyard (Photo Anthony Maurin)\"\/><\/p>\n<p>\t\t\t\t\tChez Goyard, un bel exemple de mise en avant (Photo Anthony Maurin)<\/p>\n<p>Chez les fr\u00e8res Teissier, le p\u00e9quin lambda trouve vite son bonheur en dehors des sentiers battus. Comme partout, les Teissier vont aussi d\u00e9tailler la rentr\u00e9e litt\u00e9raire et Pierre poursuit. \u00ab On essaie de lire beaucoup et de conseiller au mieux les gens qui viennent nous demander. On essaie d&rsquo;affiner le conseil pour chaque client. \u00bb<\/p>\n<p>Le traditionnel Am\u00e9lie Nothomb, valeur s\u00fbre. Le livre de Chalandon, le dernier d\u2019Emmanuel Carr\u00e8re qui n\u2019est pas encore sorti mais dont on parle beaucoup\u2026<\/p>\n<p>\u00ab Il y a \u00e9galement Laurent Gaudet qui et toujours tr\u00e8s attend et qui fait une suite \u00e0 Chien 51 avec son nouveau Zem avec de la science-fiction et des \u00e9tats qui ont presque quasiment disparu au profit des grandes soci\u00e9t\u00e9s\u2026 \u00bb<\/p>\n<p>\n\t<img decoding=\"async\" src=\"https:\/\/www.europesays.com\/fr\/wp-content\/uploads\/2025\/08\/1755804016_856_image.jpg\" alt=\"rentr\u00e9e litt\u00e9raire 2025 librairies Teissier Fnac Goyard (Photo Archives Anthony Maurin)\"\/><\/p>\n<p>\t\t\t\t\tLa librairie Goyard (Photo Anthony Maurin)<\/p>\n<p>Et puis il y a ce qui compte le plus, les coups du c\u0153ur des libraires. Pour Pierre Teissier, \u00ab J\u2019ai aim\u00e9 mais ces livres ne sont pas tr\u00e8s attendus\u2026 Voyage Voyage de Victor Pouchet.\u00a0\u00c7a peut para\u00eetre un peu lourd, mais il y a un c\u00f4t\u00e9 l\u00e9ger, un peu fantaisiste, une sorte de parenth\u00e8se dans le quotidien d\u2019un couple qui va mal. Il y a aussi Lorine Roux avec Trois fois la col\u00e8re, que j&rsquo;ai beaucoup aim\u00e9. Elle nous am\u00e8ne dans une p\u00e9riode moyen\u00e2geuse avec une \u00e9criture qui n&rsquo;est pas compliqu\u00e9e mais qui est un peu d\u00e9routante avec des tournures atypiques. \u00c7a reste l\u00e9ger, il m&rsquo;a fallu, quatre ou cinq pages pour m&rsquo;y faire et apr\u00e8s c\u2019est tr\u00e8s facile, c\u2019est tr\u00e8s original, il y a une vraie fibre romanesque qui se met en place tout de suite. \u00bb Vous avez compris, pour un parti-pris, c\u2019est par ici !<\/p>\n<p>\n\t<img decoding=\"async\" src=\"https:\/\/www.europesays.com\/fr\/wp-content\/uploads\/2025\/08\/1755804017_692_image.jpg\" alt=\"rentr\u00e9e litt\u00e9raire 2025 librairies Teissier Fnac Goyard (Photo Anthony Maurin)\"\/><\/p>\n<p>\t\t\t\t\t\u00c0 la Fnac de N\u00eemes on pr\u00e9pare aussi il la\u00a0rentr\u00e9e litt\u00e9raire 2025\u00a0(Photo Anthony Maurin)<\/p>\n<p>Mais, la rentr\u00e9e litt\u00e9raire, c\u2019est aussi\u2026 \u00ab La course aux prix ! C&rsquo;est pour \u00e7a qu&rsquo;il y a cette rentr\u00e9e litt\u00e9raire, parce que les \u00e9diteurs sortent beaucoup \u00e0 ce moment-l\u00e0. Fin octobre, vont commencer \u00e0 tomber les premiers prix et potentiellement un pour Carr\u00e8re. Il y a aussi Natacha Appanah avec La nuit au c\u0153ur chez Gallimard, que j\u2019ai beaucoup aim\u00e9. C\u2019est du roman et on pose une r\u00e9flexion sur la domination masculine. Ce livre parle de trois destins dont le sien avec deux affaires qui ont vraiment exist\u00e9. Autre nouveaut\u00e9, la\u00a0sortie, le dernier livre de Lydie Salyaire, une N\u00eemoise d\u2019adoption. C\u2019est tr\u00e8s autobiographique, plein de petites sayn\u00e8tes, c\u2019est tr\u00e8s marrant et \u00e7a s\u2019appellera Pas pleurer. Comme elle a obtenu le Goncourt, c\u2019est plaisant \u00e0 lire\u2026 \u00bb<\/p>\n<p>\u00c0 lire !<\/p>\n<p>Pour un bon r\u00e9sum\u00e9, c\u2019est peut-\u00eatre la librairie Goyard qui a l\u2019outil simple et facile d\u2019acc\u00e8s avec son \u00ab S&rsquo;il n\u2019en restait que 100, rentr\u00e9e litt\u00e9raire 2025 \u00bb !<\/p>\n<p>Sinon, voici les choix, toujours avis\u00e9s, de Pierre Teissier :<\/p>\n<p>Natacha Appanah, La nuit au c\u0153ur chez Gallimard.<\/p>\n<p>Sorj Chalandon, Le livre de Kells chez Grasset.<\/p>\n<p>Am\u00e9lie Nothomb, Tant mieux chez Albin Michel.<\/p>\n<p>Victor Pouchet, Voyage voyage chez L&rsquo;arbal\u00e8te Gallimard.<\/p>\n<p>Laurent Gaud\u00e9, Zem chez Acte Sud.<\/p>\n<p>Laurine Roux, Trois fois la col\u00e8re aux \u00e9ditions du Sonneur.<\/p>\n<p>Autres\u2026 Il n\u2019est pas tout \u00e0 fait nouveau mais, La Sentence de Louise Erdrich a eu le prix \u00ab Nouveaut\u00e9 Femina \u00e9tranger \u00bb en Poche, Percival Everett a re\u00e7u le prix Pulitzer 2025 avec son James aux \u00e9ditions de l\u2019Olivier. Neige Sinno, avec Triste tigre (Folio), a re\u00e7u le prix Goncourt des lyc\u00e9ens 2024 quand Olivier Norek remporter le Renaudot des lyc\u00e9ens avec Les guerriers de l\u2019hiver (Pocket). Mon vrai nom est \u00c9lisabeth, d\u2019Ad\u00e8le Yon et paru aux \u00e9ditions du Sous-sol a d\u00e9croch\u00e9 les prix France t\u00e9l\u00e9visions de l\u2019Essai, celui des lectrices d\u2019Elle, et le prix litt\u00e9raire du Nouvel Obs.<\/p>\n<p>\n\t<img decoding=\"async\" src=\"https:\/\/www.europesays.com\/fr\/wp-content\/uploads\/2025\/08\/1755804017_234_image.jpg\" alt=\"rentr\u00e9e litt\u00e9raire 2025 librairies Teissier Fnac Goyard (Photo Anthony Maurin)\"\/><\/p>\n<p>\t\t\t\t\tCoup de coeur de Pierre Teissier (Photo Anthony Maurin)<\/p>\n<p>Librairie Teissier, 11 rue R\u00e9gale, 30 000 N\u00eemes.<\/p>\n<p>Librairie Goyard, 34 boulevard Victor-Hugo 30 000 N\u00eemes<\/p>\n<p>Librairie Aux lettres de mon moulin 12 boulevard Alphonse-Daudet 30 000 N\u00eemes<\/p>\n<p>FNAC N\u00eemes, centre commercial La Coupole.<\/p>\n<p>\n\t<img decoding=\"async\" src=\"https:\/\/www.europesays.com\/fr\/wp-content\/uploads\/2025\/08\/1755804018_18_image.jpg\" alt=\"rentr\u00e9e litt\u00e9raire 2025 librairies Teissier Fnac Goyard (Photo Anthony Maurin)\"\/><\/p>\n<p>\t\t\t\t\tChez Goyard (Photo Anthony Maurin)<\/p>\n<p>\t<img decoding=\"async\" src=\"https:\/\/www.europesays.com\/fr\/wp-content\/uploads\/2025\/08\/1755804019_518_image.jpg\" alt=\"rentr\u00e9e litt\u00e9raire 2025 librairies Teissier Fnac Goyard (Photo Anthony Maurin)\"\/><\/p>\n<p>\t\t\t\t\tLa librairie Teissier (Photo Anthony Maurin)<\/p>\n<p>\t<img decoding=\"async\" src=\"https:\/\/www.europesays.com\/fr\/wp-content\/uploads\/2025\/08\/1755804020_716_image.jpg\" alt=\"rentr\u00e9e litt\u00e9raire 2025 librairies Teissier Fnac Goyard (Photo Anthony Maurin)\"\/><\/p>\n<p>\t\t\t\t\tL&rsquo;armoire \u00e0 commandes de chez Teissier (Photo Anthony Maurin)<\/p>\n<p>\t<img decoding=\"async\" src=\"https:\/\/www.europesays.com\/fr\/wp-content\/uploads\/2025\/08\/1755804021_554_image.jpg\" alt=\"rentr\u00e9e litt\u00e9raire 2025 librairies Teissier Fnac Goyard (Photo Anthony Maurin)\"\/><\/p>\n<p>\t\t\t\t\t\u00c0 la\u00a0FNAC, on met en avant les grosses ventes\u00a0(Photo Anthony Maurin)<\/p>\n<p>\t<img decoding=\"async\" src=\"https:\/\/www.europesays.com\/fr\/wp-content\/uploads\/2025\/08\/1755804021_493_image.jpg\" alt=\"rentr\u00e9e litt\u00e9raire 2025 librairies Teissier Fnac Goyard (Photo Anthony Maurin)\"\/><\/p>\n<p>\t\t\t\t\tCoup de coeur de Pierre Teissier (Photo Anthony Maurin)<\/p>\n<p>\t<img decoding=\"async\" src=\"https:\/\/www.europesays.com\/fr\/wp-content\/uploads\/2025\/08\/1755804022_488_image.jpg\" alt=\"rentr\u00e9e litt\u00e9raire 2025 librairies Teissier Fnac Goyard (Photo Anthony Maurin)\"\/><\/p>\n<p>\t\t\t\t\trentr\u00e9e litt\u00e9raire 2025 librairies Teissier Fnac Goyard (Photo Anthony Maurin)<\/p>\n<p>\t<img decoding=\"async\" src=\"https:\/\/www.europesays.com\/fr\/wp-content\/uploads\/2025\/08\/1755804023_902_image.jpg\" alt=\"rentr\u00e9e litt\u00e9raire 2025 librairies Teissier Fnac Goyard (Photo Anthony Maurin)\"\/><\/p>\n<p>\t\t\t\t\tLe dernier Am\u00e9lie Nothomb\u00a0(Photo Anthony Maurin)<\/p>\n<p>\t<img decoding=\"async\" src=\"https:\/\/www.europesays.com\/fr\/wp-content\/uploads\/2025\/08\/1755804024_436_image.jpg\" alt=\"rentr\u00e9e litt\u00e9raire 2025 librairies Teissier Fnac Goyard (Photo Anthony Maurin)\"\/><\/p>\n<p>\t\t\t\t\trentr\u00e9e litt\u00e9raire 2025 librairies Teissier Fnac Goyard (Photo Anthony Maurin)<\/p>\n<p>\t<img decoding=\"async\" src=\"https:\/\/www.europesays.com\/fr\/wp-content\/uploads\/2025\/08\/1755804024_920_image.jpg\" alt=\"rentr\u00e9e litt\u00e9raire 2025 librairies Teissier Fnac Goyard (Photo Anthony Maurin)\"\/><\/p>\n<p>\t\t\t\t\trentr\u00e9e litt\u00e9raire 2025 librairies Teissier Fnac Goyard (Photo Anthony Maurin)<\/p>\n<p>\t<img decoding=\"async\" src=\"https:\/\/www.europesays.com\/fr\/wp-content\/uploads\/2025\/08\/1755804025_851_image.jpg\" alt=\"rentr\u00e9e litt\u00e9raire 2025 librairies Teissier Fnac Goyard (Photo Anthony Maurin)\"\/><\/p>\n<p>\t\t\t\t\trentr\u00e9e litt\u00e9raire 2025 librairies Teissier Fnac Goyard (Photo Anthony Maurin)<\/p>\n","protected":false},"excerpt":{"rendered":"Partez \u00e0 la rencontre de vos libraires pour conna\u00eetre les bons livres de la rentr\u00e9e. Librairie Teissier (Photo&hellip;\n","protected":false},"author":2,"featured_media":334612,"comment_status":"","ping_status":"","sticky":false,"template":"","format":"standard","meta":{"footnotes":""},"categories":[1357],"tags":[1379,58,59,1011,27,1380],"class_list":{"0":"post-334611","1":"post","2":"type-post","3":"status-publish","4":"format-standard","5":"has-post-thumbnail","7":"category-livres","8":"tag-books","9":"tag-divertissement","10":"tag-entertainment","11":"tag-fr","12":"tag-france","13":"tag-livres"},"share_on_mastodon":{"url":"https:\/\/pubeurope.com\/@fr\/115068379552994578","error":""},"_links":{"self":[{"href":"https:\/\/www.europesays.com\/fr\/wp-json\/wp\/v2\/posts\/334611","targetHints":{"allow":["GET"]}}],"collection":[{"href":"https:\/\/www.europesays.com\/fr\/wp-json\/wp\/v2\/posts"}],"about":[{"href":"https:\/\/www.europesays.com\/fr\/wp-json\/wp\/v2\/types\/post"}],"author":[{"embeddable":true,"href":"https:\/\/www.europesays.com\/fr\/wp-json\/wp\/v2\/users\/2"}],"replies":[{"embeddable":true,"href":"https:\/\/www.europesays.com\/fr\/wp-json\/wp\/v2\/comments?post=334611"}],"version-history":[{"count":0,"href":"https:\/\/www.europesays.com\/fr\/wp-json\/wp\/v2\/posts\/334611\/revisions"}],"wp:featuredmedia":[{"embeddable":true,"href":"https:\/\/www.europesays.com\/fr\/wp-json\/wp\/v2\/media\/334612"}],"wp:attachment":[{"href":"https:\/\/www.europesays.com\/fr\/wp-json\/wp\/v2\/media?parent=334611"}],"wp:term":[{"taxonomy":"category","embeddable":true,"href":"https:\/\/www.europesays.com\/fr\/wp-json\/wp\/v2\/categories?post=334611"},{"taxonomy":"post_tag","embeddable":true,"href":"https:\/\/www.europesays.com\/fr\/wp-json\/wp\/v2\/tags?post=334611"}],"curies":[{"name":"wp","href":"https:\/\/api.w.org\/{rel}","templated":true}]}}