{"id":334615,"date":"2025-08-21T19:22:13","date_gmt":"2025-08-21T19:22:13","guid":{"rendered":"https:\/\/www.europesays.com\/fr\/334615\/"},"modified":"2025-08-21T19:22:13","modified_gmt":"2025-08-21T19:22:13","slug":"joe-duplantier-gojira-raconte-le-moment-surrealiste-ou-il-a-appris-la-disparition-dozzy-osbourne","status":"publish","type":"post","link":"https:\/\/www.europesays.com\/fr\/334615\/","title":{"rendered":"Joe Duplantier (Gojira) raconte le moment surr\u00e9aliste o\u00f9 il a appris la disparition d\u2019Ozzy Osbourne"},"content":{"rendered":"<p><strong>Joe Duplantier a racont\u00e9 la mani\u00e8re inattendue dont il a appris la mort d\u2019<a href=\"https:\/\/www.metalzone.fr\/ozzy-osbourne\/\" rel=\"nofollow noopener\" target=\"_blank\">Ozzy Osbourne<\/a>, un moment survenu en plein concert et qui a profond\u00e9ment marqu\u00e9 les musiciens de <a href=\"https:\/\/www.metalzone.fr\/gojira\/\" rel=\"nofollow noopener\" target=\"_blank\">Gojira<\/a> et leur public.<\/strong><\/p>\n<p>Joe Duplantier apprend la disparition d\u2019Ozzy Osbourne<\/p>\n<p>Dans un entretien avec <a href=\"https:\/\/www.guitarworld.com\/artists\/guitarists\/joe-duplantier-gojira-20-years-of-from-mars-to-sirius\" target=\"_blank\" rel=\"nofollow noopener\">Guitar World<\/a>, le chanteur-guitariste de Gojira est revenu sur les circonstances troublantes de cette annonce. Alors que le groupe jouait \u00e0 Istanbul, un spectateur a brandi son t\u00e9l\u00e9phone, affichant le message \u201cRIP Ozzy\u201d. Surpris, Duplantier s\u2019est demand\u00e9 s\u2019il s\u2019agissait d\u2019une mauvaise blague avant de quitter la sc\u00e8ne quelques instants plus tard pour obtenir confirmation aupr\u00e8s de son manager.<\/p>\n<p>Le musicien a choisi d\u2019informer directement le public sans d\u00e9tour: \u201cJe l\u2019ai dit assez simplement. Je ne voulais pas en faire trop. La r\u00e9action a \u00e9t\u00e9 hallucinante : un silence total. Nous avons jou\u00e9 Flying Whales pour Ozzy tandis que la foule levait ses lumi\u00e8res [de t\u00e9l\u00e9phone]. J\u2019ai vu des gens pleurer\u201d, a-t-il confi\u00e9. La soir\u00e9e a pris une dimension encore plus symbolique, car le groupe avait pr\u00e9vu depuis longtemps d\u2019interpr\u00e9ter une reprise d\u2019Under The Sun de <a href=\"https:\/\/www.metalzone.fr\/black-sabbath\/\" rel=\"nofollow noopener\" target=\"_blank\">Black Sabbath<\/a> au cours du m\u00eame concert.<\/p>\n<p>Un hommage charg\u00e9 d\u2019\u00e9motion et une actualit\u00e9 intense<\/p>\n<p>Ce moment fort s\u2019inscrit dans une relation d\u00e9j\u00e0 particuli\u00e8re entre Gojira et l\u2019h\u00e9ritage de Black Sabbath. Le 5 juillet, les musiciens fran\u00e7ais avaient particip\u00e9 au concert d\u2019adieu du groupe britannique \u00e0 Birmingham, o\u00f9 ils avaient notamment jou\u00e9 Mea Culpa aux c\u00f4t\u00e9s de Marina Viotti, avant de rendre hommage avec Under The Sun, comme nous l\u2019avions rapport\u00e9 <a href=\"https:\/\/www.metalzone.fr\/news\/217123-gojira-mea-culpa-marina-viotti-concert-adieu-black-sabbath\/\" target=\"_blank\" rel=\"noopener nofollow\">ici<\/a>.<\/p>\n<p>Au-del\u00e0 de cet hommage \u00e0 Ozzy, Gojira pr\u00e9pare actuellement son huiti\u00e8me album. Mario Duplantier a r\u00e9cemment expliqu\u00e9 que ce disque marquera un retour \u00e0 des riffs massifs et \u00e0 une \u00e9nergie <a href=\"https:\/\/www.metalzone.fr\/heavy-metal\/\" rel=\"nofollow noopener\" target=\"_blank\">metal<\/a> affirm\u00e9e, tout en restant moderne, un point d\u00e9j\u00e0 \u00e9voqu\u00e9 <a href=\"https:\/\/www.metalzone.fr\/news\/218894-mario-duplantier-retour-riffs-massifs-prochain-gojira-metal-moderne-presque-termine\/\" target=\"_blank\" rel=\"noopener nofollow\">dans un pr\u00e9c\u00e9dent article<\/a>. L\u2019enregistrement est presque achev\u00e9 et devrait accompagner une nouvelle \u00e9tape pour le groupe.<\/p>\n<p>En parall\u00e8le, une grande tourn\u00e9e fran\u00e7aise est pr\u00e9vue \u00e0 l\u2019automne, avec douze dates dans les plus grandes salles, dont l\u2019Accor Arena de Paris le 30 novembre. Ces concerts permettront aux fans de retrouver un groupe marqu\u00e9 par une actualit\u00e9 dense et des hommages poignants, comme celui rendu au Prince des T\u00e9n\u00e8bres \u00e0 Istanbul.<\/p>\n","protected":false},"excerpt":{"rendered":"Joe Duplantier a racont\u00e9 la mani\u00e8re inattendue dont il a appris la mort d\u2019Ozzy Osbourne, un moment survenu&hellip;\n","protected":false},"author":2,"featured_media":334616,"comment_status":"","ping_status":"","sticky":false,"template":"","format":"standard","meta":{"footnotes":""},"categories":[1355],"tags":[58,59,1011,27,1361,873],"class_list":{"0":"post-334615","1":"post","2":"type-post","3":"status-publish","4":"format-standard","5":"has-post-thumbnail","7":"category-musique","8":"tag-divertissement","9":"tag-entertainment","10":"tag-fr","11":"tag-france","12":"tag-music","13":"tag-musique"},"share_on_mastodon":{"url":"https:\/\/pubeurope.com\/@fr\/115068386988036051","error":""},"_links":{"self":[{"href":"https:\/\/www.europesays.com\/fr\/wp-json\/wp\/v2\/posts\/334615","targetHints":{"allow":["GET"]}}],"collection":[{"href":"https:\/\/www.europesays.com\/fr\/wp-json\/wp\/v2\/posts"}],"about":[{"href":"https:\/\/www.europesays.com\/fr\/wp-json\/wp\/v2\/types\/post"}],"author":[{"embeddable":true,"href":"https:\/\/www.europesays.com\/fr\/wp-json\/wp\/v2\/users\/2"}],"replies":[{"embeddable":true,"href":"https:\/\/www.europesays.com\/fr\/wp-json\/wp\/v2\/comments?post=334615"}],"version-history":[{"count":0,"href":"https:\/\/www.europesays.com\/fr\/wp-json\/wp\/v2\/posts\/334615\/revisions"}],"wp:featuredmedia":[{"embeddable":true,"href":"https:\/\/www.europesays.com\/fr\/wp-json\/wp\/v2\/media\/334616"}],"wp:attachment":[{"href":"https:\/\/www.europesays.com\/fr\/wp-json\/wp\/v2\/media?parent=334615"}],"wp:term":[{"taxonomy":"category","embeddable":true,"href":"https:\/\/www.europesays.com\/fr\/wp-json\/wp\/v2\/categories?post=334615"},{"taxonomy":"post_tag","embeddable":true,"href":"https:\/\/www.europesays.com\/fr\/wp-json\/wp\/v2\/tags?post=334615"}],"curies":[{"name":"wp","href":"https:\/\/api.w.org\/{rel}","templated":true}]}}