{"id":334619,"date":"2025-08-21T19:24:13","date_gmt":"2025-08-21T19:24:13","guid":{"rendered":"https:\/\/www.europesays.com\/fr\/334619\/"},"modified":"2025-08-21T19:24:13","modified_gmt":"2025-08-21T19:24:13","slug":"chikungunya-loccitanie-entre-dans-lage-dor-du-moustique-pourquoi-les-prochaines-semaines-sannoncent-particulierement-a-risque","status":"publish","type":"post","link":"https:\/\/www.europesays.com\/fr\/334619\/","title":{"rendered":"Chikungunya\u00a0: l\u2019Occitanie \u00ab\u00a0entre dans l\u2019\u00e2ge d\u2019or du moustique\u00a0\u00bb, pourquoi les prochaines semaines s\u2019annoncent particuli\u00e8rement \u00e0 risque"},"content":{"rendered":"<p>\n                                                                Pour la premi\u00e8re fois, deux foyers \u00e9pid\u00e9miques de chikungunya autochtone se sont form\u00e9s cet \u00e9t\u00e9 en Occitanie, malgr\u00e9 une canicule et une s\u00e9cheresse peu favorables. La baisse des temp\u00e9ratures et le retour des orages donnent\u00a0\u00e0 l\u2019insecte des conditions optimales \u00e0 sa prolif\u00e9ration.\n                            <\/p>\n<p>\u00ab\u00a0Il faut redoubler de vigilance, et supprimer tous les g\u00eetes larvaires\u00a0\u00bb\u00a0: Didier Fontenillle, chercheur \u00e9m\u00e9rite \u00e0 l\u2019IRD, est sur le qui-vive, en cette fin ao\u00fbt. En le disant autrement, il invite \u00e0\u00a0vider les coupelles d\u2019eau stagnante apr\u00e8s l\u2019orage ou l\u2019arrosage, et \u00e0\u00a0changer r\u00e9guli\u00e8rement l\u2019eau des vases de fleurs. Ce sont des \u00ab\u00a0nids\u00a0\u00bb de moustique tigre, l\u2019aedes albopictus, vecteur de la dengue, du chikungunya, ou encore de zika.<\/p>\n<p>2025 a \u00e9t\u00e9 une ann\u00e9e hors normes\u00a0: la premi\u00e8re partie de l\u2019\u00e9t\u00e9 a vu appara\u00eetre deux\u00a0\u00ab\u00a0clusters\u00a0\u00bb d\u2019une quinzaine de cas de\u00a0chikungunya autochtone en Occitanie, autour de Castries, en p\u00e9riph\u00e9rie de Montpellier, et dans le secteur de Poulx Cavairac, dans le Gard. In\u00e9dit. Ces foyers sont encore actifs, pr\u00e9cise le Dr Marie-Claire Paty, coordonnatrice de la surveillance des maladies vectorielles \u00e0 <a href=\"https:\/\/www.santepubliquefrance.fr\/maladies-et-traumatismes\/maladies-a-transmission-vectorielle\/chikungunya\/documents\/bulletin-national\/chikungunya-dengue-zika-et-west-nile-en-france-hexagonale.-bulletin-de-la-surveillance-renforcee-du-20-aout-2025\" target=\"_self\" rel=\"nofollow noopener\">Sant\u00e9 publique France<\/a>, qui rappelle que \u00ab\u00a027 foyers de chikungunya autochtone\u00a0\u00bb sont d\u00e9j\u00e0 comptabilis\u00e9s en France m\u00e9tropolitaine et Corse\u00a0en 2025, contre \u00ab\u00a04 foyers de 2010 \u00e0 2024\u00a0\u00bb. \u00ab\u00a0C\u2019est consid\u00e9rable\u00a0\u00bb, admet-elle.<\/p>\n<p>Le chiffre est aussi stup\u00e9fiant\u00a0au regard du nombre de cas\u00a0: 154 d\u00e9j\u00e0 cette ann\u00e9e, contre 32 de 2010 \u00e0 2024.<\/p>\n<p>        <img decoding=\"async\" class=\"std-img__img responsive-img\" src=\"https:\/\/www.europesays.com\/fr\/wp-content\/uploads\/2025\/08\/1755804253_81_image.png\" alt=\"La situation de l\u2019\u00e9t\u00e9 2025 est in\u00e9dite.\"\/><\/p>\n<p>                La situation de l\u2019\u00e9t\u00e9 2025 est in\u00e9dite.<br \/>\n                                    Midi Libre &#8211; ANTOINE LLOP<\/p>\n<p>En m\u00eame temps, l\u2019agence de sant\u00e9 de l\u2019Union europ\u00e9enne a fait \u00e9tat, le 20\u00a0ao\u00fbt, d\u2019un nombre record de cas de maladies transmises par les moustiques. Du chikungunya encore, mais aussi du virus du Nil occidental, la fi\u00e8vre West Nile, transmise via notre moustique commun, le Culex.<\/p>\n<p>En France, les conditions n\u2019\u00e9taient pourtant pas favorables, avec deux \u00e9pisodes de canicule assortis d\u2019une s\u00e9cheresse. Le moustique tigre, aedes albopictus, \u00ab\u00a0a besoin d\u2019eau et de chaleur, sans exc\u00e8s\u00a0\u00bb, pour pulluler, rappelle Didier Fontenille.\u00a0\u00ab\u00a0La p\u00e9riode que nous venons de vivre a fait baisser la densit\u00e9 des moustiques\u00a0\u00bb.<\/p>\n<p>La fin du mois d\u2019ao\u00fbt, ses orages, et\u00a0l\u2019\u00e9t\u00e9 indien qui s\u2019invite habituellement jusqu\u2019en octobre, sont d\u00e9sormais\u00a0propices \u00e0 la prolif\u00e9ration des larves.<\/p>\n<p>    Charlotte Boull\u00e9, infectiologue, veut suivre une cohorte en Occitanie<\/p>\n<p>Plus de la moiti\u00e9 des personnes infect\u00e9es par le virus chikungunya gardent des s\u00e9quelles articulaires alt\u00e9rant de fa\u00e7on significative leur qualit\u00e9 de vie deux ans apr\u00e8s l\u2019infection, r\u00e9v\u00e9lait, en 2012, une\u00a0\u00e9tude de l\u2019Institut de veille sanitaire (InVS) et de l\u2019Inserm, r\u00e9alis\u00e9e sur des cas import\u00e9s en m\u00e9tropole. En 2025, l\u2019institut Pasteur a revu le chiffre l\u00e9g\u00e8rement \u00e0 la baisse, \u00e0 40\u00a0% de personnes malades, selon<a href=\"https:\/\/www.sciencesetavenir.fr\/sante\/epidemie-de-chikungunya-40-des-malades-developpent-une-forme-chronique-de-la-maladie_185290\" target=\"_self\" rel=\"nofollow noopener\"> Science et avenir<\/a>.<\/p>\n<p>\u00ab\u00a0Le chikungunya provoque une fi\u00e8vre et des douleurs articulaires s\u00e9v\u00e8res, souvent handicapantes et pouvant durer longtemps. Les autres sympt\u00f4mes possibles comprennent une tum\u00e9faction des articulations, des douleurs musculaires, des c\u00e9phal\u00e9es, des naus\u00e9es, de la fatigue et des \u00e9ruptions cutan\u00e9es\u00a0\u00bb, pr\u00e9cise<a href=\"https:\/\/www.who.int\/fr\/news-room\/fact-sheets\/detail\/chikungunya\" target=\"_self\" rel=\"nofollow noopener\"> l\u2019organisation mondiale de la sant\u00e9<\/a>, au printemps 2025.<\/p>\n<p>La R\u00e9union, avec 200\u00a0000 personnes touch\u00e9es (20 d\u00e9c\u00e8s) cette ann\u00e9e, est \u00e9videmment en premi\u00e8re ligne.<\/p>\n<p>En Occitanie, la situation est suivie avec attention par le service des maladies infectieuses du CHU de Montpellier. \u00ab\u00a0Il n\u2019y a pas de suivi syst\u00e9matique, mais des gens arrivent chez nous sur orientation de leur m\u00e9decin traitant, ou spontan\u00e9ment\u00a0\u00bb, explique le Dr Charlotte Boull\u00e9, qui confirme des tableaux cliniques de handicaps lourds, des arthralgies s\u00e9v\u00e8res \u00ab\u00a0tr\u00e8s bien d\u00e9crites dans la litt\u00e9rature scientifique\u00a0\u00bb, qui persistent\u00a0\u00ab\u00a0dans les deux ans qui suivent une infection, souvent des jeunes, avec des cons\u00e9quences socio-\u00e9conomiques\u00a0\u00bb, pr\u00e9cise-t-elle.<\/p>\n<p>Si le traitement, \u00e0 base d\u2019anti-inflammatoires, est commun, le m\u00e9decin d\u00e9conseille fortement de proc\u00e9der \u00e0 l\u2019autom\u00e9dication\u00a0: \u00ab\u00a0Il faut v\u00e9rifier, par un bilan, que les sympt\u00f4mes ne sont pas ceux d\u2019une autre pathologie\u00a0\u00bb, une polyarthrite rhumato\u00efde par exemple. Si elle est rarement un \u00ab\u00a0d\u00e9clencheur\u00a0\u00bb, une infection aigu\u00eb peut en effet\u00a0\u00eatre un \u00ab\u00a0r\u00e9v\u00e9lateur\u00a0\u00bb.<\/p>\n<p>En association avec des coll\u00e8gues de Paca, Charlotte Boull\u00e9 a d\u00e9pos\u00e9 un projet de recherche et une demande de financement aupr\u00e8s de l\u2019ANRS (Agence nationale de recherche scientifique), sur une cohorte de patients vivant en Occitanie \u00e0 qui elle souhaite proposer un cadre de d\u00e9pistage et de suivi.<\/p>\n<p>La dengue \u00e0 l\u2019automne\u00a0?<\/p>\n<p>\u00ab\u00a0On s\u2019attend \u00e0 avoir de nouveaux foyers de moustiques fin ao\u00fbt, et ils seront importants\u00a0\u00bb, annonce le scientifique, qui a du mal \u00e0 \u00ab\u00a0\u00e9tablir une fronti\u00e8re entre la notion de foyer et celle d\u2019\u00e9pid\u00e9mie\u00a0\u00bb. Il pr\u00e9f\u00e8re parler de \u00ab\u00a0mini-\u00e9pid\u00e9mies\u00a0\u00bb. Il avait vu juste, au printemps, en pr\u00e9disant que le nombre de cas autochtones se compterait par\u00a0\u00ab\u00a0centaines\u00a0\u00bb en m\u00e9tropole.<\/p>\n<p>Au 12\u00a0ao\u00fbt, 115 cas \u00e9taient d\u00e9j\u00e0 recens\u00e9s. Si la situation ne\u00a0\u00ab\u00a0surprend\u00a0pas\u00a0\u00bb\u00a0Didier Fontenille, la taille des \u00ab\u00a0clusters\u00a0\u00bb ou des \u00ab\u00a0mini-foyers \u00e9pid\u00e9miques\u00a0\u00bb du sud de la France, une quinzaine de malades chaque fois, l\u2019interroge.<\/p>\n<p>\u00ab\u00a0Hier, le virus a beaucoup circul\u00e9, \u00e0 la R\u00e9union, \u00e0 Mayotte et m\u00eame en Chine, dans des zones d\u2019\u00e9change\u00a0avec la France. Aujourd\u2019hui, des gens rentrent de vacances en Asie, en Am\u00e9rique du Sud\u2026 ils vont continuer \u00e0 ramener du virus\u00a0\u00bb, souligne-t-il. La condition sine qua non pour faire de cas import\u00e9s un foyer autochtone.<\/p>\n<p>La situation sur le front du chikungunya est doubl\u00e9e\u00a0d\u2019une autre r\u00e9alit\u00e9\u00a0: la mont\u00e9e en puissance des cas de dengue, une autre maladie transmise par le moustique tigre. \u00ab\u00a0Chaque ann\u00e9e, c\u2019est en automne qu\u2019on voit le plus de cas de dengue en France m\u00e9tropolitaine\u00a0\u00bb, alerte Didier Fontenille.<\/p>\n<p>11 cas sont aujourd\u2019hui recens\u00e9s, dont un en Occitanie.<\/p>\n<p>Guillaume Lacour, de la soci\u00e9t\u00e9 Altopictus, l\u2019interlocuteur des collectivit\u00e9s et des autorit\u00e9s de sant\u00e9 pour les op\u00e9rations de d\u00e9moustication, refait le fil de l\u2019histoire des maladies transmises par le moustique tigre en Occitanie\u00a0: \u00ab\u00a0En 2014, 12 cas autochtones de ckikungunya \u00e0 Montpellier. En 2023, 11 cas de dengue \u00e0 Perpignan. On s\u2019attendait \u00e0 vivre la\u00a0situation compliqu\u00e9e de cet \u00e9t\u00e9, qui a \u00e9puis\u00e9 les \u00e9quipes envoy\u00e9es sur le terrain.\u00a0On n\u2019est plus sur de l\u2019exceptionnel, ce ne sont plus des maladies tropicales\u00a0\u00bb.<\/p>\n<p>    Marie-Claire Paty, \u00e0 Sant\u00e9 publique France\u00a0: \u00ab\u00a0Une nouvelle normalit\u00e9\u00a0\u00bb<\/p>\n<p>Comment expliquer la multiplication de cas autochtones de maladies transmises jusqu\u2019ici tropicales, la dengue et le chikungunya\u00a0?<\/p>\n<p>\u00ab\u00a0Cette situation exceptionnelle est multifactorielle, dans un contexte g\u00e9n\u00e9ral favorable \u00e0 la multiplication des moustiques\u00a0\u00bb, indique Marie-Claire Paty, coordonnatrice de la surveillance des maladies vectorielles \u00e0 Sant\u00e9 publique France, qui \u00e9voque en premier lieu l\u2019\u00e9pid\u00e9mie pr\u00e9coce de chikungunya \u00e0 la R\u00e9union, et, plus largement, dans l\u2019Oc\u00e9an indien.<\/p>\n<p>Au-del\u00e0, elle explique qu'\u00a0\u00bbon est en train d\u2019arriver dans une nouvelle normalit\u00e9\u00a0\u00bb, vers \u00ab\u00a0quelque chose qui est appel\u00e9 \u00e0 s\u2019aggraver\u00a0\u00bb. \u00ab\u00a0Dans le pourtour m\u00e9diterran\u00e9en, mais pas uniquement. Le moustique tigre est arriv\u00e9 en 2004 par l\u2019Italie, ce qui explique sa forte pr\u00e9sence en Paca et en Occitanie. Mais il est aussi d\u00e9sormais tr\u00e8s bien implant\u00e9 en Auvergne-Rh\u00f4ne Alpes et Nouvelle Aquitaine, et on a cette ann\u00e9e un cas autochtone de chikungunya dans le Grand Est\u00a0\u00bb, pr\u00e9cise Marie-Claire Paty.<\/p>\n<p>\u00c0 son tour, elle rappelle qu\u2019on est encore loin d\u2019un bilan 2025 d\u00e9finitif\u00a0: \u00ab\u00a0La saison du moustique, c\u2019est ao\u00fbt et septembre, ce n\u2019est absolument pas fini\u00a0\u00bb.<\/p>\n<p>\u00ab\u00a0Cette ann\u00e9e, en m\u00e9tropole, on a, pour l\u2019instant, r\u00e9ussi \u00e0 contenir tous les foyers \u00e9pid\u00e9miques gr\u00e2ce aux signalements pr\u00e9coces qui permettent de faire des op\u00e9rations de d\u00e9moustication rapidement, gr\u00e2ce \u00e0 la r\u00e9activit\u00e9 des ARS, de nos \u00e9quipes, des op\u00e9rateurs qui interviennent sur le terrain. Mais il y a un risque de saturation\u00a0\u00bb, alerte Marie-Claire Paty qui rappelle, en \u00e9cho \u00e0 l\u2019alerte de l\u2019agence de sant\u00e9 de l\u2019Union europ\u00e9enne, le 20\u00a0ao\u00fbt, que la probl\u00e9matique \u00ab\u00a0sant\u00e9\u00a0\u00bb du moustique ne s\u2019arr\u00eate pas \u00e0 aedes albopictus, cet insecte exotique que se pla\u00eet d\u00e9sormais chez nous.<\/p>\n","protected":false},"excerpt":{"rendered":"Pour la premi\u00e8re fois, deux foyers \u00e9pid\u00e9miques de chikungunya autochtone se sont form\u00e9s cet \u00e9t\u00e9 en Occitanie, malgr\u00e9&hellip;\n","protected":false},"author":2,"featured_media":334620,"comment_status":"","ping_status":"","sticky":false,"template":"","format":"standard","meta":{"footnotes":""},"categories":[10],"tags":[1011,27,72,71],"class_list":{"0":"post-334619","1":"post","2":"type-post","3":"status-publish","4":"format-standard","5":"has-post-thumbnail","7":"category-sante","8":"tag-fr","9":"tag-france","10":"tag-health","11":"tag-sante"},"share_on_mastodon":{"url":"https:\/\/pubeurope.com\/@fr\/115068394899908314","error":""},"_links":{"self":[{"href":"https:\/\/www.europesays.com\/fr\/wp-json\/wp\/v2\/posts\/334619","targetHints":{"allow":["GET"]}}],"collection":[{"href":"https:\/\/www.europesays.com\/fr\/wp-json\/wp\/v2\/posts"}],"about":[{"href":"https:\/\/www.europesays.com\/fr\/wp-json\/wp\/v2\/types\/post"}],"author":[{"embeddable":true,"href":"https:\/\/www.europesays.com\/fr\/wp-json\/wp\/v2\/users\/2"}],"replies":[{"embeddable":true,"href":"https:\/\/www.europesays.com\/fr\/wp-json\/wp\/v2\/comments?post=334619"}],"version-history":[{"count":0,"href":"https:\/\/www.europesays.com\/fr\/wp-json\/wp\/v2\/posts\/334619\/revisions"}],"wp:featuredmedia":[{"embeddable":true,"href":"https:\/\/www.europesays.com\/fr\/wp-json\/wp\/v2\/media\/334620"}],"wp:attachment":[{"href":"https:\/\/www.europesays.com\/fr\/wp-json\/wp\/v2\/media?parent=334619"}],"wp:term":[{"taxonomy":"category","embeddable":true,"href":"https:\/\/www.europesays.com\/fr\/wp-json\/wp\/v2\/categories?post=334619"},{"taxonomy":"post_tag","embeddable":true,"href":"https:\/\/www.europesays.com\/fr\/wp-json\/wp\/v2\/tags?post=334619"}],"curies":[{"name":"wp","href":"https:\/\/api.w.org\/{rel}","templated":true}]}}