{"id":334622,"date":"2025-08-21T19:26:10","date_gmt":"2025-08-21T19:26:10","guid":{"rendered":"https:\/\/www.europesays.com\/fr\/334622\/"},"modified":"2025-08-21T19:26:10","modified_gmt":"2025-08-21T19:26:10","slug":"kim-kardashian-sa-nouvelle-routine-beaute-coreenne-fait-froid-dans-le-dos","status":"publish","type":"post","link":"https:\/\/www.europesays.com\/fr\/334622\/","title":{"rendered":"Kim Kardashian : sa nouvelle routine beaut\u00e9 cor\u00e9enne fait froid dans le dos"},"content":{"rendered":"<p data-start=\"489\" data-end=\"719\"><a href=\"https:\/\/www.closermag.fr\/people\/kim-kardashian-se-devoile-totalement-au-naturel-et-on-peine-a-la-reconnaitre-3572607\" target=\"_blank\" rel=\"noopener\"><br \/>\nKim Kardashian<\/a> sait comment faire parler d\u2019elle, et son dernier<br \/>\ns\u00e9jour en <a href=\"https:\/\/www.closermag.fr\/tv_tele_realite\/antoine-de-maximy-jai-perdu-mes-ce-tournage-de-jirai-dormir-chez-vous-est-parti-en-sucette-et-il-dit-tout-3566463\" target=\"_blank\" rel=\"noopener\"><br \/>\nCor\u00e9e du Sud<\/a> n\u2019a pas d\u00e9rog\u00e9 \u00e0 la r\u00e8gle. La <a href=\"https:\/\/www.closermag.fr\/people\/kim-kardashian-tandis-quelle-va-diner-en-soutien-gorge-sexy-sa-fille-north-devoile-un-nouveau-look-surprenant-3554306\" target=\"_blank\" rel=\"noopener\"><br \/>\nm\u00e8re de famille<\/a> de 44 ans a partag\u00e9 une s\u00e9rie de clich\u00e9s<br \/>\n\u00e9tonnants qui montrent <strong>des soins de beaut\u00e9\u2026 pas comme les<br \/>\nautres.<\/strong><\/p>\n<p data-start=\"721\" data-end=\"1016\">Accompagn\u00e9e de sa s\u0153ur <a href=\"https:\/\/www.closermag.fr\/royautes\/meghan-markle-tente-de-sauver-son-business-avec-les-kardashian-mais-la-reaction-de-khloe-la-humiliee-3571023\" target=\"_blank\" rel=\"noopener\"><br \/>\nKhloe<\/a>, de l&rsquo;actrice am\u00e9ricaine La La Anthony et de son amie<br \/>\nStephanie Shepherd, <a href=\"https:\/\/www.closermag.fr\/people\/kanye-west-ces-visiteurs-derangeants-recus-en-presence-des-enfants-font-vriller-kim-kardashian-elle-explose-3529731\" target=\"_blank\" rel=\"noopener\"><br \/>\nl&rsquo;ex-compagne de Kanye West<\/a> a document\u00e9 son voyage entre<br \/>\nmoments glamour et exp\u00e9riences beaut\u00e9 exp\u00e9rimentales. Mais<br \/>\n<strong>une photo en particulier<\/strong> a glac\u00e9 ses abonn\u00e9s : on<br \/>\ny voit son bras band\u00e9, reli\u00e9 \u00e0 une injection d\u2019un liquide violet<br \/>\nvif.<\/p>\n<p>Une injection violette qui<br \/>\nintrigue et inqui\u00e8te ses fans<\/p>\n<p data-start=\"1080\" data-end=\"1478\">Dans ce clich\u00e9 marquant, Kim<br \/>\nappara\u00eet d\u00e9tendue malgr\u00e9 l\u2019aiguille plant\u00e9e dans son bras. La<br \/>\ncouleur flashy du liquide n\u2019a pas tard\u00e9 \u00e0 enflammer les<br \/>\ncommentaires. Un abonn\u00e9 a demand\u00e9, inquiet : \u00ab\u00a0Qu&rsquo;est-ce que tu<br \/>\ninjectes dans ton bras ? On dirait un smoothie.\u00a0\u00bb D\u2019autres,<br \/>\nplus admiratifs, l\u2019ont f\u00e9licit\u00e9e pour son audace : \u00ab\u00a0Oui, vas y<br \/>\ngirl !\u00a0\u00bb ou encore \u00ab\u00a0Honn\u00eatement, le mood skincare est top<br \/>\nl\u00e0.\u00a0\u00bb<\/p>\n<p data-start=\"1480\" data-end=\"1802\">Celle qui poss\u00e8de une sublime<br \/>\ndemeure \u00e0 <a href=\"https:\/\/www.closermag.fr\/people\/kim-kardashian-a-quoi-ressemble-linterieur-de-sa-sublime-villa-a-calabasas-3540544\" target=\"_blank\" rel=\"noopener\"><br \/>\nCalabasas<\/a> n\u2019a donn\u00e9 aucune explication d\u00e9taill\u00e9e sur la nature<br \/>\nde ce soin, pr\u00e9f\u00e9rant l\u00e9gender simplement sa publication par :<br \/>\n<strong>\u00ab\u00a0Les choses qu&rsquo;on fait&#8230;\u00a0\u00bb<\/strong> D\u2019autres<br \/>\nphotos de la s\u00e9rie montrent \u00e9galement la star avec des pansements<br \/>\ncoll\u00e9s sur ses sourcils, sans doute apr\u00e8s une teinture, ainsi qu\u2019un<br \/>\nmasque blanc appliqu\u00e9 sur son visage. En parall\u00e8le, Kim en a<br \/>\nprofit\u00e9 pour promouvoir son incontournable marque SKIMS. Avec Khloe<br \/>\net La La Anthony, elle a test\u00e9 le <strong>Seamless Sculpt Face<br \/>\nWrap<\/strong>, une nouveaut\u00e9 cens\u00e9e remodeler les contours du<br \/>\nvisage.<\/p>\n<blockquote class=\"instagram-media\" style=\"background: #ffffff;border: 0;margin: 1px;width: 100%;padding: 0;max-width: 500px;\" data-instgrm-permalink=\"https:\/\/www.instagram.com\/p\/DNlVYrMR6uJ\/?img_index=6\" data-instgrm-version=\"14\"\/>\n<blockquote class=\"instagram-media\" style=\"background: #ffffff;border: 0;margin: 1px;width: 100%;padding: 0;max-width: 500px;\" data-instgrm-permalink=\"https:\/\/www.instagram.com\/p\/DNlVYrMR6uJ\/?img_index=8\" data-instgrm-version=\"14\"\/><p>\nEntre<br \/>\nextravagance beaut\u00e9 et parcours sant\u00e9<\/p>\n<p data-start=\"145\" data-end=\"571\">Si ce genre de pratique<br \/>\nsurprend, Kim Kardashian n\u2019h\u00e9site pas non plus \u00e0 parler de ses<br \/>\nsoins m\u00e9dicaux. Plus t\u00f4t ce mois-ci, elle avait partag\u00e9 son<br \/>\nexp\u00e9rience avec la th\u00e9rapie par cellules souches. Elle expliquait :<br \/>\n\u00ab\u00a0Je suis tellement excit\u00e9e de partager avec vous <strong>mon<br \/>\nparcours avec les cellules souches<\/strong>. Il y a deux ans, je me<br \/>\nsuis d\u00e9chir\u00e9 l\u2019\u00e9paule en soulevant des poids, ce qui m\u2019a laiss\u00e9e<br \/>\navec une douleur insupportable.\u00a0\u00bb<\/p>\n<p data-start=\"573\" data-end=\"1045\">Apr\u00e8s avoir test\u00e9 ce traitement<br \/>\navec le Dr Adeel Khan, elle affirmait avoir retrouv\u00e9 toute sa<br \/>\nmobilit\u00e9 : \u00ab\u00a0J\u2019ai retrouv\u00e9 toute l\u2019amplitude de mouvement et mon<br \/>\n\u00e9paule est redevenue compl\u00e8tement normale depuis.\u00a0\u00bb Elle ajoutait<br \/>\nque la m\u00eame technique lui avait permis de dire adieu \u00e0 ses douleurs<br \/>\nchroniques au dos : \u00ab\u00a0Le traitement Muse par cellules souches a<br \/>\nencore une fois \u00e9t\u00e9 une r\u00e9volution. J\u2019ai ressenti un soulagement<br \/>\nimm\u00e9diat, et cette douleur atroce a enfin disparu.\u00a0\u00bb Pendant ce<br \/>\ntemps, l\u2019actualit\u00e9 de Kim reste marqu\u00e9e par son ex-mari. Dans un<br \/>\ndocumentaire \u00e0 venir, on la voit en larmes face au rappeur, lui<br \/>\nreprochant <strong>d\u2019avoir chang\u00e9 depuis qu\u2019il a arr\u00eat\u00e9 ses<br \/>\nm\u00e9dicaments<\/strong>. \u00ab\u00a0Ta personnalit\u00e9 n\u2019\u00e9tait pas comme \u00e7a il<br \/>\ny a quelques ann\u00e9es\u00a0\u00bb, lui dit-elle, boulevers\u00e9e, avant qu\u2019il<br \/>\nne quitte la pi\u00e8ce furieux.<\/p>\n<p><script async src=\"\/\/www.instagram.com\/embed.js\"><\/script><\/p>\n","protected":false},"excerpt":{"rendered":"Kim Kardashian sait comment faire parler d\u2019elle, et son dernier s\u00e9jour en Cor\u00e9e du Sud n\u2019a pas d\u00e9rog\u00e9&hellip;\n","protected":false},"author":2,"featured_media":334623,"comment_status":"","ping_status":"","sticky":false,"template":"","format":"standard","meta":{"footnotes":""},"categories":[8],"tags":[548,5640,58,59,1011,27,47188,35378,8932,47189],"class_list":{"0":"post-334622","1":"post","2":"type-post","3":"status-publish","4":"format-standard","5":"has-post-thumbnail","7":"category-divertissement","8":"tag-article-simple","9":"tag-coree-du-sud","10":"tag-divertissement","11":"tag-entertainment","12":"tag-fr","13":"tag-france","14":"tag-injections","15":"tag-khloe-kardashian","16":"tag-kim-kardashian","17":"tag-soin-de-la-peau"},"share_on_mastodon":{"url":"https:\/\/pubeurope.com\/@fr\/115068402703200834","error":""},"_links":{"self":[{"href":"https:\/\/www.europesays.com\/fr\/wp-json\/wp\/v2\/posts\/334622","targetHints":{"allow":["GET"]}}],"collection":[{"href":"https:\/\/www.europesays.com\/fr\/wp-json\/wp\/v2\/posts"}],"about":[{"href":"https:\/\/www.europesays.com\/fr\/wp-json\/wp\/v2\/types\/post"}],"author":[{"embeddable":true,"href":"https:\/\/www.europesays.com\/fr\/wp-json\/wp\/v2\/users\/2"}],"replies":[{"embeddable":true,"href":"https:\/\/www.europesays.com\/fr\/wp-json\/wp\/v2\/comments?post=334622"}],"version-history":[{"count":0,"href":"https:\/\/www.europesays.com\/fr\/wp-json\/wp\/v2\/posts\/334622\/revisions"}],"wp:featuredmedia":[{"embeddable":true,"href":"https:\/\/www.europesays.com\/fr\/wp-json\/wp\/v2\/media\/334623"}],"wp:attachment":[{"href":"https:\/\/www.europesays.com\/fr\/wp-json\/wp\/v2\/media?parent=334622"}],"wp:term":[{"taxonomy":"category","embeddable":true,"href":"https:\/\/www.europesays.com\/fr\/wp-json\/wp\/v2\/categories?post=334622"},{"taxonomy":"post_tag","embeddable":true,"href":"https:\/\/www.europesays.com\/fr\/wp-json\/wp\/v2\/tags?post=334622"}],"curies":[{"name":"wp","href":"https:\/\/api.w.org\/{rel}","templated":true}]}}