{"id":334626,"date":"2025-08-21T19:28:11","date_gmt":"2025-08-21T19:28:11","guid":{"rendered":"https:\/\/www.europesays.com\/fr\/334626\/"},"modified":"2025-08-21T19:28:11","modified_gmt":"2025-08-21T19:28:11","slug":"droits-de-douane-americains-sur-le-vin-les-exportateurs-francais-decus-mais-pas-resignes-21-08-2025-a-2017","status":"publish","type":"post","link":"https:\/\/www.europesays.com\/fr\/334626\/","title":{"rendered":"Droits de douane am\u00e9ricains sur le vin: les exportateurs fran\u00e7ais d\u00e9\u00e7us mais pas r\u00e9sign\u00e9s &#8211; 21\/08\/2025 \u00e0 20:17"},"content":{"rendered":"<p>        <img fetchpriority=\"high\" decoding=\"async\" src=\"https:\/\/www.europesays.com\/fr\/wp-content\/uploads\/2025\/08\/d1ec81ec952ad539637a16c76b86b480-760x519.jpg\" alt=\"Les exportateurs francais tr\u00e8s d\u00e9\u00e7us apr\u00e8s l'\u00e9chec des n\u00e9gociations sur l'exemption des droits de douane sur le vin et les spiritueux ( AFP \/ GEORGES GOBET )\" loading=\"eager\" width=\"760\" height=\"519\" style=\"max-width: 100%!important; height: auto;\"\/><\/p>\n<p class=\"c-image-news__legend\">Les exportateurs francais tr\u00e8s d\u00e9\u00e7us apr\u00e8s l&rsquo;\u00e9chec des n\u00e9gociations sur l&rsquo;exemption des droits de douane sur le vin et les spiritueux ( AFP \/ GEORGES GOBET )<\/p>\n<p>\n Une \u00ab\u00a0immense d\u00e9ception\u00a0\u00bb: producteurs et exportateurs fran\u00e7ais de vins ont d\u00e9plor\u00e9 jeudi l&rsquo;\u00e9chec des n\u00e9gociations pour exempter leurs produits des 15% de droits de douane am\u00e9ricains, tout en insistant sur la possibilit\u00e9 de poursuivre les discussions avec les Etats-Unis, premier march\u00e9 de la fili\u00e8re \u00e0 l&rsquo;export.\n<\/p>\n<p>\n \u00ab\u00a0Il y a une immense d\u00e9ception, parce qu&rsquo;on a travaill\u00e9 \u00e9norm\u00e9ment pour obtenir l&rsquo;exemption et elle \u00e9tait \u00e0 port\u00e9e de main. Nous avons la certitude que cela entra\u00eenera de grosses difficult\u00e9s pour la fili\u00e8re des vins et spiritueux\u00a0\u00bb, a d\u00e9clar\u00e9 \u00e0 l&rsquo;AFP Gabriel Picard, pr\u00e9sident de la F\u00e9d\u00e9ration fran\u00e7aise des exportateurs de vins et spiritueux (FEVS).\n<\/p>\n<p>\n Selon lui, ces 15% s&rsquo;ajouteront aux \u00ab\u00a015% d&rsquo;effets de change que la fili\u00e8re observe d\u00e9j\u00e0\u00a0\u00bb en exportant aux Etats-Unis, son premier march\u00e9, du fait de la faiblesse actuelle du dollar par rapport \u00e0 l&rsquo;euro.\n<\/p>\n<p>\n En 2024, l&rsquo;UE a export\u00e9 pour 8 milliards d&rsquo;euros d&rsquo;alcools, dont plus de 5 milliards de vin, aux Etats-Unis, son premier march\u00e9 \u00e0 l&rsquo;exportation.\n<\/p>\n<p>\n La France repr\u00e9sente environ la moiti\u00e9: 2,4 milliards d&rsquo;euros de vin et 1,5 milliard de spiritueux ont \u00e9t\u00e9 \u00e9coul\u00e9s aux Etats-Unis (environ 25% de ses exportations).\n<\/p>\n<p>\n \u00ab\u00a0La d\u00e9fense de nos secteurs \u00e0 l&rsquo;export reste notre priorit\u00e9. L&rsquo;accord laisse ouverte la possibilit\u00e9 d&rsquo;exemptions additionnelles, nous y travaillerons\u00a0\u00bb, a r\u00e9agi pour sa part le ministre fran\u00e7ais du Commerce ext\u00e9rieur Laurent Saint-Martin.\n<\/p>\n<p>\n Gabriel Picard, qui a salu\u00e9 l&rsquo;engagement de la Commission europ\u00e9enne et de la France aupr\u00e8s de la fili\u00e8re, esp\u00e8re que \u00ab\u00a0ce n&rsquo;est pas la fin de l&rsquo;histoire\u00a0\u00bb: \u00ab\u00a0il y a encore des portes ouvertes pour n\u00e9gocier (&#8230;) des exemptions ou des am\u00e9nagements (&#8230;) on a encore un fil de discussion ouvert, \u00e7a ne va pas changer le tr\u00e8s court terme, mais on esp\u00e8re que \u00e7a pourra changer le moyen terme\u00a0\u00bb.\n<\/p>\n<p>\n La FEVS avertit sur les risques pour les producteurs europ\u00e9ens mais aussi pour les secteurs li\u00e9s au vin aux Etats-Unis: \u00ab\u00a0un dollar exp\u00e9di\u00e9 aux Etats-Unis, c&rsquo;est cinq dollars d&rsquo;activit\u00e9 g\u00e9n\u00e9r\u00e9s aux Etats-Unis\u00a0\u00bb, selon Gabriel Picard pour qui c&rsquo;est l&rsquo;argument qui pourrait convaincre le pr\u00e9sident am\u00e9ricain Donald Trump qu&rsquo;une exemption serait \u00ab\u00a0gagnant-gagnant\u00a0\u00bb.\n<\/p>\n<p> &#8211; Champagne, Bordeaux et Beaujolais &#8211;<\/p>\n<p>\n Pour Christophe Chateau, directeur de la communication du CIVB (Conseil interprofessionnel du vin de Bordeaux), apr\u00e8s les menaces de Donald Trump ces derniers mois de taxes douani\u00e8res \u00e0 200%, puis 20% ou 50%, cela \u00ab\u00a0aurait pu \u00eatre pire, mais ce n&rsquo;est jamais une bonne nouvelle\u00a0\u00bb.\n<\/p>\n<p>\n \u00ab\u00a0On est d\u00e9\u00e7u. (&#8230;) La sanction est tomb\u00e9e, maintenant on va r\u00e9fl\u00e9chir \u00e0 la r\u00e9action &#8211; au niveau individuel, pas au niveau collectif: c&rsquo;est-\u00e0-dire une n\u00e9gociation entre les entreprises et les distributeurs et importateurs am\u00e9ricains\u00a0\u00bb, a r\u00e9agi Maxime Toubart, copr\u00e9sident du Comit\u00e9 Champagne.\n<\/p>\n<p>\n Cette discussion est d&rsquo;autant plus cruciale selon lui que le march\u00e9 am\u00e9ricain repr\u00e9sentait 10% des exportations pour le champagne en volume, soit 820 millions d&rsquo;euros en 2024. Il sera difficile de \u00ab\u00a0r\u00e9orienter\u00a0\u00bb de tels volumes vers d&rsquo;autres r\u00e9gions, a-t-il ajout\u00e9.\n<\/p>\n<p>\n C\u00f4t\u00e9 syndical, la d\u00e9ception est tout aussi forte.\n<\/p>\n<p>\n \u00ab\u00a0Au moment o\u00f9 on d\u00e9bute les vendanges dans un climat particuli\u00e8rement difficile, avec des sujets de d\u00e9consommation, de climat, c&rsquo;est une nouvelle \u00e9preuve\u00a0\u00bb, a r\u00e9agi J\u00e9r\u00f4me Despey, premier-vice-pr\u00e9sident du puissant syndicat agricole FNSEA et lui-m\u00eame viticulteur dans l&rsquo;H\u00e9rault.\n<\/p>\n<p>\n Il redoute \u00ab\u00a0des pertes de parts de march\u00e9 qui seront difficiles \u00e0 regagner\u00a0\u00bb. Et plaide pour \u00ab\u00a0continuer \u00e0 discuter\u00a0\u00bb: \u00ab\u00a0Il ne faut pas d\u00e9sarmer. Il faut arriver \u00e0 trouver des appuis aux Etats-Unis parmi les importateurs de vin et de spiritueux pour montrer l&rsquo;int\u00e9r\u00eat \u00e9conomique &#8211; y compris pour le secteur am\u00e9ricain &#8211; d&rsquo;avoir des droits de douane nuls\u00a0\u00bb pour les exportateurs europ\u00e9ens, affirme-t-il.\n<\/p>\n<p>\n En Provence, r\u00e9gion qui exporte pr\u00e8s de 40% de sa production aux Etats-Unis, essentiellement du vin ros\u00e9, l&rsquo;amertume est l\u00e0: \u00ab\u00a0On n&rsquo;a aucune marge de n\u00e9gociation. On est des otages\u00a0\u00bb, d\u00e9nonce le pr\u00e9sident du Comit\u00e9 interprofessionnel des Vins de Provence, Eric Pastorino.\n<\/p>\n<p>\n Il craint des \u00ab\u00a0baisses de chiffre d&rsquo;affaires\u00a0\u00bb qui pourront \u00ab\u00a0jouer indirectement sur les emplois\u00a0\u00bb: car malgr\u00e9 l&rsquo;amour des Am\u00e9ricains pour le ros\u00e9 de Provence, qui pourra continuer \u00e0 acheter des vins \u00ab\u00a0au-del\u00e0 de 20 dollars\u00a0\u00bb?, se demande-t-il.\n<\/p>\n<p>\n Le pr\u00e9sident de l&rsquo;interprofession du Beaujolais Jean-Marc Lafont s&rsquo;est montr\u00e9 pragmatique, alors que les Etats-Unis repr\u00e9sentent 30% des exportations de Beaujolais: \u00ab\u00a0on ne s&rsquo;attendait pas exactement \u00e0 \u00eatre exempt\u00e9\u00a0\u00bb. \u00ab\u00a0Ce ne sera pas sans impact\u00a0\u00bb, a-t-il dit, mais les effets ne pourront \u00eatre mesur\u00e9s qu&rsquo;a posteriori, une fois que le co\u00fbt aura, ou non, \u00e9t\u00e9 r\u00e9percut\u00e9 sur les consommateurs.<\/p>\n","protected":false},"excerpt":{"rendered":"Les exportateurs francais tr\u00e8s d\u00e9\u00e7us apr\u00e8s l&rsquo;\u00e9chec des n\u00e9gociations sur l&rsquo;exemption des droits de douane sur le vin&hellip;\n","protected":false},"author":2,"featured_media":334627,"comment_status":"","ping_status":"","sticky":false,"template":"","format":"standard","meta":{"footnotes":""},"categories":[6],"tags":[400,398,408,35,405,33,34,1011,27,403,402,399,404,401,406,407],"class_list":{"0":"post-334626","1":"post","2":"type-post","3":"status-publish","4":"format-standard","5":"has-post-thumbnail","7":"category-economie","8":"tag-action-cac-40","9":"tag-bourse-de-paris","10":"tag-boursorama","11":"tag-business","12":"tag-cotations","13":"tag-economie","14":"tag-economy","15":"tag-fr","16":"tag-france","17":"tag-indices-devises","18":"tag-investir","19":"tag-investissement","20":"tag-marche-boursier","21":"tag-sicav","22":"tag-trackers","23":"tag-warrants"},"share_on_mastodon":{"url":"https:\/\/pubeurope.com\/@fr\/115068410574343257","error":""},"_links":{"self":[{"href":"https:\/\/www.europesays.com\/fr\/wp-json\/wp\/v2\/posts\/334626","targetHints":{"allow":["GET"]}}],"collection":[{"href":"https:\/\/www.europesays.com\/fr\/wp-json\/wp\/v2\/posts"}],"about":[{"href":"https:\/\/www.europesays.com\/fr\/wp-json\/wp\/v2\/types\/post"}],"author":[{"embeddable":true,"href":"https:\/\/www.europesays.com\/fr\/wp-json\/wp\/v2\/users\/2"}],"replies":[{"embeddable":true,"href":"https:\/\/www.europesays.com\/fr\/wp-json\/wp\/v2\/comments?post=334626"}],"version-history":[{"count":0,"href":"https:\/\/www.europesays.com\/fr\/wp-json\/wp\/v2\/posts\/334626\/revisions"}],"wp:featuredmedia":[{"embeddable":true,"href":"https:\/\/www.europesays.com\/fr\/wp-json\/wp\/v2\/media\/334627"}],"wp:attachment":[{"href":"https:\/\/www.europesays.com\/fr\/wp-json\/wp\/v2\/media?parent=334626"}],"wp:term":[{"taxonomy":"category","embeddable":true,"href":"https:\/\/www.europesays.com\/fr\/wp-json\/wp\/v2\/categories?post=334626"},{"taxonomy":"post_tag","embeddable":true,"href":"https:\/\/www.europesays.com\/fr\/wp-json\/wp\/v2\/tags?post=334626"}],"curies":[{"name":"wp","href":"https:\/\/api.w.org\/{rel}","templated":true}]}}