{"id":334634,"date":"2025-08-21T19:32:22","date_gmt":"2025-08-21T19:32:22","guid":{"rendered":"https:\/\/www.europesays.com\/fr\/334634\/"},"modified":"2025-08-21T19:32:22","modified_gmt":"2025-08-21T19:32:22","slug":"saint-etienne-ivre-il-frappe-des-clients-de-bar-avec-une-barre-de-fer","status":"publish","type":"post","link":"https:\/\/www.europesays.com\/fr\/334634\/","title":{"rendered":"Saint-\u00c9tienne : ivre, il frappe des clients de bar avec une barre de fer"},"content":{"rendered":"<p>Lundi 18 ao\u00fbt vers 20 h 30, les policiers sont appel\u00e9s dans le quartier du Cr\u00eat-de-Roch \u00e0 Saint-\u00c9tienne pour une rixe survenue dans un bar.<\/p>\n<p>Un <strong>homme de 54 ans<\/strong>, en \u00e9tat d\u2019ivresse et muni d\u2019une <strong>barre de fer<\/strong>, a commenc\u00e9 \u00e0 donner des coups aux clients. L\u2019un d\u2019entre eux a \u00e9t\u00e9 bless\u00e9, avec une incapacit\u00e9 totale de travail (ITT) de trois jours. La victime a d\u00e9pos\u00e9 plainte.<\/p>\n<p>Rapidement ma\u00eetris\u00e9 par les personnes pr\u00e9sentes dans l\u2019\u00e9tablissement, l\u2019agresseur a ensuite \u00e9t\u00e9 interpell\u00e9 par la police. Plac\u00e9 en garde \u00e0 vue, il a \u00e9t\u00e9 pr\u00e9sent\u00e9 \u00e0 un magistrat le 20 ao\u00fbt.<br \/>C. Ercilla<\/p>\n","protected":false},"excerpt":{"rendered":"Lundi 18 ao\u00fbt vers 20 h 30, les policiers sont appel\u00e9s dans le quartier du Cr\u00eat-de-Roch \u00e0 Saint-\u00c9tienne&hellip;\n","protected":false},"author":2,"featured_media":334635,"comment_status":"","ping_status":"","sticky":false,"template":"","format":"standard","meta":{"footnotes":""},"categories":[9653],"tags":[1111,11,2430,1777,674,1011,27,12,25,4001],"class_list":{"0":"post-334634","1":"post","2":"type-post","3":"status-publish","4":"format-standard","5":"has-post-thumbnail","7":"category-saint-etienne","8":"tag-actu","9":"tag-actualites","10":"tag-auvergne-rhone-alpes","11":"tag-eu","12":"tag-europe","13":"tag-fr","14":"tag-france","15":"tag-news","16":"tag-republique-francaise","17":"tag-saint-etienne"},"share_on_mastodon":{"url":"https:\/\/pubeurope.com\/@fr\/115068426375136166","error":""},"_links":{"self":[{"href":"https:\/\/www.europesays.com\/fr\/wp-json\/wp\/v2\/posts\/334634","targetHints":{"allow":["GET"]}}],"collection":[{"href":"https:\/\/www.europesays.com\/fr\/wp-json\/wp\/v2\/posts"}],"about":[{"href":"https:\/\/www.europesays.com\/fr\/wp-json\/wp\/v2\/types\/post"}],"author":[{"embeddable":true,"href":"https:\/\/www.europesays.com\/fr\/wp-json\/wp\/v2\/users\/2"}],"replies":[{"embeddable":true,"href":"https:\/\/www.europesays.com\/fr\/wp-json\/wp\/v2\/comments?post=334634"}],"version-history":[{"count":0,"href":"https:\/\/www.europesays.com\/fr\/wp-json\/wp\/v2\/posts\/334634\/revisions"}],"wp:featuredmedia":[{"embeddable":true,"href":"https:\/\/www.europesays.com\/fr\/wp-json\/wp\/v2\/media\/334635"}],"wp:attachment":[{"href":"https:\/\/www.europesays.com\/fr\/wp-json\/wp\/v2\/media?parent=334634"}],"wp:term":[{"taxonomy":"category","embeddable":true,"href":"https:\/\/www.europesays.com\/fr\/wp-json\/wp\/v2\/categories?post=334634"},{"taxonomy":"post_tag","embeddable":true,"href":"https:\/\/www.europesays.com\/fr\/wp-json\/wp\/v2\/tags?post=334634"}],"curies":[{"name":"wp","href":"https:\/\/api.w.org\/{rel}","templated":true}]}}