{"id":334636,"date":"2025-08-21T19:33:20","date_gmt":"2025-08-21T19:33:20","guid":{"rendered":"https:\/\/www.europesays.com\/fr\/334636\/"},"modified":"2025-08-21T19:33:20","modified_gmt":"2025-08-21T19:33:20","slug":"aborder-cette-rencontre-avec-humilite-et-concentration","status":"publish","type":"post","link":"https:\/\/www.europesays.com\/fr\/334636\/","title":{"rendered":"Aborder cette rencontre avec humilit\u00e9 et concentration"},"content":{"rendered":"<p>              Le point sur l\u2019infirmerie<\/p>\n<p>Tous les joueurs disponibles face \u00e0 Rodez le sont pour cette rencontre ! Maxime Bernauer poursuit sa r\u00e9athl\u00e9tisation et retrouvera les s\u00e9ances collectives la semaine prochaine. Il pourrait \u00eatre disponible face \u00e0 Grenoble, c\u2019est un joueur qui part avec un avantage sur les autres bless\u00e9s puisqu\u2019il a disput\u00e9 plusieurs rencontres cet \u00e9t\u00e9. Djylian N\u2019Guessan et Benjamin Bouchouari sont eux forfaits, le premier sera normalement de retour \u00e0 la tr\u00eave internationale, le second va reprendre la course prochainement. \u00a0<\/p>\n<p>Un groupe toujours pl\u00e9thorique<\/p>\n<p>Ce n\u2019est pas une situation compliqu\u00e9e. g\u00e9rer. C\u2019est une bonne chose d\u2019avoir plusieurs options pour construire le groupe mais aussi pour r\u00e9aliser nos changements en match. On l\u2019a vu la semaine derni\u00e8re avec Irvin Cardona qui est d\u00e9cisif apr\u00e8s avoir remplac\u00e9 \u00e0 la pause Joshua Duffus qui l\u2019a \u00e9galement \u00e9t\u00e9. C\u2019est positif pour nous. Concernant Joshua Duffus et Lucas Stassin, tous deux peuvent jouer plus d\u2019une mi-temps, m\u00eame s\u2019ils ne peuvent pas encore encha\u00eener 90 minutes. Ils sont d\u00e9j\u00e0 aff\u00fbt\u00e9s malgr\u00e9 tout !\u00a0<\/p>\n<p>Une marge de progression<\/p>\n<p>Je pense qu\u2019on doit faire mieux, je l\u2019ai dit, par p\u00e9riode, nous produisons de bonnes choses, avec une belle intensit\u00e9. Mais je souhaite que le rythme soit soutenu sur l\u2019ensemble de la rencontre, je veux voir une \u00e9quipe pleinement impliqu\u00e9e sur la dur\u00e9e. On peut mieux faire, avec ou sans ballon, d\u00e9fensivement comme offensivement. Dans ce championnat, l\u2019ASSE se doit de faire mieux. L\u2019\u00e9quipe doit encore s&rsquo;am\u00e9liorer, physiquement comme en termes de relation. On a encore beaucoup de travail devant nous mais je sens des joueurs pleinement motiv\u00e9s. Et \u00e7a se ressent sur nos s\u00e9ances, leur contenu s&rsquo;am\u00e9liore au fil des semaines.\u00a0<\/p>\n<p>Boulogne-sur-Mer, l&rsquo;adversaire<\/p>\n<p>\u00c7a sera un match difficile, contre une \u00e9quipe qui n\u2019a perdu que trois matches \u00e0 domicile sur les deux derni\u00e8res ann\u00e9es. Pour nos joueurs, \u00e7a sera un contexte diff\u00e9rent apr\u00e8s avoir jou\u00e9 \u00e0 Geoffroy-Guichard, l\u2019atmosph\u00e8re sera particuli\u00e8re. C&rsquo;est pourquoi il faut aborder cette rencontre avec humilit\u00e9 et concentration pour livrer notre meilleure performance. Je ne pense vraiment pas que ce sera un match facile. (\u2026) On doit rester humble et chercher \u00e0 s\u2019am\u00e9liorer au fil des semaines.\u00a0<\/p>\n<p>Augustine Boakye\u00a0<\/p>\n<p>C\u2019est un joueur qui a beaucoup travaill\u00e9 cet \u00e9t\u00e9, qui a repris plus t\u00f4t apr\u00e8s sa blessure sur la deuxi\u00e8me partie de saison derni\u00e8re. En tant qu\u2019ailier ou dans un r\u00f4le plus axial, il a fait de tr\u00e8s bonnes choses sur ce d\u00e9but de saison. Sa passe d\u00e9cisive pour Ben Old \u00e0 Laval ou celle pour Zuriko Davitashvili, c\u2019est du haut niveau. C\u2019est un joueur tr\u00e8s intelligent, un v\u00e9ritable atout pour l\u2019\u00e9quipe. Lui, comme ses co\u00e9quipiers, peut encore donner plus en termes d\u2019intensit\u00e9 et d\u2019agressivit\u00e9. C\u2019est un joueur \u00e0 potentiel qui doit aussi passer encore au-dessus de sa timidit\u00e9. Avec le staff, on l\u2019encourage \u00e0 s\u2019affirmer encore plus, car il a les qualit\u00e9s pour. \u00a0<\/p>\n","protected":false},"excerpt":{"rendered":"Le point sur l\u2019infirmerie Tous les joueurs disponibles face \u00e0 Rodez le sont pour cette rencontre ! Maxime&hellip;\n","protected":false},"author":2,"featured_media":334637,"comment_status":"","ping_status":"","sticky":false,"template":"","format":"standard","meta":{"footnotes":""},"categories":[9653],"tags":[1111,11,2430,1777,674,1011,27,12,25,4001],"class_list":{"0":"post-334636","1":"post","2":"type-post","3":"status-publish","4":"format-standard","5":"has-post-thumbnail","7":"category-saint-etienne","8":"tag-actu","9":"tag-actualites","10":"tag-auvergne-rhone-alpes","11":"tag-eu","12":"tag-europe","13":"tag-fr","14":"tag-france","15":"tag-news","16":"tag-republique-francaise","17":"tag-saint-etienne"},"share_on_mastodon":{"url":"https:\/\/pubeurope.com\/@fr\/115068430199097663","error":""},"_links":{"self":[{"href":"https:\/\/www.europesays.com\/fr\/wp-json\/wp\/v2\/posts\/334636","targetHints":{"allow":["GET"]}}],"collection":[{"href":"https:\/\/www.europesays.com\/fr\/wp-json\/wp\/v2\/posts"}],"about":[{"href":"https:\/\/www.europesays.com\/fr\/wp-json\/wp\/v2\/types\/post"}],"author":[{"embeddable":true,"href":"https:\/\/www.europesays.com\/fr\/wp-json\/wp\/v2\/users\/2"}],"replies":[{"embeddable":true,"href":"https:\/\/www.europesays.com\/fr\/wp-json\/wp\/v2\/comments?post=334636"}],"version-history":[{"count":0,"href":"https:\/\/www.europesays.com\/fr\/wp-json\/wp\/v2\/posts\/334636\/revisions"}],"wp:featuredmedia":[{"embeddable":true,"href":"https:\/\/www.europesays.com\/fr\/wp-json\/wp\/v2\/media\/334637"}],"wp:attachment":[{"href":"https:\/\/www.europesays.com\/fr\/wp-json\/wp\/v2\/media?parent=334636"}],"wp:term":[{"taxonomy":"category","embeddable":true,"href":"https:\/\/www.europesays.com\/fr\/wp-json\/wp\/v2\/categories?post=334636"},{"taxonomy":"post_tag","embeddable":true,"href":"https:\/\/www.europesays.com\/fr\/wp-json\/wp\/v2\/tags?post=334636"}],"curies":[{"name":"wp","href":"https:\/\/api.w.org\/{rel}","templated":true}]}}