{"id":334647,"date":"2025-08-21T19:39:11","date_gmt":"2025-08-21T19:39:11","guid":{"rendered":"https:\/\/www.europesays.com\/fr\/334647\/"},"modified":"2025-08-21T19:39:11","modified_gmt":"2025-08-21T19:39:11","slug":"pourquoi-les-feuilles-tombent-elles-des-arbres-en-plein-ete-a-montpellier-et-a-beziers","status":"publish","type":"post","link":"https:\/\/www.europesays.com\/fr\/334647\/","title":{"rendered":"Pourquoi les feuilles tombent-elles des arbres en plein \u00e9t\u00e9 \u00e0 Montpellier et \u00e0 B\u00e9ziers\u00a0?"},"content":{"rendered":"<p>Les arbres sont victimes des grosses chaleurs et surtout de la s\u00e9cheresse, qui font tomber leurs feuilles pr\u00e9matur\u00e9ment. Il faut s&rsquo;y faire car cela va devenir habituel avec la r\u00e9chauffement climatique, explique l&rsquo;agroclimatologue montpelli\u00e9rain Serge Zaka. <\/p>\n<p>Vous l&rsquo;avez peut-\u00eatre remarqu\u00e9\u00a0: les feuilles mortes tombent d\u00e9j\u00e0 des arbres\u00a0! Dans les parcs et sur les avenues de Montpellier et B\u00e9ziers, ou en campagne, on entend le cr\u00e9pitement des feuilles sous les chaussures. Et pourtant&#8230; <strong>on est encore loin de l&rsquo;automne\u00a0!<\/strong>\u00a0\u00ab\u00a0C&rsquo;est fini les vacances, c&rsquo;est la rentr\u00e9e\u00a0?\u00a0\u00bb, s&rsquo;interroge Ren\u00e9, sur la place de la Com\u00e9die \u00e0 Montpellier, qui pensait \u00ab\u00a0s&rsquo;\u00eatre tromp\u00e9 dans son agenda\u00a0\u00bb.<\/p>\n<p>Non, non, il reste bien dix jours de vacances\u00a0! \u00ab\u00a0C&rsquo;est triste, on ne se croit pas en ao\u00fbt, c&rsquo;est trop t\u00f4t\u00a0!\u00a0\u00bb, r\u00e2le Chantal, qui observe les fontaines de l&rsquo;esplanade, sur la com\u00e9die, remplies de feuilles mortes. Celui que\u00a0\u00e7a ne surprend pas, c&rsquo;est Serge Zaka, agroclimatologue bas\u00e9 \u00e0 Clapiers. \u00ab\u00a0Les arbres font en fait une r\u00e9action \u00e0 la chaleur et \u00e0 la s\u00e9cheresse, ils perdent leurs feuilles pour \u00e9conomiser des forces compte-tenu du peu d&rsquo;eau dans les sols.\u00a0\u00bb<\/p>\n<p>Sympt\u00f4me d&rsquo;arbres en souffrance<\/p>\n<p>Et \u00e7a n&rsquo;a <strong>rien \u00e0 voir avec les chutes de feuilles du mois d&rsquo;octobre<\/strong>. \u00ab\u00a0L&rsquo;\u00e9t\u00e9 ce n&rsquo;est pas naturel, c&rsquo;est d\u00fb \u00e0 un \u00e9v\u00e8nement climatique, ce sont les hormones qui explosent, d\u00e9taille Serge Zaka. En automne les feuilles tombent naturellement avec la baisse des temp\u00e9ratures et les jours qui durent moins longtemps, ce sont des hormones qui font tomber les feuilles pour \u00e9viter que l&rsquo;arbre ne g\u00e8le.\u00a0\u00bb<\/p>\n<p>Ces chutes de feuilles \u00ab\u00a0ne font pas mourir les arbres\u00a0\u00bb, mais la r\u00e9p\u00e9tition de ces \u00e9pisodes tous les \u00e9t\u00e9s \u00ab\u00a0va finir par les faire mourir\u00a0\u00bb. Depuis six ans, <strong>la vitesse de mortalit\u00e9 des arbres<\/strong> est d&rsquo;ailleurs plus rapide que la vitesse de pousse des jeunes arbres dans les for\u00eats fran\u00e7aises.<\/p>\n<p>Et il ne faudra pas \u00eatre surpris non plus si on voit <strong>des bourgeons \u00e0 l&rsquo;automne<\/strong>\u00a0: c&rsquo;est un autre signe du stress des arbres, d\u00fb au d\u00e9r\u00e8glement climatique.<\/p>\n<p>loading<\/p>\n","protected":false},"excerpt":{"rendered":"Les arbres sont victimes des grosses chaleurs et surtout de la s\u00e9cheresse, qui font tomber leurs feuilles pr\u00e9matur\u00e9ment.&hellip;\n","protected":false},"author":2,"featured_media":334648,"comment_status":"","ping_status":"","sticky":false,"template":"","format":"standard","meta":{"footnotes":""},"categories":[9599],"tags":[1111,11,1777,674,1011,27,2208,12,2680,25],"class_list":{"0":"post-334647","1":"post","2":"type-post","3":"status-publish","4":"format-standard","5":"has-post-thumbnail","7":"category-montpellier","8":"tag-actu","9":"tag-actualites","10":"tag-eu","11":"tag-europe","12":"tag-fr","13":"tag-france","14":"tag-montpellier","15":"tag-news","16":"tag-occitanie","17":"tag-republique-francaise"},"share_on_mastodon":{"url":"https:\/\/pubeurope.com\/@fr\/115068453940316001","error":""},"_links":{"self":[{"href":"https:\/\/www.europesays.com\/fr\/wp-json\/wp\/v2\/posts\/334647","targetHints":{"allow":["GET"]}}],"collection":[{"href":"https:\/\/www.europesays.com\/fr\/wp-json\/wp\/v2\/posts"}],"about":[{"href":"https:\/\/www.europesays.com\/fr\/wp-json\/wp\/v2\/types\/post"}],"author":[{"embeddable":true,"href":"https:\/\/www.europesays.com\/fr\/wp-json\/wp\/v2\/users\/2"}],"replies":[{"embeddable":true,"href":"https:\/\/www.europesays.com\/fr\/wp-json\/wp\/v2\/comments?post=334647"}],"version-history":[{"count":0,"href":"https:\/\/www.europesays.com\/fr\/wp-json\/wp\/v2\/posts\/334647\/revisions"}],"wp:featuredmedia":[{"embeddable":true,"href":"https:\/\/www.europesays.com\/fr\/wp-json\/wp\/v2\/media\/334648"}],"wp:attachment":[{"href":"https:\/\/www.europesays.com\/fr\/wp-json\/wp\/v2\/media?parent=334647"}],"wp:term":[{"taxonomy":"category","embeddable":true,"href":"https:\/\/www.europesays.com\/fr\/wp-json\/wp\/v2\/categories?post=334647"},{"taxonomy":"post_tag","embeddable":true,"href":"https:\/\/www.europesays.com\/fr\/wp-json\/wp\/v2\/tags?post=334647"}],"curies":[{"name":"wp","href":"https:\/\/api.w.org\/{rel}","templated":true}]}}