{"id":334649,"date":"2025-08-21T19:40:11","date_gmt":"2025-08-21T19:40:11","guid":{"rendered":"https:\/\/www.europesays.com\/fr\/334649\/"},"modified":"2025-08-21T19:40:11","modified_gmt":"2025-08-21T19:40:11","slug":"les-travaux-deole-vont-encore-perturber-les-trains-de-rouen-et-du-havre-en-septembre","status":"publish","type":"post","link":"https:\/\/www.europesays.com\/fr\/334649\/","title":{"rendered":"Les travaux d&rsquo;Eole vont (encore) perturber les trains de Rouen et du Havre en septembre"},"content":{"rendered":"<p>            Par<br \/>\n        <strong><br \/>\n            <a href=\"https:\/\/actu.fr\/auteur\/julien-bouteiller\" title=\"Consulter tous les articles de Julien Bouteiller\" target=\"_blank\" rel=\"noopener\">Julien Bouteiller<\/a><br \/>\n        <\/strong><\/p>\n<p>        Publi\u00e9 le<\/p>\n<p>            21 ao\u00fbt 2025 \u00e0 18h09        <\/p>\n<p>Qu\u2019il semble interminable ce chantier\u2009! En septembre\u00a02025, <strong>les travaux d\u2019Eole<\/strong> vont encore perturber la circulation des trains et les habitudes des voyageurs SNCF <strong>de Rouen et du\u00a0Havre.<\/strong><\/p>\n<p>Gal\u00e8re \u00e0 venir dans les trains<\/p>\n<p class=\" wall-content\"><strong>Ainsi, tous les weekends du mois de septembre<\/strong>, les circulations seront interrompues <strong>entre Paris et Vernon<\/strong>, du samedi midi jusqu\u2019au dimanche \u00e0 16h. La SNCF pr\u00e9cise que, \u00ab\u2009pour aller de Paris \u00e0 Rouen, les voyageurs peuvent emprunter un train qui empruntera un itin\u00e9raire alternatif (via Serqueux Gisors) entra\u00eenant <strong>un allongement de temps de parcours<\/strong> de l\u2019ordre de 35 minutes\u2009\u00bb. Entre Paris et Vernon, il sera possible d\u2019emprunter un train jusqu\u2019\u00e0 Rouen, puis un autre jusqu\u2019\u00e0 Vernon.<\/p>\n<p class=\" wall-content\">Mais ce n\u2019est pas tout, puisque<strong> la circulation du TGV qui va du\u00a0Havre jusqu\u2019\u00e0 Marseille<\/strong> sera \u00e9galement impact\u00e9e.<\/p>\n<p class=\" wall-content\">Dans ce cas, la SNCF invite les voyageurs d\u2019emprunter le train Le\u00a0Havre-Marseille du vendredi (15h56) et de pr\u00e9voir son retour le lundi matin \u00e0 7h34). Il est \u00e9galement possible de r\u00e9aliser ce trajet <strong>via une correspondance \u00e0 Paris<\/strong>.<\/p>\n<p>Suivez l\u2019actualit\u00e9 de Rouen <a href=\"https:\/\/www.whatsapp.com\/channel\/0029VaKfnf99hXF2ddApFB1D\" target=\"_blank\" rel=\"noopener\">sur notre cha\u00eene WhatsApp<\/a> et <a href=\"https:\/\/www.tiktok.com\/@76actu.fr?lang=fr\" target=\"_blank\" rel=\"noopener\">sur notre compte TikTok<\/a>Suivez l\u2019actualit\u00e9 du\u00a0Havre <a href=\"https:\/\/www.whatsapp.com\/channel\/0029VaFqJYE8aKvLBwVrEe0o\" target=\"_blank\" rel=\"noopener\">sur notre cha\u00eene WhatsApp<\/a> et <a href=\"https:\/\/www.tiktok.com\/@76actu.fr?lang=fr\" target=\"_blank\" rel=\"noopener\">sur notre compte TikTok<\/a><\/p>\n<p class=\" wall-content\">Personnalisez votre actualit\u00e9 en ajoutant vos villes et m\u00e9dias en favori avec <a href=\"https:\/\/moncompte.actu.fr\" title=\"D\u00e9couvez Mon Actu\" rel=\"nofollow noopener\" data-trk=\"{&quot;cta&quot;:{&quot;action&quot;:&quot;https:\\\/\\\/moncompte.actu.fr&quot;,&quot;category&quot;:&quot;mon compte&quot;,&quot;from&quot;:&quot;article footer&quot;,&quot;name&quot;:&quot;Mon actu&quot;,&quot;type&quot;:&quot;cta&quot;}}\" target=\"_blank\">Mon Actu<\/a>.<\/p>\n<p>                    <script async src=\"\/\/www.tiktok.com\/embed.js\"><\/script><\/p>\n","protected":false},"excerpt":{"rendered":"Par Julien Bouteiller Publi\u00e9 le 21 ao\u00fbt 2025 \u00e0 18h09 Qu\u2019il semble interminable ce chantier\u2009! En septembre\u00a02025, les&hellip;\n","protected":false},"author":2,"featured_media":334650,"comment_status":"","ping_status":"","sticky":false,"template":"","format":"standard","meta":{"footnotes":""},"categories":[9587],"tags":[1111,11,47190,1777,674,1011,27,12,5161,25,9590,2215,104,2803],"class_list":{"0":"post-334649","1":"post","2":"type-post","3":"status-publish","4":"format-standard","5":"has-post-thumbnail","7":"category-rouen","8":"tag-actu","9":"tag-actualites","10":"tag-eole","11":"tag-eu","12":"tag-europe","13":"tag-fr","14":"tag-france","15":"tag-news","16":"tag-normandie","17":"tag-republique-francaise","18":"tag-rouen","19":"tag-sncf","20":"tag-societe","21":"tag-transport"},"share_on_mastodon":{"url":"https:\/\/pubeurope.com\/@fr\/115068457820682045","error":""},"_links":{"self":[{"href":"https:\/\/www.europesays.com\/fr\/wp-json\/wp\/v2\/posts\/334649","targetHints":{"allow":["GET"]}}],"collection":[{"href":"https:\/\/www.europesays.com\/fr\/wp-json\/wp\/v2\/posts"}],"about":[{"href":"https:\/\/www.europesays.com\/fr\/wp-json\/wp\/v2\/types\/post"}],"author":[{"embeddable":true,"href":"https:\/\/www.europesays.com\/fr\/wp-json\/wp\/v2\/users\/2"}],"replies":[{"embeddable":true,"href":"https:\/\/www.europesays.com\/fr\/wp-json\/wp\/v2\/comments?post=334649"}],"version-history":[{"count":0,"href":"https:\/\/www.europesays.com\/fr\/wp-json\/wp\/v2\/posts\/334649\/revisions"}],"wp:featuredmedia":[{"embeddable":true,"href":"https:\/\/www.europesays.com\/fr\/wp-json\/wp\/v2\/media\/334650"}],"wp:attachment":[{"href":"https:\/\/www.europesays.com\/fr\/wp-json\/wp\/v2\/media?parent=334649"}],"wp:term":[{"taxonomy":"category","embeddable":true,"href":"https:\/\/www.europesays.com\/fr\/wp-json\/wp\/v2\/categories?post=334649"},{"taxonomy":"post_tag","embeddable":true,"href":"https:\/\/www.europesays.com\/fr\/wp-json\/wp\/v2\/tags?post=334649"}],"curies":[{"name":"wp","href":"https:\/\/api.w.org\/{rel}","templated":true}]}}