{"id":334651,"date":"2025-08-21T19:41:15","date_gmt":"2025-08-21T19:41:15","guid":{"rendered":"https:\/\/www.europesays.com\/fr\/334651\/"},"modified":"2025-08-21T19:41:15","modified_gmt":"2025-08-21T19:41:15","slug":"une-nouvelle-recompense-pour-la-creatrice-du-livret-pour-les-enfants-autistes","status":"publish","type":"post","link":"https:\/\/www.europesays.com\/fr\/334651\/","title":{"rendered":"une nouvelle r\u00e9compense pour la cr\u00e9atrice du livret pour les enfants autistes"},"content":{"rendered":"<p>            Par<br \/>\n        <strong><br \/>\n            <a href=\"https:\/\/actu.fr\/auteur\/aurelien-delavaud\" title=\"Consulter tous les articles de Aur\u00e9lien Delavaud\" rel=\"nofollow noopener\" target=\"_blank\">Aur\u00e9lien Delavaud<\/a><br \/>\n        <\/strong><\/p>\n<p>        Publi\u00e9 le<\/p>\n<p>            21 ao\u00fbt 2025 \u00e0 19h14        <\/p>\n<p>\u00ab\u2009Honn\u00eatement, je ne m\u2019y attendais pas du tout, donc j\u2019\u00e9tais tr\u00e8s heureuse quand on m\u2019a appel\u00e9e\u2009! C\u2019est une super opportunit\u00e9 de toucher encore plus de familles.\u2009\u00bb<\/p>\n<p class=\" wall-content\">Depuis pr\u00e8s d\u2019un an, <b>Fatimata Camara<\/b> est pourtant bien habitu\u00e9e aux prix et aux lauriers\u2009: le <a href=\"https:\/\/actu.fr\/normandie\/elbeuf_76231\/pres-de-rouen-un-prix-pour-la-maman-qui-cree-un-livret-de-suivi-medical-pour-les-enfants-autistes_62009684.html\" rel=\"nofollow noopener\" target=\"_blank\">concours Cr\u00e9actifs de la M\u00e9tropole Rouen Normandie<\/a>, le prix <a href=\"https:\/\/actu.fr\/normandie\/elbeuf_76231\/pres-de-rouen-cette-maman-nouvelle-heroine-locale-grace-a-son-combat-contre-le-handicap_62819407.html\" rel=\"nofollow noopener\" target=\"_blank\">Mon H\u00e9ros Local<\/a>\u2026 Et maintenant une reconnaissance de la plateforme de financement participatif <b>Ulule<\/b> et de la mutuelle <b>Humanis<\/b>.<\/p>\n<p class=\" wall-content\">\u00c0 chaque fois, c\u2019est la m\u00eame joie pour cette habitante d\u2019<a href=\"https:\/\/actu.fr\/normandie\/elbeuf_76231\" rel=\"nofollow noopener\" target=\"_blank\">Elbeuf (Seine-Maritime)<\/a>.<\/p>\n<p>Un sacr\u00e9 coup de projecteur<\/p>\n<p class=\" wall-content\">Mais qu\u2019est-ce qui attire toute cette attention et ces prix\u2009? Son petit livret, baptis\u00e9 <b>Mon Petit Camara<\/b>, qui apporte une aide aux parents qui, comme elle, ont un <b>enfant autiste<\/b>. Plus pr\u00e9cis\u00e9ment, l\u2019outil favorise la communication d\u2019informations entre tous ceux, comme le personnel soignant, qui interviennent aupr\u00e8s de l\u2019enfant.<\/p>\n<p class=\" wall-content\">Depuis le d\u00e9but de l\u2019ann\u00e9e 2025, le livret est commercialis\u00e9 directement <a href=\"https:\/\/www.monpetitcamara.fr\/\" rel=\"nofollow noopener\" target=\"_blank\">sur le site de Mon Petit Camara<\/a>. Depuis peu, un nouveau cap a \u00e9t\u00e9 franchi avec son arriv\u00e9e dans les rayons de la c\u00e9l\u00e8bre librairie <b>L\u2019Armiti\u00e8re<\/b>, \u00e0 Rouen.<\/p>\n<p>Vid\u00e9os : en ce moment sur Actu<\/p>\n<p class=\" wall-content\">Ce qui n\u2019est pas une fin en soi pour sa cr\u00e9atrice, qui veut continuer de <b>d\u00e9velopper le livret<\/b> gr\u00e2ce \u00e0 cette grande campagne de financement participatif am\u00e9lior\u00e9e.<\/p>\n<blockquote class=\"ac-article-quote wall-content\">\n<p>Il y a une mise en avant par Ulule, pour la visibilit\u00e9, et Humanis s\u2019engage \u00e0 doubler chaque don dans la limite de 5\u2009000\u00a0\u20ac.<\/p>\n<p>Fatimata Camara<\/p><\/blockquote>\n<p>Votre r\u00e9gion, votre actu !<\/p>\n<p>Recevez chaque jour les infos qui comptent pour vous.<\/p>\n<p>\t<a href=\"https:\/\/actu.fr\/newsletter\" class=\"ac-btn ac-btn--corner ac-btn--medium ac-btn--blue800\" rel=\"nofollow noopener\" target=\"_blank\">S&rsquo;incrire<\/a><\/p>\n<p class=\" wall-content\">En parall\u00e8le de cette campagne qu\u2019<a href=\"https:\/\/fr.ulule.com\/mon-petit-camara-autisme\/coming-soon\/?fbclid=IwZXh0bgNhZW0CMTAAYnJpZBEwOWNJYVE3ZFA1a3kwam1LQgEes-sMGljmhE73mLbQi9_dlFv_LfIqIiqKrgK7rLdVR4wFAcORekjuuuhwNG4_aem_jyOsA2k6spXwMFG2Gn-bJw\" rel=\"nofollow noopener\" target=\"_blank\">elle va lancer d\u00e9but septembre\u00a02025<\/a> et pour une dur\u00e9e de 40\u00a0jours, la porteuse de projet fait tout son possible pour am\u00e9liorer son produit.<\/p>\n<p>Toujours des nouveaut\u00e9s<\/p>\n<p class=\" wall-content\">\u00ab\u2009Au d\u00e9part, c\u2019est le m\u00eame livret que celui qui existe d\u00e9j\u00e0, mais on le fait \u00e9voluer. Je travaille avec une agence de communication pour un nouveau logo et un <b>nouveau design<\/b> de la couverture. Le but, c\u2019est qu\u2019il soit plus neutre, pour s\u2019adresser \u00e0 tous, m\u00eame au coll\u00e8ge\u2009\u00bb, indique Fatimata Camara.<\/p>\n<p class=\" wall-content\">D\u2019ailleurs, alors qu\u2019elle pr\u00e9pare elle-m\u00eame l\u2019entr\u00e9e de son petit Souleymane en CE1, la m\u00e8re de famille pr\u00e9pare un nouveau kit, compl\u00e9mentaire du livret, pour faciliter la <b>rentr\u00e9e scolaire<\/b>, pour les familles comme pour tout le personnel enseignant et p\u00e9riscolaire. Une nouveaut\u00e9 qu\u2019elle compte d\u00e9voiler apr\u00e8s le lancement de la campagne Ulule.<\/p>\n<p>Un grand projet d\u2019application mobile<\/p>\n<p class=\" wall-content\">Comme le livret en lui-m\u00eame existe d\u00e9j\u00e0, si les internautes sont aussi g\u00e9n\u00e9reux que dans ses r\u00eaves, que compte-t-elle faire de cette manne financi\u00e8re\u2009? \u00ab\u2009\u00c0 terme, l\u2019id\u00e9e serait de <b>cr\u00e9er une application<\/b>, pour avoir une version num\u00e9rique. C\u2019est quelque chose que j\u2019ai toujours en t\u00eate\u2009\u00bb, indique l\u2019Elbeuvienne.<\/p>\n<p class=\" wall-content\">Et Fatimata Camara ne compte toujours pas s\u2019arr\u00eater l\u00e0\u2009! \u00ab\u2009C\u2019est quelque chose que je n\u2019ai pas encore r\u00e9v\u00e9l\u00e9, mais j\u2019ai \u00e9t\u00e9 s\u00e9lectionn\u00e9e pour le concours r\u00e9gional <b>Talents des cit\u00e9s<\/b>. J\u2019esp\u00e8re \u00eatre retenue pour le concours national, pour faire conna\u00eetre ce projet et pouvoir en parler avec le pr\u00e9sident de la R\u00e9publique\u2009\u00bb, conclut-elle.<\/p>\n<p class=\" wall-content\">Personnalisez votre actualit\u00e9 en ajoutant vos villes et m\u00e9dias en favori avec <a href=\"https:\/\/moncompte.actu.fr\" title=\"D\u00e9couvez Mon Actu\" rel=\"nofollow noopener\" data-trk=\"{&quot;cta&quot;:{&quot;action&quot;:&quot;https:\\\/\\\/moncompte.actu.fr&quot;,&quot;category&quot;:&quot;mon compte&quot;,&quot;from&quot;:&quot;article footer&quot;,&quot;name&quot;:&quot;Mon actu&quot;,&quot;type&quot;:&quot;cta&quot;}}\" target=\"_blank\">Mon Actu<\/a>.<\/p>\n","protected":false},"excerpt":{"rendered":"Par Aur\u00e9lien Delavaud Publi\u00e9 le 21 ao\u00fbt 2025 \u00e0 19h14 \u00ab\u2009Honn\u00eatement, je ne m\u2019y attendais pas du tout,&hellip;\n","protected":false},"author":2,"featured_media":334652,"comment_status":"","ping_status":"","sticky":false,"template":"","format":"standard","meta":{"footnotes":""},"categories":[9587],"tags":[1111,11,1719,1777,674,1011,27,1943,12,5161,25,9590,71,104],"class_list":{"0":"post-334651","1":"post","2":"type-post","3":"status-publish","4":"format-standard","5":"has-post-thumbnail","7":"category-rouen","8":"tag-actu","9":"tag-actualites","10":"tag-enfants","11":"tag-eu","12":"tag-europe","13":"tag-fr","14":"tag-france","15":"tag-handicap","16":"tag-news","17":"tag-normandie","18":"tag-republique-francaise","19":"tag-rouen","20":"tag-sante","21":"tag-societe"},"share_on_mastodon":{"url":"https:\/\/pubeurope.com\/@fr\/115068461540892315","error":""},"_links":{"self":[{"href":"https:\/\/www.europesays.com\/fr\/wp-json\/wp\/v2\/posts\/334651","targetHints":{"allow":["GET"]}}],"collection":[{"href":"https:\/\/www.europesays.com\/fr\/wp-json\/wp\/v2\/posts"}],"about":[{"href":"https:\/\/www.europesays.com\/fr\/wp-json\/wp\/v2\/types\/post"}],"author":[{"embeddable":true,"href":"https:\/\/www.europesays.com\/fr\/wp-json\/wp\/v2\/users\/2"}],"replies":[{"embeddable":true,"href":"https:\/\/www.europesays.com\/fr\/wp-json\/wp\/v2\/comments?post=334651"}],"version-history":[{"count":0,"href":"https:\/\/www.europesays.com\/fr\/wp-json\/wp\/v2\/posts\/334651\/revisions"}],"wp:featuredmedia":[{"embeddable":true,"href":"https:\/\/www.europesays.com\/fr\/wp-json\/wp\/v2\/media\/334652"}],"wp:attachment":[{"href":"https:\/\/www.europesays.com\/fr\/wp-json\/wp\/v2\/media?parent=334651"}],"wp:term":[{"taxonomy":"category","embeddable":true,"href":"https:\/\/www.europesays.com\/fr\/wp-json\/wp\/v2\/categories?post=334651"},{"taxonomy":"post_tag","embeddable":true,"href":"https:\/\/www.europesays.com\/fr\/wp-json\/wp\/v2\/tags?post=334651"}],"curies":[{"name":"wp","href":"https:\/\/api.w.org\/{rel}","templated":true}]}}