{"id":334659,"date":"2025-08-21T19:50:21","date_gmt":"2025-08-21T19:50:21","guid":{"rendered":"https:\/\/www.europesays.com\/fr\/334659\/"},"modified":"2025-08-21T19:50:21","modified_gmt":"2025-08-21T19:50:21","slug":"jean-phi-mattio-honore-face-a-auxerre","status":"publish","type":"post","link":"https:\/\/www.europesays.com\/fr\/334659\/","title":{"rendered":"Jean-Phi\u2019 Mattio honor\u00e9 face \u00e0 Auxerre"},"content":{"rendered":"<p>\n                    Troph\u00e9e des 40 ans<\/p>\n<p class=\"accroche\">Jean-Philippe Mattio sera honor\u00e9 ce samedi, lors de la r\u00e9ception d\u2019Auxerre, dans le cadre des 40 ans de la Populaire Sud.\u00a0<\/p>\n<p>Apr\u00e8s Fred Gioria contre Toulouse, un autre monument du Club se rendra sur la pelouse avant le coup d\u2019envoi (pr\u00e9vu \u00e0 19h). Un autre joueur n\u00e9 \u00e0 Nice et n\u2019ayant connu que le Gym sur le terrain (avec 313 matchs et 8 buts, il est le 7\u00e8me Aiglon le plus cap\u00e9 de l\u2019Histoire). Un autre symbole, qui \u0153uvre depuis 2008 au sein de la cellule de recrutement.\u00a0<\/p>\n<p>Pour rappel, en collaboration avec la Populaire Sud, 17 anciens Aiglons ont ainsi \u00e9t\u00e9 s\u00e9lectionn\u00e9s pour \u00eatre honor\u00e9s en 2025-26. Des joueurs qui ont incarn\u00e9 les valeurs d\u2019engagement, de hargne et de fiert\u00e9 propres au Gym et aux Ni\u00e7ois.\u00a0<\/p>\n<p>Avant le coup d\u2019envoi, un troph\u00e9e exclusif, sp\u00e9cialement con\u00e7u pour les 40 ans de la Populaire Sud, leur sera remis par Virginie Rossetti (Directrice Communication &amp; Marque de l\u2019OGC Nice) et par un repr\u00e9sentant historique de la Populaire Sud, membre de son bureau. Celui-ci offrira \u00e9galement \u00e0 l\u2019invit\u00e9 l\u2019\u00e9charpe collector des 40 ans, inspir\u00e9e de la deuxi\u00e8me \u00e9charpe du groupe fond\u00e9 en 1985 (l\u2019\u00e9charpe collector est en vente \u00e0 la rotonde pour les adh\u00e9rents de la Populaire Sud, chaque mercredi et vendredi jusqu\u2019\u00e0 fin ao\u00fbt \/ d\u00e9but septembre).<\/p>\n<p>Une saison d&rsquo;hommages<\/p>\n<p><img loading=\"lazy\" decoding=\"async\" alt=\"\" height=\"1148\" src=\"https:\/\/www.europesays.com\/fr\/wp-content\/uploads\/2025\/08\/Max-Fred-40ans.jpg\" width=\"1080\"\/>&#13;<br \/>\nFred Gioria en compagnie de Max, ancien pr\u00e9sident de la Populaire Sud et membre du bureau&#13;<\/p>\n<p>En marge de la s\u00e9quence d\u2019avant-match sur le terrain, d\u2019autres initiatives ont \u00e9t\u00e9 imagin\u00e9es dans le cadre des 40 ans de la Sud. Un anniversaire dignement lanc\u00e9 \u00e0 Auron cet \u00e9t\u00e9, en pr\u00e9sence des dirigeants rouge et noir.<\/p>\n<p>En avant-match, sur <strong>le Cours 1904 install\u00e9 sur le parvis<\/strong> (c\u00f4t\u00e9 Garibaldi, face \u00e0 la porte D), le repr\u00e9sentant de la Populaire et le joueur honor\u00e9 iront \u00e0 la rencontre du public rouge et noir, pour un moment festif et riche en anecdotes.<strong> Ce samedi, rendez-vous \u00e0 17h40 sur le parvis avec Jean-Phi&rsquo; Mattio !\u00a0<\/strong><\/p>\n<p><strong><img loading=\"lazy\" decoding=\"async\" alt=\"\" height=\"1280\" src=\"https:\/\/www.europesays.com\/fr\/wp-content\/uploads\/2025\/08\/fresquesud.jpg\" width=\"1920\"\/><\/strong><\/p>\n<p>Une fois les portes du stade franchies, le public pourra \u00e9galement profiter d\u2019un nouvel (et magnifique) habillage de la tribune.<\/p>\n<p><img loading=\"lazy\" decoding=\"async\" alt=\"\" height=\"1080\" src=\"https:\/\/www.europesays.com\/fr\/wp-content\/uploads\/2025\/08\/brassard.jpg\" width=\"1920\"\/><\/p>\n<p>Enfin cette saison, le capitaine de l\u2019OGC Nice arborera un brassard sp\u00e9cial, dessin\u00e9 par la Pop\u2019. Un clin d\u2019\u0153il aux mythiques brassards des ann\u00e9es 2000\u2026 et des joueurs embl\u00e9matiques l\u2019ayant port\u00e9 !<\/p>\n","protected":false},"excerpt":{"rendered":"Troph\u00e9e des 40 ans Jean-Philippe Mattio sera honor\u00e9 ce samedi, lors de la r\u00e9ception d\u2019Auxerre, dans le cadre&hellip;\n","protected":false},"author":2,"featured_media":334660,"comment_status":"","ping_status":"","sticky":false,"template":"","format":"standard","meta":{"footnotes":""},"categories":[2819],"tags":[1111,11,1777,674,1011,27,12,2401,882,25],"class_list":{"0":"post-334659","1":"post","2":"type-post","3":"status-publish","4":"format-standard","5":"has-post-thumbnail","7":"category-nice","8":"tag-actu","9":"tag-actualites","10":"tag-eu","11":"tag-europe","12":"tag-fr","13":"tag-france","14":"tag-news","15":"tag-nice","16":"tag-provence-alpes-cote-dazur","17":"tag-republique-francaise"},"share_on_mastodon":{"url":"https:\/\/pubeurope.com\/@fr\/115068497511306756","error":""},"_links":{"self":[{"href":"https:\/\/www.europesays.com\/fr\/wp-json\/wp\/v2\/posts\/334659","targetHints":{"allow":["GET"]}}],"collection":[{"href":"https:\/\/www.europesays.com\/fr\/wp-json\/wp\/v2\/posts"}],"about":[{"href":"https:\/\/www.europesays.com\/fr\/wp-json\/wp\/v2\/types\/post"}],"author":[{"embeddable":true,"href":"https:\/\/www.europesays.com\/fr\/wp-json\/wp\/v2\/users\/2"}],"replies":[{"embeddable":true,"href":"https:\/\/www.europesays.com\/fr\/wp-json\/wp\/v2\/comments?post=334659"}],"version-history":[{"count":0,"href":"https:\/\/www.europesays.com\/fr\/wp-json\/wp\/v2\/posts\/334659\/revisions"}],"wp:featuredmedia":[{"embeddable":true,"href":"https:\/\/www.europesays.com\/fr\/wp-json\/wp\/v2\/media\/334660"}],"wp:attachment":[{"href":"https:\/\/www.europesays.com\/fr\/wp-json\/wp\/v2\/media?parent=334659"}],"wp:term":[{"taxonomy":"category","embeddable":true,"href":"https:\/\/www.europesays.com\/fr\/wp-json\/wp\/v2\/categories?post=334659"},{"taxonomy":"post_tag","embeddable":true,"href":"https:\/\/www.europesays.com\/fr\/wp-json\/wp\/v2\/tags?post=334659"}],"curies":[{"name":"wp","href":"https:\/\/api.w.org\/{rel}","templated":true}]}}