{"id":334661,"date":"2025-08-21T19:51:20","date_gmt":"2025-08-21T19:51:20","guid":{"rendered":"https:\/\/www.europesays.com\/fr\/334661\/"},"modified":"2025-08-21T19:51:20","modified_gmt":"2025-08-21T19:51:20","slug":"selon-le-parquet-de-nice-le-deces-du-streameur-nest-pas-en-lien-avec-lintervention-dun-tiers","status":"publish","type":"post","link":"https:\/\/www.europesays.com\/fr\/334661\/","title":{"rendered":"selon le parquet de Nice, le d\u00e9c\u00e8s du streameur n&rsquo;est pas en lien avec \u00ab\u00a0l&rsquo;intervention d&rsquo;un tiers\u00a0\u00bb"},"content":{"rendered":"<p>Mort de Jean Pormanove: selon le parquet de Nice, le d\u00e9c\u00e8s du streameur n&rsquo;est pas en lien avec \u00ab\u00a0l&rsquo;intervention d&rsquo;un tiers\u00a0\u00bbSur le m\u00eame sujet<a href=\"https:\/\/www.bfmtv.com\/police-justice\/video-mort-du-streameur-jean-pormanove-les-coups-ne-nous-paraissaient-pas-simules-explique-la-presidente-de-la-ligue-des-droits-de-l-homme_VN-202508210606.html\" title=\"Mort du streameur Jean Pormanove: &quot;Les coups ne nous paraissaient pas simul\u00e9s&quot;, explique la pr\u00e9sidente de la Ligue des droits de l\u2019Homme\" rel=\"nofollow noopener\" target=\"_blank\"><img width=\"16\" height=\"9\" class=\"lozad\"  alt=\"Mort du streameur Jean Pormanove: &quot;Les coups ne nous paraissaient pas simul\u00e9s&quot;, explique la pr\u00e9sidente de la Ligue des droits de l\u2019Homme\"\/>1:16Mort du streameur Jean Pormanove: \u00ab\u00a0Les coups ne nous paraissaient pas simul\u00e9s\u00a0\u00bb, explique la pr\u00e9sidente de la Ligue des droits de l\u2019Homme<\/a><a href=\"https:\/\/www.bfmtv.com\/police-justice\/video-maitre-phillipe-henry-honegger-avocat-du-streameur-naruto-confie-que-son-client-n-avait-pas-connaissance-de-l-etat-de-sante-fragile-de-jean-pormanove_VN-202508210605.html\" title=\"Ma\u00eetre Phillipe-Henry Honegger, avocat du streameur &quot;Naruto&quot;, confie que son client &quot;n&#039;avait pas connaissance&quot; de l&#039;\u00e9tat de sant\u00e9 fragile de Jean Pormanove\" rel=\"nofollow noopener\" target=\"_blank\"><img width=\"16\" height=\"9\" class=\"lozad\"  alt=\"Ma\u00eetre Phillipe-Henry Honegger, avocat du streameur &quot;Naruto&quot;, confie que son client &quot;n'avait pas connaissance&quot; de l'\u00e9tat de sant\u00e9 fragile de Jean Pormanove\"\/>3:18Ma\u00eetre Phillipe-Henry Honegger, avocat du streameur \u00ab\u00a0Naruto\u00a0\u00bb, confie que son client \u00ab\u00a0n&rsquo;avait pas connaissance\u00a0\u00bb de l&rsquo;\u00e9tat de sant\u00e9 fragile de Jean Pormanove<\/a><a href=\"https:\/\/www.bfmtv.com\/police-justice\/video-ce-n-est-pas-le-comportement-adopte-dans-le-cadre-de-ce-stream-qui-a-cause-la-mort-indique-l-avocat-du-streameur-naruto-ancien-partenaire-de-jean-pormanove_VN-202508210601.html\" title=\"&quot;Ce n&#039;est pas le comportement adopt\u00e9 dans le cadre de ce stream qui a caus\u00e9 la mort&quot;, indique l&#039;avocat du streameur &quot;Naruto&quot;, ancien partenaire de Jean Pormanove\" rel=\"nofollow noopener\" target=\"_blank\"><img width=\"16\" height=\"9\" class=\"lozad\"  alt=\"&quot;Ce n'est pas le comportement adopt\u00e9 dans le cadre de ce stream qui a caus\u00e9 la mort&quot;, indique l'avocat du streameur &quot;Naruto&quot;, ancien partenaire de Jean Pormanove\"\/>1:06&Prime;Ce n&rsquo;est pas le comportement adopt\u00e9 dans le cadre de ce stream qui a caus\u00e9 la mort\u00a0\u00bb, indique l&rsquo;avocat du streameur \u00ab\u00a0Naruto\u00a0\u00bb, ancien partenaire de Jean Pormanove<\/a><a href=\"https:\/\/www.bfmtv.com\/police-justice\/video-mort-de-jean-pormanove-selon-le-parquet-de-nice-le-deces-du-streameur-n-est-pas-en-lien-avec-l-intervention-d-un-tiers_VN-202508210590.html\" title=\"Mort de Jean Pormanove: selon le parquet de Nice, le d\u00e9c\u00e8s du streameur n&#039;est pas en lien avec &quot;l&#039;intervention d&#039;un tiers&quot;\" rel=\"nofollow noopener\" target=\"_blank\"><img width=\"16\" height=\"9\" class=\"lozad\"  alt=\"Mort de Jean Pormanove: selon le parquet de Nice, le d\u00e9c\u00e8s du streameur n'est pas en lien avec &quot;l'intervention d'un tiers&quot;\"\/>en lectureMort de Jean Pormanove: selon le parquet de Nice, le d\u00e9c\u00e8s du streameur n&rsquo;est pas en lien avec \u00ab\u00a0l&rsquo;intervention d&rsquo;un tiers\u00a0\u00bb<\/a><a href=\"https:\/\/www.bfmtv.com\/police-justice\/video-affrontements-a-aurillac-ces-groupes-ont-tente-de-s-introduire-a-l-interieur-de-la-maison-d-arret-indique-olivier-raynaud-secretaire-zonal-crs-sud-est-pour-l-unsa-police_VN-202508210585.html\" title=\"Affrontements \u00e0 Aurillac: &quot;Ces groupes ont tent\u00e9 de s&#039;introduire \u00e0 l&#039;int\u00e9rieur de la maison d&#039;arr\u00eat&quot;, indique Olivier Raynaud, secr\u00e9taire zonal CRS Sud-Est pour l&#039;Unsa-Police \" rel=\"nofollow noopener\" target=\"_blank\"><img width=\"16\" height=\"9\" class=\"lozad\"  alt=\"Affrontements \u00e0 Aurillac: &quot;Ces groupes ont tent\u00e9 de s'introduire \u00e0 l'int\u00e9rieur de la maison d'arr\u00eat&quot;, indique Olivier Raynaud, secr\u00e9taire zonal CRS Sud-Est pour l'Unsa-Police \"\/>0:41Affrontements \u00e0 Aurillac: \u00ab\u00a0Ces groupes ont tent\u00e9 de s&rsquo;introduire \u00e0 l&rsquo;int\u00e9rieur de la maison d&rsquo;arr\u00eat\u00a0\u00bb, indique Olivier Raynaud, secr\u00e9taire zonal CRS Sud-Est pour l&rsquo;Unsa-Police<\/a><a href=\"https:\/\/www.bfmtv.com\/police-justice\/video-affrontements-a-aurillac-olivier-raynaud-secretaire-zonal-crs-sud-est-pour-l-unsa-police-indique-que-les-emeutiers-sont-des-personnes-de-la-mouvance-d-extreme-gauche_VN-202508210583.html\" title=\"Affrontements \u00e0 Aurillac: Olivier Raynaud, secr\u00e9taire zonal CRS Sud-Est pour l&#039;Unsa-Police, indique que les \u00e9meutiers sont &quot;des personnes de la mouvance d&#039;extr\u00eame gauche&quot;\" rel=\"nofollow noopener\" target=\"_blank\"><img width=\"16\" height=\"9\" class=\"lozad\"  alt=\"Affrontements \u00e0 Aurillac: Olivier Raynaud, secr\u00e9taire zonal CRS Sud-Est pour l'Unsa-Police, indique que les \u00e9meutiers sont &quot;des personnes de la mouvance d'extr\u00eame gauche&quot;\"\/>1:25Affrontements \u00e0 Aurillac: Olivier Raynaud, secr\u00e9taire zonal CRS Sud-Est pour l&rsquo;Unsa-Police, indique que les \u00e9meutiers sont \u00ab\u00a0des personnes de la mouvance d&rsquo;extr\u00eame gauche\u00a0\u00bb<\/a><a href=\"https:\/\/www.bfmtv.com\/police-justice\/video-violences-a-aurillac-j-ai-vu-ma-vitrine-eclatee-et-taguee-temoigne-un-commercant-au-lendemain-des-affrontements_VN-202508210580.html\" title=\"Violences \u00e0 Aurillac: &quot;J&#039;ai vu ma vitrine \u00e9clat\u00e9e et tagu\u00e9e&quot;, t\u00e9moigne un commer\u00e7ant au lendemain des affrontements\" rel=\"nofollow noopener\" target=\"_blank\"><img width=\"16\" height=\"9\" class=\"lozad\"  alt=\"Violences \u00e0 Aurillac: &quot;J'ai vu ma vitrine \u00e9clat\u00e9e et tagu\u00e9e&quot;, t\u00e9moigne un commer\u00e7ant au lendemain des affrontements\"\/>1:39Violences \u00e0 Aurillac: \u00ab\u00a0J&rsquo;ai vu ma vitrine \u00e9clat\u00e9e et tagu\u00e9e\u00a0\u00bb, t\u00e9moigne un commer\u00e7ant au lendemain des affrontements<\/a><a href=\"https:\/\/www.bfmtv.com\/police-justice\/video-corps-retrouves-dans-la-seine-jacques-charles-fombonne-general-de-gendarmerie-se-questionne-comment-peut-on-imaginer-qu-il-y-ait-des-etapes-de-decomposition-des-corps-si-differentes_VN-202508210575.html\" title=\"Corps retrouv\u00e9s dans la Seine: Jacques-Charles Fombonne, g\u00e9n\u00e9ral de gendarmerie, se questionne: &quot;Comment peut-on imaginer qu&#039;il y ait des \u00e9tapes de d\u00e9composition des corps si diff\u00e9rentes?&quot;\" rel=\"nofollow noopener\" target=\"_blank\"><img width=\"16\" height=\"9\" class=\"lozad\"  alt=\"Corps retrouv\u00e9s dans la Seine: Jacques-Charles Fombonne, g\u00e9n\u00e9ral de gendarmerie, se questionne: &quot;Comment peut-on imaginer qu'il y ait des \u00e9tapes de d\u00e9composition des corps si diff\u00e9rentes?&quot;\"\/>2:14Corps retrouv\u00e9s dans la Seine: Jacques-Charles Fombonne, g\u00e9n\u00e9ral de gendarmerie, se questionne: \u00ab\u00a0Comment peut-on imaginer qu&rsquo;il y ait des \u00e9tapes de d\u00e9composition des corps si diff\u00e9rentes?\u00a0\u00bb<\/a><a href=\"https:\/\/www.bfmtv.com\/police-justice\/video-affrontements-a-aurillac-j-ai-un-sentiment-de-colere-c-est-inadmissible-confie-nadine-une-habitante_VN-202508210570.html\" title=\"Affrontements \u00e0 Aurillac: &quot;J&#039;ai un sentiment de col\u00e8re, c&#039;est inadmissible&quot;, confie Nadine, une habitante\" rel=\"nofollow noopener\" target=\"_blank\"><img width=\"16\" height=\"9\" class=\"lozad\"  alt=\"Affrontements \u00e0 Aurillac: &quot;J'ai un sentiment de col\u00e8re, c'est inadmissible&quot;, confie Nadine, une habitante\"\/>1:47Affrontements \u00e0 Aurillac: \u00ab\u00a0J&rsquo;ai un sentiment de col\u00e8re, c&rsquo;est inadmissible\u00a0\u00bb, confie Nadine, une habitante<\/a><a href=\"https:\/\/www.bfmtv.com\/police-justice\/video-affrontements-a-aurillac-on-est-oblige-de-faire-venir-des-renforts-indique-gregory-joron-secretaire-general-du-syndicat-unite_VN-202508210568.html\" title=\"Affrontements \u00e0 Aurillac: &quot;On est oblig\u00e9 de faire venir des renforts&quot;, indique Gr\u00e9gory Joron, secr\u00e9taire g\u00e9n\u00e9ral du syndicat UNIT\u00c9\" rel=\"nofollow noopener\" target=\"_blank\"><img width=\"16\" height=\"9\" class=\"lozad\"  alt=\"Affrontements \u00e0 Aurillac: &quot;On est oblig\u00e9 de faire venir des renforts&quot;, indique Gr\u00e9gory Joron, secr\u00e9taire g\u00e9n\u00e9ral du syndicat UNIT\u00c9\"\/>1:24Affrontements \u00e0 Aurillac: \u00ab\u00a0On est oblig\u00e9 de faire venir des renforts\u00a0\u00bb, indique Gr\u00e9gory Joron, secr\u00e9taire g\u00e9n\u00e9ral du syndicat UNIT\u00c9<\/a><a href=\"https:\/\/www.bfmtv.com\/police-justice\/video-affrontements-a-aurillac-quand-on-n-aime-pas-les-policiers-parce-qu-ils-portent-l-uniforme-de-la-republique-c-est-du-racisme-anti-flic-estime-matthieu-valet-depute-europeen-rassemblement-national_VN-202508210564.html\" title=\"Affrontements \u00e0 Aurillac: &quot;Quand on n&#039;aime pas les policiers parce qu&#039;ils portent l&#039;uniforme de la R\u00e9publique, c&#039;est du racisme anti-flic&quot;, estime Matthieu Valet, d\u00e9put\u00e9 europ\u00e9en Rassemblement national\" rel=\"nofollow noopener\" target=\"_blank\"><img width=\"16\" height=\"9\" class=\"lozad\"  alt=\"Affrontements \u00e0 Aurillac: &quot;Quand on n'aime pas les policiers parce qu'ils portent l'uniforme de la R\u00e9publique, c'est du racisme anti-flic&quot;, estime Matthieu Valet, d\u00e9put\u00e9 europ\u00e9en Rassemblement national\"\/>1:11Affrontements \u00e0 Aurillac: \u00ab\u00a0Quand on n&rsquo;aime pas les policiers parce qu&rsquo;ils portent l&rsquo;uniforme de la R\u00e9publique, c&rsquo;est du racisme anti-flic\u00a0\u00bb, estime Matthieu Valet, d\u00e9put\u00e9 europ\u00e9en Rassemblement national<\/a><a href=\"https:\/\/www.bfmtv.com\/police-justice\/video-affrontements-a-aurillac-les-brigades-de-crs-patrouillent-dans-la-ville-avant-la-deuxieme-nuit-du-festival_VN-202508210562.html\" title=\"Affrontements \u00e0 Aurillac: les brigades de CRS patrouillent dans la ville, avant la deuxi\u00e8me nuit du festival\" rel=\"nofollow noopener\" target=\"_blank\"><img width=\"16\" height=\"9\" class=\"lozad\"  alt=\"Affrontements \u00e0 Aurillac: les brigades de CRS patrouillent dans la ville, avant la deuxi\u00e8me nuit du festival\"\/>1:08Affrontements \u00e0 Aurillac: les brigades de CRS patrouillent dans la ville, avant la deuxi\u00e8me nuit du festival<\/a><a href=\"https:\/\/www.bfmtv.com\/police-justice\/video-affrontements-a-aurillac-deux-compagnies-de-crs-seront-envoyees-ce-soir-selon-l-entourage-du-ministre-de-l-interieur-bruno-retailleau_VN-202508210561.html\" title=\"Affrontements \u00e0 Aurillac: deux compagnies de CRS seront envoy\u00e9es ce soir, selon l&#039;entourage du ministre de l&#039;Int\u00e9rieur, Bruno Retailleau\" rel=\"nofollow noopener\" target=\"_blank\"><img width=\"16\" height=\"9\" class=\"lozad\"  alt=\"Affrontements \u00e0 Aurillac: deux compagnies de CRS seront envoy\u00e9es ce soir, selon l'entourage du ministre de l'Int\u00e9rieur, Bruno Retailleau\"\/>0:48Affrontements \u00e0 Aurillac: deux compagnies de CRS seront envoy\u00e9es ce soir, selon l&rsquo;entourage du ministre de l&rsquo;Int\u00e9rieur, Bruno Retailleau<\/a><a href=\"https:\/\/www.bfmtv.com\/replay-emissions\/bfm-story\/video-story-2-violences-incendies-nuit-de-tensions-a-aurillac-21-08_VN-202508210542.html\" title=\"Story 2 : Violences, incendies... Nuit de tensions \u00e0 Aurillac - 21\/08\" rel=\"nofollow noopener\" target=\"_blank\"><img width=\"16\" height=\"9\" class=\"lozad\"  alt=\"Story 2 : Violences, incendies... Nuit de tensions \u00e0 Aurillac - 21\/08\"\/>6:09Story 2 : Violences, incendies&#8230; Nuit de tensions \u00e0 Aurillac &#8211; 21\/08<\/a><a class=\"jumpToVideo\" target=\"_blank\"><img class=\"thumbnailPreview\"\/><\/a><\/p>\n","protected":false},"excerpt":{"rendered":"Mort de Jean Pormanove: selon le parquet de Nice, le d\u00e9c\u00e8s du streameur n&rsquo;est pas en lien avec&hellip;\n","protected":false},"author":2,"featured_media":334662,"comment_status":"","ping_status":"","sticky":false,"template":"","format":"standard","meta":{"footnotes":""},"categories":[2819],"tags":[1111,11,1777,674,1011,27,12,2401,882,25],"class_list":{"0":"post-334661","1":"post","2":"type-post","3":"status-publish","4":"format-standard","5":"has-post-thumbnail","7":"category-nice","8":"tag-actu","9":"tag-actualites","10":"tag-eu","11":"tag-europe","12":"tag-fr","13":"tag-france","14":"tag-news","15":"tag-nice","16":"tag-provence-alpes-cote-dazur","17":"tag-republique-francaise"},"share_on_mastodon":{"url":"https:\/\/pubeurope.com\/@fr\/115068500932557138","error":""},"_links":{"self":[{"href":"https:\/\/www.europesays.com\/fr\/wp-json\/wp\/v2\/posts\/334661","targetHints":{"allow":["GET"]}}],"collection":[{"href":"https:\/\/www.europesays.com\/fr\/wp-json\/wp\/v2\/posts"}],"about":[{"href":"https:\/\/www.europesays.com\/fr\/wp-json\/wp\/v2\/types\/post"}],"author":[{"embeddable":true,"href":"https:\/\/www.europesays.com\/fr\/wp-json\/wp\/v2\/users\/2"}],"replies":[{"embeddable":true,"href":"https:\/\/www.europesays.com\/fr\/wp-json\/wp\/v2\/comments?post=334661"}],"version-history":[{"count":0,"href":"https:\/\/www.europesays.com\/fr\/wp-json\/wp\/v2\/posts\/334661\/revisions"}],"wp:featuredmedia":[{"embeddable":true,"href":"https:\/\/www.europesays.com\/fr\/wp-json\/wp\/v2\/media\/334662"}],"wp:attachment":[{"href":"https:\/\/www.europesays.com\/fr\/wp-json\/wp\/v2\/media?parent=334661"}],"wp:term":[{"taxonomy":"category","embeddable":true,"href":"https:\/\/www.europesays.com\/fr\/wp-json\/wp\/v2\/categories?post=334661"},{"taxonomy":"post_tag","embeddable":true,"href":"https:\/\/www.europesays.com\/fr\/wp-json\/wp\/v2\/tags?post=334661"}],"curies":[{"name":"wp","href":"https:\/\/api.w.org\/{rel}","templated":true}]}}