{"id":334675,"date":"2025-08-21T20:01:35","date_gmt":"2025-08-21T20:01:35","guid":{"rendered":"https:\/\/www.europesays.com\/fr\/334675\/"},"modified":"2025-08-21T20:01:35","modified_gmt":"2025-08-21T20:01:35","slug":"anderlecht-perd-un-jeune-talent-qui-rejoint-lille-les-derniers-transferts","status":"publish","type":"post","link":"https:\/\/www.europesays.com\/fr\/334675\/","title":{"rendered":"Anderlecht perd un jeune talent, qui rejoint Lille &#8211; Les derniers transferts"},"content":{"rendered":"<p>Le RSC Anderlecht a d\u00fb se r\u00e9soudre \u00e0 laisser partir un nouveau jeune talent. L&rsquo;international marocain U16 Mouad Gounfissi a sign\u00e9 au LOSC. <\/p>\n<p>C&rsquo;est l&rsquo;une des p\u00e9pites de Neerpede qui vient de quitter le RSC <a href=\"https:\/\/www.walfoot.be\/belgique\/anderlecht\" rel=\"nofollow noopener\" target=\"_blank\">Anderlecht<\/a> pour un autre championnat. <strong>Mouad Gounfissi<\/strong>, qui vient de f\u00eater ses 16 ans cette semaine et a d\u00e9but\u00e9 la saison avec les U18 du Sporting, quitte le club pour Lille.<\/p>\n<p>D\u00e9fenseur central, Mouad Gounfissi \u00e9volue au RSCA depuis ses 11 ans. L&rsquo;ann\u00e9e pass\u00e9e, il avait particip\u00e9 \u00e0 la prestigieuse Youth Cup avec les U17 mauves. Peter Verbeke, revenu \u00e0 Anderlecht dans un r\u00f4le de responsable de la d\u00e9tection des talents, avait fait d&rsquo;un premier contrat pour Gounfissi l&rsquo;une de ses priorit\u00e9s.<\/p>\n<p>Lire aussi\u2026 <a class=\"text-decoration-none\" href=\"https:\/\/www.walfoot.be\/news\/2025-08-21\/anderlecht-gache-la-meilleure-mi-temps-de-sa-saison-et-devra-aller-creer-lexploit-a-athenes\" rel=\"nofollow noopener\" target=\"_blank\">Anderlecht g\u00e2che la meilleure mi-temps de sa saison et devra aller cr\u00e9er l&rsquo;exploit \u00e0 Ath\u00e8nes<\/a><\/p>\n<p>C&rsquo;est finalement en France que le jeune belgo-marocain poursuivra sa carri\u00e8re. Les recruteurs du LOSC n&rsquo;ont pas manqu\u00e9 de rep\u00e9rer le talent de Gounfissi, dont on loue la lecture du jeu et la maturit\u00e9 pour son tr\u00e8s jeune \u00e2ge.<\/p>\n<p>N\u00e9 en Belgique, Mouad Gounfissi est cependant d\u00e9j\u00e0 international marocain : il \u00e9tait capitaine des U15, une cat\u00e9gorie r\u00e9cemment supprim\u00e9e par la f\u00e9d\u00e9ration belge. Il s&rsquo;est ensuite impos\u00e9 comme un membre important des U16 chez les Lions de l&rsquo;Atlas, une g\u00e9n\u00e9ration comptant de nombreux belgo-marocains.<\/p>\n<p>Pour le RSC Anderlecht, c&rsquo;est un petit \u00e9chec de ne pas avoir r\u00e9ussi \u00e0 convaincre Gounfissi de rester&#8230; mais cela confirme une nouvelle fois que les jeunes de Neerpede sont scrut\u00e9s \u00e0 l&rsquo;international.\u00a0<\/p>\n","protected":false},"excerpt":{"rendered":"Le RSC Anderlecht a d\u00fb se r\u00e9soudre \u00e0 laisser partir un nouveau jeune talent. L&rsquo;international marocain U16 Mouad&hellip;\n","protected":false},"author":2,"featured_media":334676,"comment_status":"","ping_status":"","sticky":false,"template":"","format":"standard","meta":{"footnotes":""},"categories":[2815],"tags":[1111,11,1777,674,1011,27,811,1307,12,25],"class_list":{"0":"post-334675","1":"post","2":"type-post","3":"status-publish","4":"format-standard","5":"has-post-thumbnail","7":"category-lille","8":"tag-actu","9":"tag-actualites","10":"tag-eu","11":"tag-europe","12":"tag-fr","13":"tag-france","14":"tag-hauts-de-france","15":"tag-lille","16":"tag-news","17":"tag-republique-francaise"},"share_on_mastodon":{"url":"https:\/\/pubeurope.com\/@fr\/115068540271494964","error":""},"_links":{"self":[{"href":"https:\/\/www.europesays.com\/fr\/wp-json\/wp\/v2\/posts\/334675","targetHints":{"allow":["GET"]}}],"collection":[{"href":"https:\/\/www.europesays.com\/fr\/wp-json\/wp\/v2\/posts"}],"about":[{"href":"https:\/\/www.europesays.com\/fr\/wp-json\/wp\/v2\/types\/post"}],"author":[{"embeddable":true,"href":"https:\/\/www.europesays.com\/fr\/wp-json\/wp\/v2\/users\/2"}],"replies":[{"embeddable":true,"href":"https:\/\/www.europesays.com\/fr\/wp-json\/wp\/v2\/comments?post=334675"}],"version-history":[{"count":0,"href":"https:\/\/www.europesays.com\/fr\/wp-json\/wp\/v2\/posts\/334675\/revisions"}],"wp:featuredmedia":[{"embeddable":true,"href":"https:\/\/www.europesays.com\/fr\/wp-json\/wp\/v2\/media\/334676"}],"wp:attachment":[{"href":"https:\/\/www.europesays.com\/fr\/wp-json\/wp\/v2\/media?parent=334675"}],"wp:term":[{"taxonomy":"category","embeddable":true,"href":"https:\/\/www.europesays.com\/fr\/wp-json\/wp\/v2\/categories?post=334675"},{"taxonomy":"post_tag","embeddable":true,"href":"https:\/\/www.europesays.com\/fr\/wp-json\/wp\/v2\/tags?post=334675"}],"curies":[{"name":"wp","href":"https:\/\/api.w.org\/{rel}","templated":true}]}}