{"id":334679,"date":"2025-08-21T20:03:10","date_gmt":"2025-08-21T20:03:10","guid":{"rendered":"https:\/\/www.europesays.com\/fr\/334679\/"},"modified":"2025-08-21T20:03:10","modified_gmt":"2025-08-21T20:03:10","slug":"je-croyais-quon-avait-vecu-le-pire-avec-le-psg","status":"publish","type":"post","link":"https:\/\/www.europesays.com\/fr\/334679\/","title":{"rendered":"Je croyais qu&rsquo;on avait v\u00e9cu le pire avec le PSG"},"content":{"rendered":"<p><strong><\/p>\n<p>V\u00e9ronique Rabiot ne s\u2019est pas montr\u00e9e tendre avec la direction olympienne ce jeudi sur RTL.<\/p>\n<p><\/strong><\/p>\n<p>\u00c9cart\u00e9 du groupe puis plac\u00e9 sur la liste des transferts, <strong>Adrien Rabiot ne devrait plus \u00eatre un joueur de l\u2019Olympique de Marseille<\/strong> dans les prochains jours. La bagarre entre le milieu de terrain et Jonathan Rowe suite \u00e0 la d\u00e9faite \u00e0 Rennes a choqu\u00e9 le board phoc\u00e9en <strong>qui a d\u00e9cid\u00e9 de prendre des mesures drastiques<\/strong>.<\/p>\n<p>Invit\u00e9e ce jeudi sur RTL, V\u00e9ronique Rabiot, m\u00e8re et agente d\u2019Adrien <strong>s\u2019est longuement exprim\u00e9e \u00e0 ce sujet<\/strong>. Celle-ci a fustig\u00e9 le comportement des dirigeants olympiens allant m\u00eame \u00e0 comparer avec la situation qu\u2019a v\u00e9cu son fils lors de son passage au PSG : \u00ab\u00a0Je ne m\u2019attendais jamais \u00e0 vivre une situation pareille. Je croyais qu\u2019on avait v\u00e9cu le pire avec le PSG, mais je me suis tromp\u00e9.\u00a0\u00bb Pour rappel, Adrien Rabiot avait pass\u00e9 six mois sans jouer suite \u00e0 son refus de prolonger.<\/p>\n<p>V\u00e9ronique Rabiot l\u2019a assur\u00e9, le ressort est cass\u00e9 et <strong>il est impossible que Rabiot reporte \u00e0 nouveau les couleurs marseillaises<\/strong> : \u00ab\u00a0Vous croyez que l\u2019on peut maltraiter les gens de cette mani\u00e8re ? J\u2019ai mal pour lui. Avec tout ce qu\u2019il a fait pour venir \u00e0 Marseille, tout le mal qu\u2019il s\u2019est donn\u00e9 l\u2019ann\u00e9e derni\u00e8re, toute l\u2019implication qu\u2019il a mis pour atteindre cet objectif et comment il y a cru et m\u00eame encore puisqu\u2019il voulait rester et jouer la Ligue des Champions, on le traite de cette mani\u00e8re ?\u00ab\u00a0<\/p>\n","protected":false},"excerpt":{"rendered":"V\u00e9ronique Rabiot ne s\u2019est pas montr\u00e9e tendre avec la direction olympienne ce jeudi sur RTL. \u00c9cart\u00e9 du groupe&hellip;\n","protected":false},"author":2,"featured_media":282447,"comment_status":"","ping_status":"","sticky":false,"template":"","format":"standard","meta":{"footnotes":""},"categories":[2814],"tags":[1111,11,1777,674,1011,27,884,12,882,25],"class_list":{"0":"post-334679","1":"post","2":"type-post","3":"status-publish","4":"format-standard","5":"has-post-thumbnail","7":"category-marseille","8":"tag-actu","9":"tag-actualites","10":"tag-eu","11":"tag-europe","12":"tag-fr","13":"tag-france","14":"tag-marseille","15":"tag-news","16":"tag-provence-alpes-cote-dazur","17":"tag-republique-francaise"},"share_on_mastodon":{"url":"https:\/\/pubeurope.com\/@fr\/115068548139947157","error":""},"_links":{"self":[{"href":"https:\/\/www.europesays.com\/fr\/wp-json\/wp\/v2\/posts\/334679","targetHints":{"allow":["GET"]}}],"collection":[{"href":"https:\/\/www.europesays.com\/fr\/wp-json\/wp\/v2\/posts"}],"about":[{"href":"https:\/\/www.europesays.com\/fr\/wp-json\/wp\/v2\/types\/post"}],"author":[{"embeddable":true,"href":"https:\/\/www.europesays.com\/fr\/wp-json\/wp\/v2\/users\/2"}],"replies":[{"embeddable":true,"href":"https:\/\/www.europesays.com\/fr\/wp-json\/wp\/v2\/comments?post=334679"}],"version-history":[{"count":0,"href":"https:\/\/www.europesays.com\/fr\/wp-json\/wp\/v2\/posts\/334679\/revisions"}],"wp:featuredmedia":[{"embeddable":true,"href":"https:\/\/www.europesays.com\/fr\/wp-json\/wp\/v2\/media\/282447"}],"wp:attachment":[{"href":"https:\/\/www.europesays.com\/fr\/wp-json\/wp\/v2\/media?parent=334679"}],"wp:term":[{"taxonomy":"category","embeddable":true,"href":"https:\/\/www.europesays.com\/fr\/wp-json\/wp\/v2\/categories?post=334679"},{"taxonomy":"post_tag","embeddable":true,"href":"https:\/\/www.europesays.com\/fr\/wp-json\/wp\/v2\/tags?post=334679"}],"curies":[{"name":"wp","href":"https:\/\/api.w.org\/{rel}","templated":true}]}}