{"id":334688,"date":"2025-08-21T20:09:15","date_gmt":"2025-08-21T20:09:15","guid":{"rendered":"https:\/\/www.europesays.com\/fr\/334688\/"},"modified":"2025-08-21T20:09:15","modified_gmt":"2025-08-21T20:09:15","slug":"boxe-une-championne-olympique-de-paris-subira-un-test-de-feminite","status":"publish","type":"post","link":"https:\/\/www.europesays.com\/fr\/334688\/","title":{"rendered":"Boxe: Une championne olympique de Paris subira un test de f\u00e9minit\u00e9"},"content":{"rendered":"<p>Publi\u00e921. ao\u00fbt 2025, 15:54<\/p>\n<p>Boxe: Une championne olympique de Paris va subir un test de f\u00e9minit\u00e9<\/p>\n<p>Lin Yu-ting va devoir se soumettre \u00e0 un test de f\u00e9minit\u00e9 obligatoire, si elle entend participer aux championnats du monde de Liverpool pr\u00e9vus le mois prochain.<\/p>\n<p><a href=\"https:\/\/www.20min.ch\/fr\/auteurs\/103333179\/agence-france-presse\" class=\"sc-b1f21c84-2 egfiIF\" rel=\"nofollow noopener\" target=\"_blank\"><img decoding=\"async\" alt=\"Agence France-Presse\" src=\"https:\/\/www.europesays.com\/fr\/wp-content\/uploads\/2025\/08\/1755806954_933_09cf394e-d19c-4235-9b46-7e00127afb7f.png\" class=\"sc-b1f21c84-1 iTOvpR\"\/><\/a><img loading=\"lazy\" decoding=\"async\" src=\"https:\/\/www.europesays.com\/fr\/wp-content\/uploads\/2025\/08\/ef74985c-fe13-4519-ba3e-faf8bc503cc7.jpg\" alt=\"Lin Yu-ting ici aux Jeux olympiques de Paris en 2024.\" title=\"Lin Yu-ting ici aux Jeux olympiques de Paris en 2024.\"  width=\"1200\" height=\"800\"\/><\/p>\n<p>Lin Yu-ting ici aux Jeux olympiques de Paris en 2024.<\/p>\n<p>AFP<\/p>\n<p>La boxeuse ta\u00efwanaise Lin Yu-ting, championne olympique \u00e0 Paris, va subir le test de f\u00e9minit\u00e9 obligatoire, instaur\u00e9 par World Boxing, en vue des championnats du monde \u00e0 Liverpool le mois prochain, a d\u00e9clar\u00e9 son entra\u00eeneur \u00e0 l\u2019AFP jeudi.<\/p>\n<p>La veille, la F\u00e9d\u00e9ration internationale World Boxing a annonc\u00e9 que les boxeuses qui souhaitaient participer \u00e0 ses championnats en Angleterre (4-14 septembre) devaient se soumettre \u00e0 un \u00abtest de f\u00e9minit\u00e9 obligatoire\u00bb dans le cadre de sa nouvelle politique mise en place le m\u00eame jour.<\/p>\n<p>\u00abIls ont annonc\u00e9 que tout le monde devait s\u2019y soumettre, donc nous allons aussi le faire. Si on veut participer, il faut suivre les r\u00e8gles de la comp\u00e9tition, et puisque nous y participons, nous les suivrons\u00bb, a expliqu\u00e9 Tseng Tzu-chiang, le coach de Lin Yu-ting.<\/p>\n<p>Selon la nouvelle politique de World Boxing, les athl\u00e8tes de plus de 18 ans doivent subir un test g\u00e9n\u00e9tique PCR pour d\u00e9terminer leur sexe \u00e0 la naissance afin de pouvoir ou non participer aux comp\u00e9titions de l\u2019organisation cr\u00e9\u00e9e en 2023.<\/p>\n<p>Lin Yu-ting et la boxeuse alg\u00e9rienne Imane Khelif, dont la f\u00e9minit\u00e9 a \u00e9t\u00e9 mise en doute, ont \u00e9t\u00e9 la cible d\u2019une violente pol\u00e9mique lors des Jeux olympiques de Paris 2024, o\u00f9 elles ont remport\u00e9 la m\u00e9daille d\u2019or dans des cat\u00e9gories de poids diff\u00e9rentes.<\/p>\n<p>Elles avaient \u00e9t\u00e9 exclues des championnats du monde 2023 de l\u2019Association internationale de boxe amateur apr\u00e8s avoir \u00e9chou\u00e9 au test de f\u00e9minit\u00e9 selon l\u2019IBA, mais le Comit\u00e9 international olympique (CIO) les avaient autoris\u00e9es \u00e0 participer aux JO de Paris, les qualifiant de victimes d\u2019une \u00abd\u00e9cision soudaine et arbitraire de l\u2019IBA\u00bb.<\/p>\n<p>World Boxing organisera \u00e9galement les \u00e9preuves de boxe aux Jeux olympiques de Los Angeles en 2028 apr\u00e8s avoir \u00e9t\u00e9 reconnu \u00e0 titre provisoire par le CIO.<\/p>\n","protected":false},"excerpt":{"rendered":"Publi\u00e921. ao\u00fbt 2025, 15:54 Boxe: Une championne olympique de Paris va subir un test de f\u00e9minit\u00e9 Lin Yu-ting&hellip;\n","protected":false},"author":2,"featured_media":334689,"comment_status":"","ping_status":"","sticky":false,"template":"","format":"standard","meta":{"footnotes":""},"categories":[1888],"tags":[1111,1928,11,1927,1777,674,1011,27,12,1926,626,1925,25],"class_list":{"0":"post-334688","1":"post","2":"type-post","3":"status-publish","4":"format-standard","5":"has-post-thumbnail","7":"category-paris","8":"tag-actu","9":"tag-actu-paris","10":"tag-actualites","11":"tag-actualites-paris","12":"tag-eu","13":"tag-europe","14":"tag-fr","15":"tag-france","16":"tag-news","17":"tag-news-paris","18":"tag-paris","19":"tag-paris-news","20":"tag-republique-francaise"},"share_on_mastodon":{"url":"https:\/\/pubeurope.com\/@fr\/115068571744800308","error":""},"_links":{"self":[{"href":"https:\/\/www.europesays.com\/fr\/wp-json\/wp\/v2\/posts\/334688","targetHints":{"allow":["GET"]}}],"collection":[{"href":"https:\/\/www.europesays.com\/fr\/wp-json\/wp\/v2\/posts"}],"about":[{"href":"https:\/\/www.europesays.com\/fr\/wp-json\/wp\/v2\/types\/post"}],"author":[{"embeddable":true,"href":"https:\/\/www.europesays.com\/fr\/wp-json\/wp\/v2\/users\/2"}],"replies":[{"embeddable":true,"href":"https:\/\/www.europesays.com\/fr\/wp-json\/wp\/v2\/comments?post=334688"}],"version-history":[{"count":0,"href":"https:\/\/www.europesays.com\/fr\/wp-json\/wp\/v2\/posts\/334688\/revisions"}],"wp:featuredmedia":[{"embeddable":true,"href":"https:\/\/www.europesays.com\/fr\/wp-json\/wp\/v2\/media\/334689"}],"wp:attachment":[{"href":"https:\/\/www.europesays.com\/fr\/wp-json\/wp\/v2\/media?parent=334688"}],"wp:term":[{"taxonomy":"category","embeddable":true,"href":"https:\/\/www.europesays.com\/fr\/wp-json\/wp\/v2\/categories?post=334688"},{"taxonomy":"post_tag","embeddable":true,"href":"https:\/\/www.europesays.com\/fr\/wp-json\/wp\/v2\/tags?post=334688"}],"curies":[{"name":"wp","href":"https:\/\/api.w.org\/{rel}","templated":true}]}}