{"id":334691,"date":"2025-08-21T20:11:07","date_gmt":"2025-08-21T20:11:07","guid":{"rendered":"https:\/\/www.europesays.com\/fr\/334691\/"},"modified":"2025-08-21T20:11:07","modified_gmt":"2025-08-21T20:11:07","slug":"paris-la-marque-francaise-tnb-celebre-35-ans-dinnovation-avec-une-collection-anniversaire-au-look-resolument-vintage","status":"publish","type":"post","link":"https:\/\/www.europesays.com\/fr\/334691\/","title":{"rendered":"PARIS : La marque fran\u00e7aise T\u2019nb c\u00e9l\u00e8bre 35 ans d\u2019innovation avec une collection anniversaire au look r\u00e9solument vintage"},"content":{"rendered":"<p><strong>En 1990, T\u2019nb (pour Tape and Box) voit le jour avec une id\u00e9e simple : concevoir des bo\u00eetiers pour cassettes VHS. <\/strong><\/p>\n<p>Depuis, la marque n\u2019a cess\u00e9 d\u2019\u00e9voluer au rythme des r\u00e9volutions technologiques et des nouveaux usages du quotidien. Elle lance d\u00e8s septembre sa collection anniversaire : ORIGIN.<\/p>\n<p><strong>Une collection anniversaire riche en nouveaut\u00e9s<\/strong><\/p>\n<p>Audio, mobilit\u00e9, accessoires connect\u00e9s, t\u00e9l\u00e9phonie\u2026 en 35 ans, T\u2019nb s\u2019est impos\u00e9e comme une r\u00e9f\u00e9rence fran\u00e7aise de l\u2019accessoire tech, en s\u2019adaptant sans cesse aux attentes des consommateurs. Pour c\u00e9l\u00e9brer cet anniversaire, la collection ORIGIN rend hommage aux ann\u00e9es 80-90 avec une s\u00e9rie de produits embl\u00e9matiques revisit\u00e9s : \u00e9couteurs sans fil, casque Bluetooth, batterie de secours, accessoires auto\u2026 Un clin d\u2019\u0153il au pass\u00e9, mais r\u00e9solument tourn\u00e9 vers l\u2019avenir.<\/p>\n<p><strong>Le casque ORIGIN, un hommage vibrant aux ann\u00e9es 80-90<\/strong><\/p>\n<p>Inspir\u00e9 du mythique casque baladeur, le casque ORIGIN combine look vintage et performances modernes. Avec ses coussinets orange iconiques, sa structure l\u00e9g\u00e8re et ses finitions soign\u00e9es, il nous replonge dans l\u2019\u00e2ge d\u2019or de l\u2019audio nomade\u2026 tout en profitant des technologies d\u2019aujourd\u2019hui : Bluetooth, autonomie de 25h, commandes int\u00e9gr\u00e9es et port jack 3,5 mm. Con\u00e7u pour les nostalgiques comme pour les nouvelles g\u00e9n\u00e9rations, ORIGIN incarne une \u00e9poque o\u00f9 la musique \u00e9tait un mode de vie. Plus qu\u2019un casque, un manifeste audio : simple, styl\u00e9, intemporel.<br \/><img fetchpriority=\"high\" decoding=\"async\" class=\"alignnone size-full wp-image-856033\" src=\"https:\/\/www.europesays.com\/fr\/wp-content\/uploads\/2025\/08\/unnamed-130.jpg\" alt=\"\" width=\"1920\" height=\"1920\"  \/><br \/><strong>Prix : 19,90\u20ac<\/strong><\/p>\n<p><strong>Une batterie de secours au look r\u00e9tro<\/strong><\/p>\n<p>Fid\u00e8le aux codes embl\u00e9matiques des ann\u00e9es 90, cette batterie de secours 5000 mAh rend hommage \u00e0 toute une g\u00e9n\u00e9ration tout en r\u00e9pondant aux besoins de mobilit\u00e9 d\u2019aujourd\u2019hui. Dot\u00e9e de deux ports USB-A et un port USB-C, elle permet de charger simultan\u00e9ment jusqu\u2019\u00e0 trois appareils. Sa puissance de charge rapide atteint 20W via USB-C et 18W via USB-A, pour une recharge efficace \u00e0 tout moment. Les 4 voyants LED offrent une lecture simple et rapide du niveau de batterie. Compacte, l\u00e9g\u00e8re et autoris\u00e9e en cabine, la batterie ORIGIN s\u2019inscrit pleinement dans l\u2019ADN de T\u2019nb : pratique, innovante et r\u00e9solument tendance.<br \/><img loading=\"lazy\" decoding=\"async\" class=\"alignnone size-full wp-image-856034\" src=\"https:\/\/www.europesays.com\/fr\/wp-content\/uploads\/2025\/08\/unnamed-126.png\" alt=\"\" width=\"1080\" height=\"1920\"  \/><br \/><strong>3 coloris : Roller, Vinyl, et Tape<\/strong><br \/><strong>Prix : 24,90\u20ac<\/strong><\/p>\n<p><strong>Les ann\u00e9es 90 s\u2019affichent en \u00e9couteurs sans-fil<\/strong><\/p>\n<p>Ces \u00e9couteurs TWS (True Wireless Stereo) allient un design r\u00e9tro assum\u00e9 \u00e0 des performances d\u2019\u00e9coute modernes. R\u00e9sultat : une exp\u00e9rience immersive, sans fil, fluide et confortable, et fid\u00e8le \u00e0 l\u2019ADN de la collection anniversaire ORIGIN. Dot\u00e9s d\u2019une autonomie totale de plus de 15 heures (dont 5 heures d\u2019\u00e9coute par charge), ils offrent une libert\u00e9 prolong\u00e9e. Leur format semi intra-auriculaire ergonomique garantit un confort optimal, m\u00eame apr\u00e8s plusieurs heures d\u2019\u00e9coute. Gr\u00e2ce au contr\u00f4le tactile int\u00e9gr\u00e9, g\u00e9rez musique et appels d\u2019un simple geste, sans sortir votre smartphone. Bluetooth 5.4, design tendance, bo\u00eetier de charge compact : les ORIGIN sont con\u00e7us pour accompagner toutes les g\u00e9n\u00e9rations de m\u00e9lomanes.<\/p>\n<p><strong>3 coloris : Roller, Vinyl, et Tape<\/strong><br \/><strong>Prix : 19,90\u20ac<\/strong><\/p>\n<p><strong>35 ans de mobilit\u00e9 et des accessoires pour tous les trajets du quotidien<\/strong><\/p>\n<p>\u00c0 l\u2019occasion de son 35e anniversaire, T\u2019nb d\u00e9voile un kit voiture 3-en-1 en \u00e9dition limit\u00e9e, pens\u00e9 pour les nomades d\u2019aujourd\u2019hui. Compos\u00e9 d\u2019un chargeur allume-cigare USB-C 20W, d\u2019un support smartphone pour grille d\u2019a\u00e9ration et d\u2019un c\u00e2ble torsad\u00e9 USB-C vers USB-C (1,50 m \/ 60W), ce pack est le compagnon id\u00e9al pour tous vos d\u00e9placements. Le tout est pr\u00e9sent\u00e9 dans une pochette de transport exclusive \u00ab 35 ans \u00bb, aussi pratique qu\u2019\u00e9l\u00e9gante, pour ne jamais rien oublier en route.<br \/><img loading=\"lazy\" decoding=\"async\" class=\"alignnone size-full wp-image-856036\" src=\"https:\/\/www.europesays.com\/fr\/wp-content\/uploads\/2025\/08\/unnamed-127.png\" alt=\"\" width=\"1080\" height=\"1920\"  \/><br \/><strong>Prix : 19,90\u20ac \u2013 disponible en exclusivit\u00e9 chez Norauto<\/strong><\/p>\n<p>La marque a \u00e9galement revisit\u00e9 l\u2019un de ses best-sellers avec ce support smartphone au look r\u00e9tro, inspir\u00e9 des mythiques cassettes audio. Pens\u00e9 pour allier style vintage et fonctionnalit\u00e9 moderne, ce support \u00e0 m\u00e2choire est \u00e9quip\u00e9 d\u2019une ventouse puissante permettant une fixation fiable sur le pare-brise ou le tableau de bord. La t\u00eate orientable \u00e0 360\u00b0 offre une libert\u00e9 d\u2019angle id\u00e9ale pour suivre votre itin\u00e9raire ou passer vos appels en toute s\u00e9curit\u00e9. Sa m\u00e2choire ajustable et ses pinces de serrage renforc\u00e9es garantissent un maintien optimal pour tous les smartphones jusqu\u2019\u00e0 7 pouces. Le bouton d\u2019ouverture int\u00e9gr\u00e9 permet une utilisation simple et rapide.<\/p>\n<p><strong>Prix : 14,90\u20ac \u2013 disponible en exclusivit\u00e9 chez Feu Vert<\/strong><\/p>\n<p><strong>\u00c0 propos de T\u2019nb<\/strong><\/p>\n<p>T\u2019nb, fond\u00e9e en 1990 \u00e0 Salon-de-Provence, en France, a \u00e9volu\u00e9 pour devenir une marque embl\u00e9matique dans le domaine des accessoires multim\u00e9dia et technologiques. D\u00e8s sa cr\u00e9ation, T\u2019nb a mis l\u2019accent sur l\u2019innovation et le design, une philosophie qui a guid\u00e9 son d\u00e9veloppement depuis ses d\u00e9buts. Avec une \u00e9quipe de plus de 75 employ\u00e9s engag\u00e9s, T\u2019nb distribue ses 1200 produits actifs dans plus de 30 pays, lan\u00e7ant plus de 250 nouveaut\u00e9s chaque ann\u00e9e.<\/p>\n<p><a href=\"https:\/\/www.t-nb.com\/\" target=\"_blank\" rel=\"noopener nofollow\" data-saferedirecturl=\"https:\/\/www.google.com\/url?q=https:\/\/www.t-nb.com&amp;source=gmail&amp;ust=1755874071332000&amp;usg=AOvVaw2yfikR1X10tK-pxEgXdMd0\">www.t-nb.com<\/a><\/p>\n","protected":false},"excerpt":{"rendered":"En 1990, T\u2019nb (pour Tape and Box) voit le jour avec une id\u00e9e simple : concevoir des bo\u00eetiers&hellip;\n","protected":false},"author":2,"featured_media":334692,"comment_status":"","ping_status":"","sticky":false,"template":"","format":"standard","meta":{"footnotes":""},"categories":[1888],"tags":[11,1777,674,1011,27,12,626,25],"class_list":{"0":"post-334691","1":"post","2":"type-post","3":"status-publish","4":"format-standard","5":"has-post-thumbnail","7":"category-paris","8":"tag-actualites","9":"tag-eu","10":"tag-europe","11":"tag-fr","12":"tag-france","13":"tag-news","14":"tag-paris","15":"tag-republique-francaise"},"share_on_mastodon":{"url":"https:\/\/pubeurope.com\/@fr\/115068579792358023","error":""},"_links":{"self":[{"href":"https:\/\/www.europesays.com\/fr\/wp-json\/wp\/v2\/posts\/334691","targetHints":{"allow":["GET"]}}],"collection":[{"href":"https:\/\/www.europesays.com\/fr\/wp-json\/wp\/v2\/posts"}],"about":[{"href":"https:\/\/www.europesays.com\/fr\/wp-json\/wp\/v2\/types\/post"}],"author":[{"embeddable":true,"href":"https:\/\/www.europesays.com\/fr\/wp-json\/wp\/v2\/users\/2"}],"replies":[{"embeddable":true,"href":"https:\/\/www.europesays.com\/fr\/wp-json\/wp\/v2\/comments?post=334691"}],"version-history":[{"count":0,"href":"https:\/\/www.europesays.com\/fr\/wp-json\/wp\/v2\/posts\/334691\/revisions"}],"wp:featuredmedia":[{"embeddable":true,"href":"https:\/\/www.europesays.com\/fr\/wp-json\/wp\/v2\/media\/334692"}],"wp:attachment":[{"href":"https:\/\/www.europesays.com\/fr\/wp-json\/wp\/v2\/media?parent=334691"}],"wp:term":[{"taxonomy":"category","embeddable":true,"href":"https:\/\/www.europesays.com\/fr\/wp-json\/wp\/v2\/categories?post=334691"},{"taxonomy":"post_tag","embeddable":true,"href":"https:\/\/www.europesays.com\/fr\/wp-json\/wp\/v2\/tags?post=334691"}],"curies":[{"name":"wp","href":"https:\/\/api.w.org\/{rel}","templated":true}]}}