{"id":334695,"date":"2025-08-21T20:13:11","date_gmt":"2025-08-21T20:13:11","guid":{"rendered":"https:\/\/www.europesays.com\/fr\/334695\/"},"modified":"2025-08-21T20:13:11","modified_gmt":"2025-08-21T20:13:11","slug":"linterpellation-dun-ukrainien-embarrasse-les-europeens","status":"publish","type":"post","link":"https:\/\/www.europesays.com\/fr\/334695\/","title":{"rendered":"l\u2019interpellation d\u2019un Ukrainien embarrasse les Europ\u00e9ens"},"content":{"rendered":"<p><strong>D\u00c9CRYPTAGE <\/strong>&#8211; L\u2019arrestation de Serhii K., soup\u00e7onn\u00e9 d\u2019\u00eatre l\u2019un des commanditaires de l\u2019attentat du gazoduc germano-russe, intervient au moment o\u00f9 Berlin renforce son soutien \u00e0 Kiev contre Moscou.<\/p>\n<p class=\"fig-paragraph\">La plus myst\u00e9rieuse op\u00e9ration de sabotage r\u00e9alis\u00e9e dans le cadre de la guerre russo-ukrainienne a enregistr\u00e9 jeudi un coup d\u2019acc\u00e9l\u00e9rateur judiciaire. Un homme d\u2019origine ukrainienne soup\u00e7onn\u00e9 d\u2019avoir particip\u00e9 \u00e0 la destruction du\u00a0<a href=\"http:\/\/www.lefigaro.fr\/conjoncture\/sabotage-du-gazoduc-nord-stream-un-suspect-ukrainien-arrete-en-italie-20250821\" data-fig-type=\"NewsFlash\" data-gtm-custom-categorie=\"navigation\" data-gtm-custom-action=\"crossclick\" data-gtm-custom-label=\"Contextuel\" data-gtm-event=\"customEventSPE\" data-fig-domain=\"LEFIGARO\" target=\"_blank\" rel=\"noopener\">gazoduc Nord Stream<\/a>\u00a0en septembre 2022, sept mois apr\u00e8s le d\u00e9but de l\u2019invasion militaire d\u00e9clench\u00e9e par le\u00a0<a href=\"http:\/\/www.lefigaro.fr\/conjoncture\/le-kremlin-cherche-un-allegement-des-sanctions-l-economie-russe-plus-fragile-que-jamais-20250815\" data-fig-type=\"NewsFlash\" data-gtm-custom-categorie=\"navigation\" data-gtm-custom-action=\"crossclick\" data-gtm-custom-label=\"Contextuel\" data-gtm-event=\"customEventSPE\" data-fig-domain=\"LEFIGARO\" target=\"_blank\" rel=\"noopener\">Kremlin<\/a>, a \u00e9t\u00e9 arr\u00eat\u00e9 par les carabinieri italiens dans le cadre d\u2019un mandat d\u2019arr\u00eat lanc\u00e9 par la justice allemande.<\/p>\n<p class=\"fig-paragraph\">Le suspect, \u00e2g\u00e9 de 49\u00a0ans, nomm\u00e9 Serhii K., qui passait ses vacances en famille \u00e0 San Clemente, proche de Rimini et de la\u00a0<a href=\"https:\/\/www.lefigaro.fr\/sciences\/2007\/09\/15\/01008-20070915ARTFIG90730-la_mer_adriatique_est_en_bien_mauvaise_sante.php\" data-fig-type=\"Article\" data-gtm-custom-categorie=\"navigation\" data-gtm-custom-action=\"crossclick\" data-gtm-custom-label=\"Contextuel\" data-gtm-event=\"customEventSPE\" data-fig-domain=\"LEFIGARO\" target=\"_blank\" rel=\"noopener\">mer Adriatique<\/a>, a \u00e9t\u00e9 arr\u00eat\u00e9 dans la nuit du 18\u00a0ao\u00fbt, \u00ab\u00a0sans opposer de r\u00e9sistance\u00a0\u00bb, ont indiqu\u00e9 les gendarmes italiens. Il s\u2019agit \u00ab\u00a0vraisemblablement d\u2019un des coordinateurs de l\u2019op\u00e9ration\u00a0\u00bb, a d\u00e9clar\u00e9 pour sa part le parquet f\u00e9d\u00e9ral allemand, sp\u00e9cialis\u00e9 dans les affaires terroristes. Serhii K. pourrait prochainement \u00eatre extrad\u00e9 en Allemagne.<\/p>\n<p class=\"fig-body-link\">\n            \u00c0 lire aussi<br \/>\n        <a class=\"fig-body-link__link fig-premium-mark\" href=\"http:\/\/www.lefigaro.fr\/societes\/pourquoi-l-hypothese-d-une-resurrection-du-gazoduc-nord-stream-2-ressurgit-deux-ans-et-demi-apres-le-sabotage-20250509\" target=\"_blank\" data-fig-type=\"Article\" rel=\"noopener\" data-gtm-custom-categorie=\"navigation\" data-gtm-custom-action=\"crossclick\" data-gtm-custom-label=\"Contextuel\" data-gtm-event=\"customEventSPE\" data-fig-domain=\"LEFIGARO\">Pourquoi l\u2019hypoth\u00e8se d\u2019une r\u00e9surrection du gazoduc Nord Stream 2 ressurgit deux ans et demi apr\u00e8s le sabotage<br \/>\n    <\/a>\n<\/p>\n<p class=\"fig-paragraph\">Avec l\u2019arrestation de ce ressortissant ukrainien, tous les ingr\u00e9dients d\u2019un\u2026<\/p>\n<p class=\"fig-premium-paywall__infos\">\n        Cet article est r\u00e9serv\u00e9 aux abonn\u00e9s.        Il vous reste 85% \u00e0 d\u00e9couvrir.\n    <\/p>\n<p>                <img  data- alt=\"Le Figaro\" class=\"fig-img--complete fig-img\"\/><\/p>\n<p class=\"fig-premium-paywall__title\">Vente Flash<\/p>\n<p class=\"fig-premium-paywall__subtitle\">4,99\u20ac par mois pendant 12 mois. Sans engagement<\/p>\n<p class=\"fig-premium-paywall__connect\">\n                D\u00e9j\u00e0 abonn\u00e9\u00a0?                <a class=\"fig-premium-paywall__connect-link\" href=\"https:\/\/connect.lefigaro.fr\/login?client=horizon_web&amp;type=main&amp;redirect_uri=https%3A%2F%2Fwww.lefigaro.fr%2Finternational%2Fsabotage-du-gazoduc-nord-stream-l-interpellation-d-un-ukrainien-embarrasse-les-europeens-20250821\" data-js-gtm=\"{&quot;customCategorie&quot;: &quot;conversion&quot;, &quot;customAction&quot;: &quot;before_Landing_Connexion_paywall_auto&quot;, &quot;customLabel&quot;: &quot;bGVmaWdhcm8uZnJfXzFmMDdlYTVmLTA0YzEtNjJjYy1iZDRmLTg5OGI5Y2Q3MDdkM19fQXJ0aWNsZQ==_Sabotage du gazoduc Nord Stream\u00a0: l\u2019interpellation d\u2019un Ukrainien embarrasse les Europ\u00e9ens_71&quot;, &quot;customIDSPE&quot;: &quot;bGVmaWdhcm8uZnJfXzFmMDdlYTVmLTA0YzEtNjJjYy1iZDRmLTg5OGI5Y2Q3MDdkM19fQXJ0aWNsZQ==&quot;, &quot;event&quot;: &quot;customEventSPE&quot;}\" target=\"_blank\" rel=\"noopener\"><br \/>\n                    Connectez-vous<br \/>\n                <\/a>\n            <\/p>\n","protected":false},"excerpt":{"rendered":"D\u00c9CRYPTAGE &#8211; L\u2019arrestation de Serhii K., soup\u00e7onn\u00e9 d\u2019\u00eatre l\u2019un des commanditaires de l\u2019attentat du gazoduc germano-russe, intervient au&hellip;\n","protected":false},"author":2,"featured_media":334696,"comment_status":"","ping_status":"","sticky":false,"template":"","format":"standard","meta":{"footnotes":""},"categories":[1590],"tags":[11,672,1777,674,452,12,47192,220],"class_list":{"0":"post-334695","1":"post","2":"type-post","3":"status-publish","4":"format-standard","5":"has-post-thumbnail","7":"category-ukraine","8":"tag-actualites","9":"tag-allemagne","10":"tag-eu","11":"tag-europe","12":"tag-italie","13":"tag-news","14":"tag-nord-stream","15":"tag-ukraine"},"share_on_mastodon":{"url":"https:\/\/pubeurope.com\/@fr\/115068587528590542","error":""},"_links":{"self":[{"href":"https:\/\/www.europesays.com\/fr\/wp-json\/wp\/v2\/posts\/334695","targetHints":{"allow":["GET"]}}],"collection":[{"href":"https:\/\/www.europesays.com\/fr\/wp-json\/wp\/v2\/posts"}],"about":[{"href":"https:\/\/www.europesays.com\/fr\/wp-json\/wp\/v2\/types\/post"}],"author":[{"embeddable":true,"href":"https:\/\/www.europesays.com\/fr\/wp-json\/wp\/v2\/users\/2"}],"replies":[{"embeddable":true,"href":"https:\/\/www.europesays.com\/fr\/wp-json\/wp\/v2\/comments?post=334695"}],"version-history":[{"count":0,"href":"https:\/\/www.europesays.com\/fr\/wp-json\/wp\/v2\/posts\/334695\/revisions"}],"wp:featuredmedia":[{"embeddable":true,"href":"https:\/\/www.europesays.com\/fr\/wp-json\/wp\/v2\/media\/334696"}],"wp:attachment":[{"href":"https:\/\/www.europesays.com\/fr\/wp-json\/wp\/v2\/media?parent=334695"}],"wp:term":[{"taxonomy":"category","embeddable":true,"href":"https:\/\/www.europesays.com\/fr\/wp-json\/wp\/v2\/categories?post=334695"},{"taxonomy":"post_tag","embeddable":true,"href":"https:\/\/www.europesays.com\/fr\/wp-json\/wp\/v2\/tags?post=334695"}],"curies":[{"name":"wp","href":"https:\/\/api.w.org\/{rel}","templated":true}]}}