{"id":334699,"date":"2025-08-21T20:15:18","date_gmt":"2025-08-21T20:15:18","guid":{"rendered":"https:\/\/www.europesays.com\/fr\/334699\/"},"modified":"2025-08-21T20:15:18","modified_gmt":"2025-08-21T20:15:18","slug":"projet-e1-21-pays-dont-le-royaume-uni-et-la-france-condamnent-le-plan-israelien-de-colonisation-en-cisjordanie","status":"publish","type":"post","link":"https:\/\/www.europesays.com\/fr\/334699\/","title":{"rendered":"Projet E1\u00a0: 21 pays, dont le Royaume-Uni et la France condamnent le plan isra\u00e9lien de colonisation en Cisjordanie"},"content":{"rendered":"<p>Alors que le gouvernement isra\u00e9lien acc\u00e9l\u00e8re <a href=\"https:\/\/www.humanite.fr\/monde\/bande-de-gaza\/de-gaza-a-jerusalem-benyamin-netanyahou-accelere-son-processus-doccupation-totale-de-la-bande-de-gaza\" target=\"_blank\" rel=\"noopener\">l\u2019occupation totale de la bande de Gaza<\/a>, rappelant 60\u00a0000 r\u00e9servistes et appelant civils et ONG \u00e0 \u00e9vacuer le nord du territoire, 21 pays ont condamn\u00e9 le plan majeur de colonisation en Cisjordanie approuv\u00e9e mercredi 20\u00a0ao\u00fbt par Isra\u00ebl.<\/p>\n<p>Ce plan est \u00ab\u00a0inacceptable\u00a0\u00bb et repr\u00e9sente \u00ab\u00a0une violation de la loi internationale\u00a0\u00bb, fustigent ainsi ces pays, dont la France, le Royaume-Uni, le Canada, l\u2019Espagne et l\u2019Italie. \u00ab\u00a0Nous condamnons cette d\u00e9cision et demandons avec la plus grande fermet\u00e9 qu\u2019elle soit imm\u00e9diatement annul\u00e9e\u00a0\u00bb, ont ajout\u00e9 les ministres des Affaires \u00e9trang\u00e8res de ces pays.<\/p>\n<p>Des paroles en l\u2019air\u00a0?<\/p>\n<p>Alors que les appels \u00e0 la reconnaissance d\u2019un \u00c9tat Palestinien se multiplient, <a href=\"https:\/\/www.humanite.fr\/monde\/benyamin-netanyahou\/pour-le-gouvernement-israelien-un-seul-et-meme-plan-la-colonisation-et-lannexion-de-gaza-jusqua-la-cisjordanie\" target=\"_blank\" rel=\"noopener\">ce projet de construction de 3\u00a0400<\/a> logements en Cisjordanie occup\u00e9e devrait couper le territoire en deux. Les mesures prises par le gouvernement isra\u00e9lien \u00ab\u00a0compromettent notre volont\u00e9 commune d\u2019assurer la s\u00e9curit\u00e9 et la prosp\u00e9rit\u00e9 au Moyen-Orient\u00a0\u00bb, d\u00e9noncent les chefs de la diplomatie de ces 21 pays. Ils appellent le gouvernement isra\u00e9lien \u00e0 \u00ab\u00a0mettre fin \u00e0 la construction de colonies\u00a0\u00bb et \u00e0 \u00ab\u00a0lever les restrictions financi\u00e8res impos\u00e9es \u00e0 l\u2019Autorit\u00e9 palestinienne\u00a0\u00bb.<\/p>\n<p>L\u2019homme d\u2019extr\u00eame droite se d\u00e9finissant comme supr\u00e9maciste juif, le colon Bezalel Smotrich, est \u00e0 l\u2019origine de la r\u00e9activation de ce plan, baptis\u00e9 E1. Le ministre des finances de Benyamin Netanyahou ne cache pas qu\u2019il ne s\u2019agit rien de moins qu\u2019une r\u00e9ponse isra\u00e9lienne \u00e0 la volont\u00e9 d\u00e9clar\u00e9e de pays de plus en nombreux, dont la France, de <a href=\"https:\/\/www.humanite.fr\/en-debat\/israel-palestine\/reconnaissance-de-letat-de-palestine-dans-quelles-conditions-1-3\" target=\"_blank\" rel=\"noopener\">reconna\u00eetre un \u00c9tat de Palestine<\/a>\u00a0: \u00ab\u00a0Quiconque, dans le monde, tente aujourd\u2019hui de reconna\u00eetre un \u00c9tat palestinien recevra notre r\u00e9ponse sur le terrain. Non pas par des documents, des d\u00e9cisions ou des d\u00e9clarations, mais par des faits. Des faits concernant les maisons, des faits concernant les quartiers.\u00a0\u00bb<\/p>\n<p>Reste \u00e0 savoir si cette prise de parole aura un impact sur la politique d\u2019Isra\u00ebl. Jusqu\u2019\u00e0 maintenant, condamnations, menaces et r\u00e9primandes n\u2019ont jamais fait d\u00e9vier Benyamin Netanyahou et son gouvernement de leur plan g\u00e9nocidaire et colonial.<\/p>\n<p>Dans le m\u00eame temps, 27 pays, dont la France, le Royaume-Uni et l\u2019Allemagne, ont appel\u00e9 Isra\u00ebl \u00e0 autoriser \u00ab\u00a0un acc\u00e8s imm\u00e9diat et ind\u00e9pendant aux m\u00e9dias \u00e9trangers\u00a0\u00bb \u00e0 Gaza et \u00e0 y prot\u00e9ger les journalistes, dans un communiqu\u00e9 commun. \u00ab\u00a0Les journalistes et les professionnels des m\u00e9dias jouent un r\u00f4le essentiel pour mettre en lumi\u00e8re la r\u00e9alit\u00e9 d\u00e9vastatrice de la guerre\u00a0\u00bb, ont d\u00e9clar\u00e9 ces pays, membres d\u2019une Coalition pour la libert\u00e9 des m\u00e9dias.<\/p>\n<p>Plus de 200 journalistes palestiniens ont p\u00e9ri depuis le 7\u00a0octobre 2023, en faisant le th\u00e9\u00e2tre de guerre le plus meurtrier pour les travailleurs des m\u00e9dias. Le 10\u00a0ao\u00fbt encore, <a href=\"https:\/\/www.humanite.fr\/medias\/al-jazeera\/avec-le-meurtre-de-cinq-journalistes-dal-jazeera-larmee-israelienne-tente-de-plonger-gaza-dans-lobscurite\" target=\"_blank\" rel=\"noopener\">l\u2019arm\u00e9e isra\u00e9lienne ciblait et assassinait six reporters<\/a>. Petit \u00e0 petit, Tel-Aviv coupe les derniers relais d\u2019informations dans une bande de Gaza ravag\u00e9e par un g\u00e9nocide.<\/p>\n<p>Pour une information libre sur la Palestine<\/p>\n<p>Nous avons \u00e9t\u00e9 l\u2019un des premiers m\u00e9dias fran\u00e7ais \u00e0 d\u00e9fendre le droit des Palestiniens \u00e0 disposer d\u2019un \u00c9tat viable dans le respect des r\u00e9solutions de l\u2019ONU. Et nous avons inlassablement d\u00e9fendu la paix au Proche-Orient. Aidez-nous \u00e0 continuer de vous informer sur ce qui se passe l\u00e0-bas. Gr\u00e2ce \u00e0 vos dons.<br \/><a href=\"https:\/\/www.humanite.fr\/lhumanite-cest-vous\" data-type=\"link\" data-id=\"https:\/\/www.humanite.fr\/lhumanite-cest-vous\" target=\"_blank\" rel=\"noopener\">Je veux en savoir plus\u00a0!<\/a><\/p>\n","protected":false},"excerpt":{"rendered":"Alors que le gouvernement isra\u00e9lien acc\u00e9l\u00e8re l\u2019occupation totale de la bande de Gaza, rappelant 60\u00a0000 r\u00e9servistes et appelant&hellip;\n","protected":false},"author":2,"featured_media":334700,"comment_status":"","ping_status":"","sticky":false,"template":"","format":"standard","meta":{"footnotes":""},"categories":[1588],"tags":[11,2486,42159,1777,674,15131,47195,12,473,1853,1851,1850,1852],"class_list":{"0":"post-334699","1":"post","2":"type-post","3":"status-publish","4":"format-standard","5":"has-post-thumbnail","7":"category-royaume-uni","8":"tag-actualites","9":"tag-cisjordanie","10":"tag-colonies-israu00e9liennes","11":"tag-eu","12":"tag-europe","13":"tag-israu00ebl-palestine","14":"tag-journalistes-palestiniens","15":"tag-news","16":"tag-royaume-uni","17":"tag-royaume-uni-de-grande-bretagne-et-dirlande-du-nord","18":"tag-uk","19":"tag-united-kingdom","20":"tag-united-kingdom-of-great-britain-and-northern-ireland"},"share_on_mastodon":{"url":"https:\/\/pubeurope.com\/@fr\/115068595476953159","error":""},"_links":{"self":[{"href":"https:\/\/www.europesays.com\/fr\/wp-json\/wp\/v2\/posts\/334699","targetHints":{"allow":["GET"]}}],"collection":[{"href":"https:\/\/www.europesays.com\/fr\/wp-json\/wp\/v2\/posts"}],"about":[{"href":"https:\/\/www.europesays.com\/fr\/wp-json\/wp\/v2\/types\/post"}],"author":[{"embeddable":true,"href":"https:\/\/www.europesays.com\/fr\/wp-json\/wp\/v2\/users\/2"}],"replies":[{"embeddable":true,"href":"https:\/\/www.europesays.com\/fr\/wp-json\/wp\/v2\/comments?post=334699"}],"version-history":[{"count":0,"href":"https:\/\/www.europesays.com\/fr\/wp-json\/wp\/v2\/posts\/334699\/revisions"}],"wp:featuredmedia":[{"embeddable":true,"href":"https:\/\/www.europesays.com\/fr\/wp-json\/wp\/v2\/media\/334700"}],"wp:attachment":[{"href":"https:\/\/www.europesays.com\/fr\/wp-json\/wp\/v2\/media?parent=334699"}],"wp:term":[{"taxonomy":"category","embeddable":true,"href":"https:\/\/www.europesays.com\/fr\/wp-json\/wp\/v2\/categories?post=334699"},{"taxonomy":"post_tag","embeddable":true,"href":"https:\/\/www.europesays.com\/fr\/wp-json\/wp\/v2\/tags?post=334699"}],"curies":[{"name":"wp","href":"https:\/\/api.w.org\/{rel}","templated":true}]}}