{"id":334703,"date":"2025-08-21T20:17:10","date_gmt":"2025-08-21T20:17:10","guid":{"rendered":"https:\/\/www.europesays.com\/fr\/334703\/"},"modified":"2025-08-21T20:17:10","modified_gmt":"2025-08-21T20:17:10","slug":"les-incendies-ont-brule-une-surface-record-en-europe-depuis-le-debut-de-lannee","status":"publish","type":"post","link":"https:\/\/www.europesays.com\/fr\/334703\/","title":{"rendered":"Les incendies ont br\u00fbl\u00e9 une surface record en Europe depuis le d\u00e9but de l\u2019ann\u00e9e"},"content":{"rendered":"\n<p> La lecture de ce contenu est susceptible d\u2019entra\u00eener un d\u00e9p\u00f4t de cookies de la part de l\u2019op\u00e9rateur tiers qui l\u2019h\u00e9berge. Compte-tenu des choix que vous avez exprim\u00e9s en mati\u00e8re de d\u00e9p\u00f4t de cookies, nous avons bloqu\u00e9 l\u2019affichage de ce contenu. Si vous souhaitez y acc\u00e9der, vous devez accepter la cat\u00e9gorie de cookies \u201cContenus tiers\u201d en cliquant sur le bouton ci-dessous. <\/p>\n<p> Lire la Vid\u00e9o              <\/p>\n<p class=\"asset asset-text\">INCENDIES &#8211; Les <a href=\"https:\/\/www.huffingtonpost.fr\/international\/article\/les-incendies-en-espagne-et-au-portugal-ont-une-ampleur-effroyable-la-preuve-avec-ces-chiffres_253712.html\" target=\"_blank\" rel=\"noopener\">incendies de for\u00eat<\/a> ont jusqu\u2019\u00e0 pr\u00e9sent ravag\u00e9 plus d\u2019un million d\u2019hectares dans l\u2019Union europ\u00e9enne en 2025, un record depuis le d\u00e9but des statistiques en 2006, selon une analyse de l\u2019AFP des donn\u00e9es du Syst\u00e8me europ\u00e9en d\u2019information <a href=\"https:\/\/www.huffingtonpost.fr\/international\/video\/incendies-en-espagne-trois-morts-des-milliers-d-hectares-brules-le-point-sur-la-situation_253587.html\" target=\"_blank\" rel=\"noopener\">sur les feux de for\u00eat<\/a> (EFFIS), d\u00e9voil\u00e9e ce jeudi 21\u00a0ao\u00fbt.<\/p>\n<p class=\"asset asset-text\">D\u00e9passant le record de 988\u00a0524 hectares br\u00fbl\u00e9s en 2017, le chiffre a atteint 1\u00a0015\u00a0731 hectares ce jeudi \u00e0 midi, soit une superficie plus grande que Chypre.<\/p>\n<p class=\"asset asset-text\">Ce calcul est bas\u00e9 sur un total \u00e9tabli par l\u2019AFP \u00e0 partir d\u2019estimations par pays de l\u2019EFFIS, \u00e0 un moment o\u00f9 l\u2019Espagne et le Portugal luttent encore contre des incendies de for\u00eat. Elles prennent uniquement en compte les feux ayant br\u00fbl\u00e9 au moins 30\u00a0hectares.<\/p>\n<p>    D\u00e9pendants des for\u00eats    <\/p>\n<p class=\"asset asset-text\">Comme le souligne <a href=\"https:\/\/www.lemonde.fr\/planete\/article\/2025\/08\/21\/dans-l-union-europeenne-les-incendies-ont-brule-plus-de-1-million-d-hectares-depuis-debut-2025-un-chiffre-jamais-enregistre_6633126_3244.html#:~:text=Les%20incendies%20ont%20d%C3%A9j%C3%A0%20ravag%C3%A9,donn%C3%A9es%20du%20syst%C3%A8me%20europ%C3%A9en%20d\u2019\" target=\"_blank\" rel=\"noopener\" title=\"Nouvelle fen\u00eatre\">Le Monde<\/a>, \u00e0 ce jour, l\u2019Espagne, l\u2019\u00eele de Chypre, l\u2019Allemagne et la Slovaquie ont d\u00e9j\u00e0 d\u00e9pass\u00e9 leur plus haut niveau annuel de surfaces br\u00fbl\u00e9es en vingt ans de donn\u00e9es existantes.<\/p>\n<p class=\"asset asset-text\">Selon l\u2019ONU, plus de 1,6\u00a0milliard de personnes d\u00e9pendent des for\u00eats dans le monde entier, et l\u2019Accord de Paris sur le changement climatique de 2015 a pos\u00e9 un cadre pour freiner leur disparition, qui progresse \u00e0 un rythme de dix millions d\u2019hectares par an.<\/p>\n<p class=\"asset asset-text\">En outre, <a href=\"https:\/\/www.huffingtonpost.fr\/france\/video\/en-charente-un-incendie-ravage-plus-de-200-hectares-de-vegetation-ce-que-l-on-sait_253490.html\" target=\"_blank\" rel=\"noopener\">les feux <\/a>sont de plus en plus agressifs, \u00e9voquant ceux que l\u2019on voit en Australie, en Californie ou au Canada, attis\u00e9s par une chaleur saharienne qui dure d\u00e9sormais tout l\u2019\u00e9t\u00e9.<\/p>\n","protected":false},"excerpt":{"rendered":"La lecture de ce contenu est susceptible d\u2019entra\u00eener un d\u00e9p\u00f4t de cookies de la part de l\u2019op\u00e9rateur tiers&hellip;\n","protected":false},"author":2,"featured_media":334704,"comment_status":"","ping_status":"","sticky":false,"template":"","format":"standard","meta":{"footnotes":""},"categories":[1586],"tags":[11,436,1777,674,1312,27571,1011,27,1310,12,25],"class_list":{"0":"post-334703","1":"post","2":"type-post","3":"status-publish","4":"format-standard","5":"has-post-thumbnail","7":"category-europe","8":"tag-actualites","9":"tag-environnement","10":"tag-eu","11":"tag-europe","12":"tag-feu","13":"tag-feux-de-foret","14":"tag-fr","15":"tag-france","16":"tag-incendie","17":"tag-news","18":"tag-republique-francaise"},"share_on_mastodon":{"url":"https:\/\/pubeurope.com\/@fr\/115068603180030181","error":""},"_links":{"self":[{"href":"https:\/\/www.europesays.com\/fr\/wp-json\/wp\/v2\/posts\/334703","targetHints":{"allow":["GET"]}}],"collection":[{"href":"https:\/\/www.europesays.com\/fr\/wp-json\/wp\/v2\/posts"}],"about":[{"href":"https:\/\/www.europesays.com\/fr\/wp-json\/wp\/v2\/types\/post"}],"author":[{"embeddable":true,"href":"https:\/\/www.europesays.com\/fr\/wp-json\/wp\/v2\/users\/2"}],"replies":[{"embeddable":true,"href":"https:\/\/www.europesays.com\/fr\/wp-json\/wp\/v2\/comments?post=334703"}],"version-history":[{"count":0,"href":"https:\/\/www.europesays.com\/fr\/wp-json\/wp\/v2\/posts\/334703\/revisions"}],"wp:featuredmedia":[{"embeddable":true,"href":"https:\/\/www.europesays.com\/fr\/wp-json\/wp\/v2\/media\/334704"}],"wp:attachment":[{"href":"https:\/\/www.europesays.com\/fr\/wp-json\/wp\/v2\/media?parent=334703"}],"wp:term":[{"taxonomy":"category","embeddable":true,"href":"https:\/\/www.europesays.com\/fr\/wp-json\/wp\/v2\/categories?post=334703"},{"taxonomy":"post_tag","embeddable":true,"href":"https:\/\/www.europesays.com\/fr\/wp-json\/wp\/v2\/tags?post=334703"}],"curies":[{"name":"wp","href":"https:\/\/api.w.org\/{rel}","templated":true}]}}