{"id":334705,"date":"2025-08-21T20:18:14","date_gmt":"2025-08-21T20:18:14","guid":{"rendered":"https:\/\/www.europesays.com\/fr\/334705\/"},"modified":"2025-08-21T20:18:14","modified_gmt":"2025-08-21T20:18:14","slug":"avec-plus-dun-million-dhectares-brules-dans-lue-le-record-datant-de-2017-est-battu","status":"publish","type":"post","link":"https:\/\/www.europesays.com\/fr\/334705\/","title":{"rendered":"avec plus d\u2019un million d\u2019hectares br\u00fbl\u00e9s dans l\u2019UE, le record datant de 2017 est battu"},"content":{"rendered":"<p>Les incendies ayant touch\u00e9 de nombreux pays de l\u2019Union europ\u00e9enne ont br\u00fbl\u00e9 exactement 1.015.731 hectares, d\u2019apr\u00e8s la somme des statistiques fournies par EFFIS.<\/p>\n<p class=\"fig-paragraph\">Les\u00a0<a href=\"http:\/\/www.lefigaro.fr\/international\/espagne-les-incendies-ont-devaste-30-000-hectares-supplementaires-en-24-heures-20250819\" target=\"_blank\" data-fig-type=\"NewsFlash\" rel=\"noopener\" data-gtm-custom-categorie=\"navigation\" data-gtm-custom-action=\"crossclick\" data-gtm-custom-label=\"Contextuel\" data-gtm-event=\"customEventSPE\" data-fig-domain=\"LEFIGARO\">incendies<\/a>\u00a0ont d\u00e9j\u00e0 ravag\u00e9 plus d\u2019un million d\u2019hectares (10.000 km2) dans l\u2019Union europ\u00e9enne en 2025, une superficie record depuis le d\u00e9but des statistiques en 2006, selon une analyse de l\u2019AFP des donn\u00e9es du syst\u00e8me europ\u00e9en d\u2019information sur les feux de for\u00eat (EFFIS), indicateur de l\u2019observatoire europ\u00e9en Copernicus.<\/p>\n<p class=\"fig-paragraph\">Le bilan atteignait pr\u00e9cis\u00e9ment 1.015.731 hectares jeudi \u00e0 la mi-journ\u00e9e, une superficie plus grande que la Corse, selon une somme r\u00e9alis\u00e9e par l\u2019AFP des estimations par pays, fournies par EFFIS, \u00e0 l\u2019heure o\u00f9 l\u2019Espagne et le Portugal restent confront\u00e9s \u00e0 d\u2019importants incendies. Ces estimations prennent uniquement en compte les feux ayant br\u00fbl\u00e9 au moins 30 hectares.<\/p>\n<p>                                    <a class=\"fig-a11y-skip a11y-hidden\" href=\"#fig-a11y-skip-main-inarticle\"><br \/>\n        Passer la publicit\u00e9<br \/>\n    <\/a><\/p>\n<p>Quatre pays de l\u2019UE ont d\u00e9pass\u00e9 leur record annuel<\/p>\n<p class=\"fig-paragraph\">Ce total d\u00e9passe les 988.524 hectares de for\u00eat qui \u00e9taient partis en fum\u00e9e en 2017, dont plus de la moiti\u00e9 au Portugal lors d\u2019incendies ayant fait 119 morts. De plus, \u00e0 ce jour, quatre pays de l\u2019Union europ\u00e9enne &#8211; l\u2019Espagne, Chypre, l\u2019Allemagne et la Slovaquie &#8211; ont d\u00e9j\u00e0 d\u00e9pass\u00e9 leur\u00a0<a href=\"http:\/\/www.lefigaro.fr\/international\/incendie-en-espagne-plus-de-343-000-hectares-brules-depuis-le-debut-de-l-annee-un-nouveau-record-20250818\" target=\"_blank\" data-fig-type=\"NewsFlash\" rel=\"noopener\" data-gtm-custom-categorie=\"navigation\" data-gtm-custom-action=\"crossclick\" data-gtm-custom-label=\"Contextuel\" data-gtm-event=\"customEventSPE\" data-fig-domain=\"LEFIGARO\">record annuel<\/a>\u00a0en vingt ans de donn\u00e9es existantes.<\/p>\n<p class=\"fig-paragraph\">En proie \u00e0 de nombreux feux dans l\u2019ouest du pays, ayant fait quatre morts, l\u2019Espagne est de loin le pays de l\u2019Union europ\u00e9enne le plus touch\u00e9 par les incendies avec plus de 400.000 hectares (4000 km2) partis en fum\u00e9e, soit pr\u00e8s de 40% des surfaces br\u00fbl\u00e9es dans l\u2019UE cette ann\u00e9e.<\/p>\n<p class=\"fig-paragraph\">Le Portugal, o\u00f9\u00a0<a href=\"http:\/\/www.lefigaro.fr\/flash-actu\/portugal-une-troisieme-personne-decedee-dans-les-incendies-20250820\" target=\"_blank\" data-fig-type=\"NewsFlash\" rel=\"noopener\" data-gtm-custom-categorie=\"navigation\" data-gtm-custom-action=\"crossclick\" data-gtm-custom-label=\"Contextuel\" data-gtm-event=\"customEventSPE\" data-fig-domain=\"LEFIGARO\">trois personnes ont p\u00e9ri dans les flammes<\/a>, suit avec pr\u00e8s de 274.000 ha br\u00fbl\u00e9s, devant la Roumanie (126.000 ha). En France, 35.600 hectares de for\u00eat ont \u00e9t\u00e9 r\u00e9duits en cendres, notamment dans l\u2019Aude ravag\u00e9e par un gigantesque incendie d\u00e9but ao\u00fbt.<\/p>\n","protected":false},"excerpt":{"rendered":"Les incendies ayant touch\u00e9 de nombreux pays de l\u2019Union europ\u00e9enne ont br\u00fbl\u00e9 exactement 1.015.731 hectares, d\u2019apr\u00e8s la somme&hellip;\n","protected":false},"author":2,"featured_media":334706,"comment_status":"","ping_status":"","sticky":false,"template":"","format":"standard","meta":{"footnotes":""},"categories":[1586],"tags":[11,123,1777,674,1779,1011,27,5383,12,25,1778,364],"class_list":{"0":"post-334705","1":"post","2":"type-post","3":"status-publish","4":"format-standard","5":"has-post-thumbnail","7":"category-europe","8":"tag-actualites","9":"tag-espagne","10":"tag-eu","11":"tag-europe","12":"tag-european-union","13":"tag-fr","14":"tag-france","15":"tag-incendies","16":"tag-news","17":"tag-republique-francaise","18":"tag-ue","19":"tag-union-europeenne"},"share_on_mastodon":{"url":"https:\/\/pubeurope.com\/@fr\/115068607133499953","error":""},"_links":{"self":[{"href":"https:\/\/www.europesays.com\/fr\/wp-json\/wp\/v2\/posts\/334705","targetHints":{"allow":["GET"]}}],"collection":[{"href":"https:\/\/www.europesays.com\/fr\/wp-json\/wp\/v2\/posts"}],"about":[{"href":"https:\/\/www.europesays.com\/fr\/wp-json\/wp\/v2\/types\/post"}],"author":[{"embeddable":true,"href":"https:\/\/www.europesays.com\/fr\/wp-json\/wp\/v2\/users\/2"}],"replies":[{"embeddable":true,"href":"https:\/\/www.europesays.com\/fr\/wp-json\/wp\/v2\/comments?post=334705"}],"version-history":[{"count":0,"href":"https:\/\/www.europesays.com\/fr\/wp-json\/wp\/v2\/posts\/334705\/revisions"}],"wp:featuredmedia":[{"embeddable":true,"href":"https:\/\/www.europesays.com\/fr\/wp-json\/wp\/v2\/media\/334706"}],"wp:attachment":[{"href":"https:\/\/www.europesays.com\/fr\/wp-json\/wp\/v2\/media?parent=334705"}],"wp:term":[{"taxonomy":"category","embeddable":true,"href":"https:\/\/www.europesays.com\/fr\/wp-json\/wp\/v2\/categories?post=334705"},{"taxonomy":"post_tag","embeddable":true,"href":"https:\/\/www.europesays.com\/fr\/wp-json\/wp\/v2\/tags?post=334705"}],"curies":[{"name":"wp","href":"https:\/\/api.w.org\/{rel}","templated":true}]}}