{"id":334709,"date":"2025-08-21T20:20:12","date_gmt":"2025-08-21T20:20:12","guid":{"rendered":"https:\/\/www.europesays.com\/fr\/334709\/"},"modified":"2025-08-21T20:20:12","modified_gmt":"2025-08-21T20:20:12","slug":"150-jeunes-vacanciers-israeliens-se-voient-refuser-lacces-a-un-centre-de-loisirs-a-porte-puymorens-liberation","status":"publish","type":"post","link":"https:\/\/www.europesays.com\/fr\/334709\/","title":{"rendered":"150 jeunes vacanciers isra\u00e9liens se voient refuser l\u2019acc\u00e8s \u00e0 un centre de loisirs \u00e0 Port\u00e9-Puymorens \u2013 Lib\u00e9ration"},"content":{"rendered":"<p class=\"sc-ksZaOG ehjQrN text-element\">Le g\u00e9rant du parc de loisirs invoque des \u00abconvictions personnelles\u00bb. Le parquet de Perpignan lui rappelle qu\u2019il s\u2019agit bien d\u2019un d\u00e9lit puni par la loi. Le g\u00e9rant d\u2019un parc d\u2019activit\u00e9s de loisirs dans le sud des Pyr\u00e9n\u00e9es-Orientales qui a refus\u00e9 ce jeudi 21 ao\u00fbt l\u2019acc\u00e8s \u00e0 un groupe de 150 jeunes vacanciers isra\u00e9liens a finalement \u00e9t\u00e9 plac\u00e9 en garde \u00e0 vue. <\/p>\n<p class=\"sc-ksZaOG ehjQrN text-element\">Selon le parquet de <a href=\"https:\/\/www.liberation.fr\/societe\/lautoroute-barcelone-perpignan-lautre-porte-dentree-pour-la-cocaine-en-france-20250212_JOZKVAIXKBAPTG2JJMJ6PC6AJI\/\" target=\"_blank\" rel=\"nofollow noopener\" title=\"https:\/\/www.liberation.fr\/societe\/lautoroute-barcelone-perpignan-lautre-porte-dentree-pour-la-cocaine-en-france-20250212_JOZKVAIXKBAPTG2JJMJ6PC6AJI\/\">Perpignan<\/a>, le g\u00e9rant du <a href=\"https:\/\/www.liberation.fr\/lifestyle\/le-premier-parc-dattractions-duniversal-en-europe-devrait-ouvrir-au-royaume-uni-en-2031-20250409_TEOIPU56VBFYLFUQ2FNSRIT75M\/\" target=\"_blank\" rel=\"nofollow noopener\" title=\"https:\/\/www.liberation.fr\/lifestyle\/le-premier-parc-dattractions-duniversal-en-europe-devrait-ouvrir-au-royaume-uni-en-2031-20250409_TEOIPU56VBFYLFUQ2FNSRIT75M\/\">centre de loisirs<\/a>, situ\u00e9 \u00e0 Port\u00e9-Puymorens, dans le sud des Pyr\u00e9n\u00e9es-Orientales, \u00aba indiqu\u00e9 \u00e0 ses interlocuteurs refuser l\u2019acc\u00e8s \u00e0 son \u00e9tablissement en raison de \u201cconvictions personnelles\u201d\u00bb. D\u2019apr\u00e8s le quotidien r\u00e9gional <a href=\"https:\/\/www.lindependant.fr\/2025\/08\/21\/150-jeunes-touristes-israeliens-refuses-dacces-dun-parc-de-loisirs-des-pyrenees-orientales-le-gerant-en-garde-a-vue-pour-discrimination-fondee-sur-la-12887339.php\" target=\"_blank\" rel=\"nofollow noopener\" title=\"https:\/\/www.lindependant.fr\/2025\/08\/21\/150-jeunes-touristes-israeliens-refuses-dacces-dun-parc-de-loisirs-des-pyrenees-orientales-le-gerant-en-garde-a-vue-pour-discrimination-fondee-sur-la-12887339.php\">L\u2019Ind\u00e9pendant<\/a>, il s\u2019agit du parc de loisirs Tyrovol, un parcours a\u00e9rien de tyroliennes. <\/p>\n<p class=\"sc-ksZaOG ehjQrN text-element\">Le groupe de 150 vacanciers isra\u00e9liens, tous mineurs, \u00e2g\u00e9s de 8 \u00e0 16 ans, en vacances en Espagne, a \u00e9t\u00e9 refus\u00e9 c\u00f4t\u00e9 fran\u00e7ais, \u00abalors qu\u2019une r\u00e9servation avait \u00e9t\u00e9 faite de longue date\u00bb.<\/p>\n<p class=\"sc-ksZaOG ehjQrN text-element\">Inconnu de la justice et \u00abne faisant pas l\u2019objet de mauvais renseignements\u00bb, le g\u00e9rant, \u00e2g\u00e9 de 52 ans, a \u00e9t\u00e9 plac\u00e9 en garde \u00e0 vue pour \u00abdiscrimination fond\u00e9e sur la religion dans le cadre de l\u2019offre ou de la fourniture d\u2019un bien ou d\u2019un service\u00bb, a soulign\u00e9 le parquet, rappelant que ce d\u00e9lit est \u00abpuni d\u2019une peine maximale de trois ans d\u2019emprisonnement\u00bb.<\/p>\n<p class=\"sc-ksZaOG ehjQrN text-element\">Le groupe de vacanciers isra\u00e9liens, \u00aba modifi\u00e9 son planning et s\u2019est rendu, \u00e0 bord de trois bus, sur un autre site en France, dont la s\u00e9curit\u00e9 est assur\u00e9e par la gendarmerie, sans le moindre incident \u00e0 cet instant\u00bb, a pr\u00e9cis\u00e9 le parquet en fin de journ\u00e9e. Une \u00abenqu\u00eate de flagrance\u00bb a \u00e9t\u00e9 confi\u00e9e \u00e0 la brigade de recherche de la commune de Prades.<\/p>\n","protected":false},"excerpt":{"rendered":"Le g\u00e9rant du parc de loisirs invoque des \u00abconvictions personnelles\u00bb. Le parquet de Perpignan lui rappelle qu\u2019il s\u2019agit&hellip;\n","protected":false},"author":2,"featured_media":334710,"comment_status":"","ping_status":"","sticky":false,"template":"","format":"standard","meta":{"footnotes":""},"categories":[2],"tags":[11,6155,1011,27,12,2680,25],"class_list":{"0":"post-334709","1":"post","2":"type-post","3":"status-publish","4":"format-standard","5":"has-post-thumbnail","7":"category-actualites","8":"tag-actualites","9":"tag-antisemitisme","10":"tag-fr","11":"tag-france","12":"tag-news","13":"tag-occitanie","14":"tag-republique-francaise"},"share_on_mastodon":{"url":"https:\/\/pubeurope.com\/@fr\/115068614999582555","error":""},"_links":{"self":[{"href":"https:\/\/www.europesays.com\/fr\/wp-json\/wp\/v2\/posts\/334709","targetHints":{"allow":["GET"]}}],"collection":[{"href":"https:\/\/www.europesays.com\/fr\/wp-json\/wp\/v2\/posts"}],"about":[{"href":"https:\/\/www.europesays.com\/fr\/wp-json\/wp\/v2\/types\/post"}],"author":[{"embeddable":true,"href":"https:\/\/www.europesays.com\/fr\/wp-json\/wp\/v2\/users\/2"}],"replies":[{"embeddable":true,"href":"https:\/\/www.europesays.com\/fr\/wp-json\/wp\/v2\/comments?post=334709"}],"version-history":[{"count":0,"href":"https:\/\/www.europesays.com\/fr\/wp-json\/wp\/v2\/posts\/334709\/revisions"}],"wp:featuredmedia":[{"embeddable":true,"href":"https:\/\/www.europesays.com\/fr\/wp-json\/wp\/v2\/media\/334710"}],"wp:attachment":[{"href":"https:\/\/www.europesays.com\/fr\/wp-json\/wp\/v2\/media?parent=334709"}],"wp:term":[{"taxonomy":"category","embeddable":true,"href":"https:\/\/www.europesays.com\/fr\/wp-json\/wp\/v2\/categories?post=334709"},{"taxonomy":"post_tag","embeddable":true,"href":"https:\/\/www.europesays.com\/fr\/wp-json\/wp\/v2\/tags?post=334709"}],"curies":[{"name":"wp","href":"https:\/\/api.w.org\/{rel}","templated":true}]}}