{"id":334711,"date":"2025-08-21T20:21:10","date_gmt":"2025-08-21T20:21:10","guid":{"rendered":"https:\/\/www.europesays.com\/fr\/334711\/"},"modified":"2025-08-21T20:21:10","modified_gmt":"2025-08-21T20:21:10","slug":"le-vin-taxe-a-15-la-france-va-travailler-a-des-exemptions-additionnelles","status":"publish","type":"post","link":"https:\/\/www.europesays.com\/fr\/334711\/","title":{"rendered":"le vin tax\u00e9 \u00e0 15 %, la France va travailler \u00e0 des \u00ab\u00a0exemptions additionnelles\u00a0\u00bb"},"content":{"rendered":"<p class=\"article-p mdl\">\u00ab\u00a0La situation ne peut en rester l\u00e0\u00a0\u00bb, a affirm\u00e9 la ministre fran\u00e7aise de l&rsquo;Agriculture sur X, d\u00e9non\u00e7ant un accord \u00ab\u00a0d\u00e9s\u00e9quilibr\u00e9\u00a0\u00bb entre l&rsquo;Union europ\u00e9enne et les \u00c9tats-Unis, qui imposeront <strong>des droits de douane de 15 % sur les vins et spiritueux europ\u00e9ens<\/strong>. Selon Annie Genevard, l&rsquo;accord \u00ab\u00a0porte atteinte aux int\u00e9r\u00eats fran\u00e7ais et europ\u00e9ens en mati\u00e8re agricole (&#8230;)\u00a0<\/p>\n<p>tout en offrant un acc\u00e8s accru aux produits am\u00e9ricains sur le march\u00e9 europ\u00e9en\u00a0\u00bb.<\/p>\n<p class=\"article-p mdl\">\u00ab\u00a0Je regrette particuli\u00e8rement l&rsquo;absence d&rsquo;exemption pour les\u00a0<a class=\"link\" href=\"https:\/\/www.rtl.fr\/actu\/international\/droits-de-douane-la-filiere-des-vins-et-spiritueux-francais-va-t-elle-echapper-aux-15-7900528201\" title=\"Droits de douane : la fili\u00e8re des vins et spiritueux fran\u00e7ais va-t-elle \u00e9chapper aux 15% ?\" target=\"_blank\" rel=\"nofollow noopener\">vins et spiritueux<\/a>, alors m\u00eame que la France et d&rsquo;autres pays avaient soulign\u00e9 l&rsquo;importance prioritaire de ces produits\u00a0\u00bb, a-t-elle ajout\u00e9. De son c\u00f4t\u00e9, le ministre fran\u00e7ais d\u00e9l\u00e9gu\u00e9 au Commerce ext\u00e9rieur, Laurent Saint-Martin, a indiqu\u00e9 que \u00ab\u00a0l&rsquo;histoire n&rsquo;est pas finie\u00a0\u00bb et s&rsquo;est engag\u00e9 \u00e0 <strong>travailler \u00e0 des \u00ab\u00a0exemptions additionnelles\u00a0\u00bb<\/strong>.<\/p>\n<p class=\"article-p mdl\"><strong>La F\u00e9d\u00e9ration des exportateurs de vins et spiritueux (FEVS) fran\u00e7ais a fait part de son \u00ab\u00a0immense d\u00e9ception\u00a0\u00bb<\/strong>, pr\u00e9disant de \u00ab\u00a0grosses difficult\u00e9s\u00a0\u00bb pour la fili\u00e8re. \u00ab\u00a0C&rsquo;est une mauvaise nouvelle parce que c&rsquo;est un frein suppl\u00e9mentaire au commerce et \u00e0 l&rsquo;exportation des vins de Bordeaux aux \u00c9tats-Unis\u00a0\u00bb, a-t-elle fait savoir.<\/p>\n<blockquote class=\"twitter-tweet\">\n<p lang=\"fr\" dir=\"ltr\">Apr\u00e8s l\u2019accord conclu en Ecosse, l\u2019Union europ\u00e9enne et les Etats-Unis ont finalis\u00e9 sa r\u00e9daction.<\/p>\n<p>La d\u00e9fense de nos secteurs \u00e0 l\u2019export reste notre priorit\u00e9. L\u2019accord laisse ouverte la possibilit\u00e9 d\u2019exemptions additionnelles, nous y travaillerons.<\/p>\n<p>L\u2019histoire n\u2019est pas finie.<\/p>\n<p>\u2014 Laurent Saint-Martin (@LaurentSMartin) <a href=\"https:\/\/twitter.com\/LaurentSMartin\/status\/1958519151309279643?ref_src=twsrc%5Etfw\" rel=\"nofollow noopener\" target=\"_blank\">August 21, 2025<\/a><\/p><\/blockquote>\n<p>    La r\u00e9daction vous recommande<\/p>\n<p class=\"s-newsletter__title\">\n                L\u2019actualit\u00e9 par la r\u00e9daction de RTL dans votre bo\u00eete mail.\n            <\/p>\n<p class=\"s-newsletter__subtitle\">\n                Gr\u00e2ce \u00e0 votre compte RTL abonnez-vous \u00e0 la newsletter RTL info pour suivre toute l&rsquo;actualit\u00e9 au quotidien\n            <\/p>\n<p>\n                                    Lire la suite\n                                <\/p>\n<p>                            <script async src=\"https:\/\/platform.twitter.com\/widgets.js\" charset=\"utf-8\"><\/script><\/p>\n","protected":false},"excerpt":{"rendered":"\u00ab\u00a0La situation ne peut en rester l\u00e0\u00a0\u00bb, a affirm\u00e9 la ministre fran\u00e7aise de l&rsquo;Agriculture sur X, d\u00e9non\u00e7ant un&hellip;\n","protected":false},"author":2,"featured_media":334712,"comment_status":"","ping_status":"","sticky":false,"template":"","format":"standard","meta":{"footnotes":""},"categories":[4],"tags":[11,5702,2822,107,1011,27,12,25,4186],"class_list":{"0":"post-334711","1":"post","2":"type-post","3":"status-publish","4":"format-standard","5":"has-post-thumbnail","7":"category-france","8":"tag-actualites","9":"tag-alcool","10":"tag-douanes","11":"tag-fil-info","12":"tag-fr","13":"tag-france","14":"tag-news","15":"tag-republique-francaise","16":"tag-vins"},"share_on_mastodon":{"url":"https:\/\/pubeurope.com\/@fr\/115068618989708685","error":""},"_links":{"self":[{"href":"https:\/\/www.europesays.com\/fr\/wp-json\/wp\/v2\/posts\/334711","targetHints":{"allow":["GET"]}}],"collection":[{"href":"https:\/\/www.europesays.com\/fr\/wp-json\/wp\/v2\/posts"}],"about":[{"href":"https:\/\/www.europesays.com\/fr\/wp-json\/wp\/v2\/types\/post"}],"author":[{"embeddable":true,"href":"https:\/\/www.europesays.com\/fr\/wp-json\/wp\/v2\/users\/2"}],"replies":[{"embeddable":true,"href":"https:\/\/www.europesays.com\/fr\/wp-json\/wp\/v2\/comments?post=334711"}],"version-history":[{"count":0,"href":"https:\/\/www.europesays.com\/fr\/wp-json\/wp\/v2\/posts\/334711\/revisions"}],"wp:featuredmedia":[{"embeddable":true,"href":"https:\/\/www.europesays.com\/fr\/wp-json\/wp\/v2\/media\/334712"}],"wp:attachment":[{"href":"https:\/\/www.europesays.com\/fr\/wp-json\/wp\/v2\/media?parent=334711"}],"wp:term":[{"taxonomy":"category","embeddable":true,"href":"https:\/\/www.europesays.com\/fr\/wp-json\/wp\/v2\/categories?post=334711"},{"taxonomy":"post_tag","embeddable":true,"href":"https:\/\/www.europesays.com\/fr\/wp-json\/wp\/v2\/tags?post=334711"}],"curies":[{"name":"wp","href":"https:\/\/api.w.org\/{rel}","templated":true}]}}