{"id":334713,"date":"2025-08-21T20:22:15","date_gmt":"2025-08-21T20:22:15","guid":{"rendered":"https:\/\/www.europesays.com\/fr\/334713\/"},"modified":"2025-08-21T20:22:15","modified_gmt":"2025-08-21T20:22:15","slug":"drones-cadets-pancartes-eau-temporaire-des-decisions-prises-a-la-coupe-canada-golf-media-info-en-ligne","status":"publish","type":"post","link":"https:\/\/www.europesays.com\/fr\/334713\/","title":{"rendered":"Drones, cadets, pancartes, eau temporaire\u2026 des d\u00e9cisions prises \u00e0 la Coupe Canada &#8211; Golf Media-info en Ligne"},"content":{"rendered":"<ol>\n<li><a href=\"https:\/\/news.google.com\/rss\/articles\/CBMiwAFBVV95cUxPQXdDTnB0eWxyQlVmQS1XVVJ3YWczdDhxZFQxbFh3OWYyMy1xMmVBSDJnZWRMZVFUVnpwUlZmTjh6TGh3UVk0aTh6eVl5ZG9hMlJHWHdlcnpqR1YwSFpJdnZvS2ZSbmxvX2N4TkU4REVzVlRIVHFBdm1Nd3kxN0t4ZUZ4RmUzbDlROEdwLXduOW11dl9mTGZrREVOS1hkWW5uYTYzelZPVGZpVWI1Wkl6OWg1clFaQ0tMcFJQM1RsMXI?oc=5\" target=\"_blank\" rel=\"nofollow noopener\">Drones, cadets, pancartes, eau temporaire\u2026 des d\u00e9cisions prises \u00e0 la Coupe Canada<\/a>&nbsp;&nbsp;Golf Media-info en Ligne<\/li>\n<li><a href=\"https:\/\/news.google.com\/rss\/articles\/CBMifkFVX3lxTFBNQW1uUWNFamNaTV80MXNzQzd3d2E0SGd2WlNLaV9BRjB6elBFUUxqVzZ2VldCMGhUaVRPaVJ3R2ZDOGMtNGUtSHdydWZ3S0dMNVFXOHlfQkNVM0NXcFluMW1wWHh3U0UxVk9DSTNhLVY3Yzd3T01BaDBHOTl2Zw?oc=5\" target=\"_blank\" rel=\"nofollow noopener\">William Boudreault est en feu<\/a>&nbsp;&nbsp;Le Charlevoisien<\/li>\n<li><a href=\"https:\/\/news.google.com\/rss\/articles\/CBMiuAFBVV95cUxQUFZJTldkU1FMdDZ1Y3VMNncyRWdlb1c4T2s4YlJoa1hQVTV1U21zOWVJMlVIMlNlT1Z3ems2SXVnQzRDOHVrRjVSbGJlWV9TeGVreEI3WU5jSVlaVTFIU1FuemlIcmRZVEt2VHVrQ0s5TlgyR2tCYmVsMDJCMmptMW9LTERZSHMzTmZENjByMU80RVo2TEV5Q0VtejZWM1liOGh3UlZWLVoxc1N3eW5OMTZnZjNrS1dl?oc=5\" target=\"_blank\" rel=\"nofollow noopener\">Golf : Joey Savoie remporte la Coupe Canada \u00e0 Victoriaville apr\u00e8s une finale m\u00e9morable et enlevante<\/a>&nbsp;&nbsp;Vingt55<\/li>\n<li><a href=\"https:\/\/news.google.com\/rss\/articles\/CBMinAFBVV95cUxPaDQ1c0Q2bUFab0Y0LXc4QUZ3U3VnLXI1VkFCcnBrN1F2N0NZOU5mS3BrSGozS2ducXZUVUVId0xZTnUySUM3WThmdkZvM2JnczdBNGhuVEs0ZlBKWVNyWmhGVmFSdlVuanhhTmZDRXVKYzdQZ004ZkVwMUduRDJON29PYmhBT1djeFB2b0NyMkZHX0xzSmloZUdYbVA?oc=5\" target=\"_blank\" rel=\"nofollow noopener\">Coupe Canada Victoriaville-Fenergic | Hervol et King en t\u00eate apr\u00e8s le Jour 1<\/a>&nbsp;&nbsp;Mon Victo<\/li>\n<li><a href=\"https:\/\/news.google.com\/rss\/articles\/CBMirwFBVV95cUxQOERfRm1sTWxtcGFzT3FxQUFGa0hBSWxsS1JMM0ZfQTYxazVoeWljeVBWanJOQnRJRDFiTmZqaFE3MWJ6dXlfc25JOGpGTUdEM29wd0loUGFvYnljc1I1LVgwYjc2SDktNnRyLVFFX2lIYkR2eXVidG4wbUFQNXJ6UWpHQjgzeF9Xc0gybXFPajBTZmlZVXE1NzBWTE5ZLXQ1RGxEaThhaUJhTW5KdjFn?oc=5\" target=\"_blank\" rel=\"nofollow noopener\">Joey Savoie c\u00e9l\u00e8bre ses 31 ans avec la Coupe Canada et autres nouvelles<\/a>&nbsp;&nbsp;Golf Canada<\/li>\n<\/ol>\n","protected":false},"excerpt":{"rendered":"Drones, cadets, pancartes, eau temporaire\u2026 des d\u00e9cisions prises \u00e0 la Coupe Canada&nbsp;&nbsp;Golf Media-info en Ligne William Boudreault est&hellip;\n","protected":false},"author":2,"featured_media":334714,"comment_status":"","ping_status":"","sticky":false,"template":"","format":"standard","meta":{"footnotes":""},"categories":[1418],"tags":[1011,27,1472,60],"class_list":{"0":"post-334713","1":"post","2":"type-post","3":"status-publish","4":"format-standard","5":"has-post-thumbnail","7":"category-golf","8":"tag-fr","9":"tag-france","10":"tag-golf","11":"tag-sports"},"share_on_mastodon":{"url":"https:\/\/pubeurope.com\/@fr\/115068622760378909","error":""},"_links":{"self":[{"href":"https:\/\/www.europesays.com\/fr\/wp-json\/wp\/v2\/posts\/334713","targetHints":{"allow":["GET"]}}],"collection":[{"href":"https:\/\/www.europesays.com\/fr\/wp-json\/wp\/v2\/posts"}],"about":[{"href":"https:\/\/www.europesays.com\/fr\/wp-json\/wp\/v2\/types\/post"}],"author":[{"embeddable":true,"href":"https:\/\/www.europesays.com\/fr\/wp-json\/wp\/v2\/users\/2"}],"replies":[{"embeddable":true,"href":"https:\/\/www.europesays.com\/fr\/wp-json\/wp\/v2\/comments?post=334713"}],"version-history":[{"count":0,"href":"https:\/\/www.europesays.com\/fr\/wp-json\/wp\/v2\/posts\/334713\/revisions"}],"wp:featuredmedia":[{"embeddable":true,"href":"https:\/\/www.europesays.com\/fr\/wp-json\/wp\/v2\/media\/334714"}],"wp:attachment":[{"href":"https:\/\/www.europesays.com\/fr\/wp-json\/wp\/v2\/media?parent=334713"}],"wp:term":[{"taxonomy":"category","embeddable":true,"href":"https:\/\/www.europesays.com\/fr\/wp-json\/wp\/v2\/categories?post=334713"},{"taxonomy":"post_tag","embeddable":true,"href":"https:\/\/www.europesays.com\/fr\/wp-json\/wp\/v2\/tags?post=334713"}],"curies":[{"name":"wp","href":"https:\/\/api.w.org\/{rel}","templated":true}]}}