{"id":334715,"date":"2025-08-21T20:24:11","date_gmt":"2025-08-21T20:24:11","guid":{"rendered":"https:\/\/www.europesays.com\/fr\/334715\/"},"modified":"2025-08-21T20:24:11","modified_gmt":"2025-08-21T20:24:11","slug":"rugby-le-vrdr-sincline-lourdement-en-preparation-a-une-semaine-de-louverture-de-la-pro-d2","status":"publish","type":"post","link":"https:\/\/www.europesays.com\/fr\/334715\/","title":{"rendered":"Rugby. Le VRDR s&rsquo;incline lourdement en pr\u00e9paration \u00e0 une semaine de l&rsquo;ouverture de la Pro D2"},"content":{"rendered":"<p>Dans une rencontre \u00e0 sens unique, Valence-Romans a subi une lourde d\u00e9faite face \u00e0 Oyonnax, sur la pelouse synth\u00e9tique de Bellegarde en Valserine (42-7). Un revers, qui questionne \u00e0 une semaine de l\u2019ouverture de la Pro D2 contre Dax (vendredi 29 \u00e0 19h30), m\u00eame si le groupe avait majoritairement \u00e9t\u00e9 remani\u00e9 apr\u00e8s la d\u00e9faite contre Provence Rugby jeudi dernier (<a href=\"https:\/\/www.ledauphine.com\/sport\/2025\/08\/14\/valence-romans-s-incline-d-un-rien-contre-provence-rugby\" target=\"_blank\" rel=\"noopener\">22-26<\/a>).<\/p>\n<p>D\u00e9pass\u00e9s dans tous les compartiments du jeu (\u00e0 l\u2019exception de la touche, plut\u00f4t \u00e0 son avantage), les Dr\u00f4mois n\u2019ont pas su trouver les r\u00e9ponses et sont retomb\u00e9s dans leur travers en prenant 2 cartons jaunes (Neiceru 8e et Waqaninavatu 54e). Avec 6 essais conc\u00e9d\u00e9s, les joueurs du VRDR vont rentrer les valises pleines et quelques n\u0153uds \u00e0 la t\u00eate. Place d\u00e9sormais \u00e0 du repos avant d\u2019attaquer l\u2019ultime semaine de pr\u00e9paration avant <a href=\"https:\/\/www.ledauphine.com\/sport\/2025\/07\/10\/le-calendrier-du-fcg-et-du-vrdr-devoile-quels-sont-les-grands-rendez-vous\" target=\"_blank\" rel=\"noopener\">le d\u00e9but de la Pro D2<\/a>.<\/p>\n","protected":false},"excerpt":{"rendered":"Dans une rencontre \u00e0 sens unique, Valence-Romans a subi une lourde d\u00e9faite face \u00e0 Oyonnax, sur la pelouse&hellip;\n","protected":false},"author":2,"featured_media":334716,"comment_status":"","ping_status":"","sticky":false,"template":"","format":"standard","meta":{"footnotes":""},"categories":[1416],"tags":[2730,2737,2735,1701,1011,27,2308,1479,2736,479,1468,517,1947,60,2733,2734,2728],"class_list":{"0":"post-334715","1":"post","2":"type-post","3":"status-publish","4":"format-standard","5":"has-post-thumbnail","7":"category-rugby","8":"tag-drome","9":"tag-edition-romans-nord-drome","10":"tag-edition-valence-rhone-crussol-vallee-de-la-drome","11":"tag-fil-info-sport","12":"tag-fr","13":"tag-france","14":"tag-pro-d2","15":"tag-romans","16":"tag-romans-sur-isere","17":"tag-rugby","18":"tag-rugby-football","19":"tag-sport","20":"tag-sport-national","21":"tag-sports","22":"tag-valence","23":"tag-valence-bassin","24":"tag-vrdr-valence-romans-drome-rugby"},"share_on_mastodon":{"url":"https:\/\/pubeurope.com\/@fr\/115068630752237013","error":""},"_links":{"self":[{"href":"https:\/\/www.europesays.com\/fr\/wp-json\/wp\/v2\/posts\/334715","targetHints":{"allow":["GET"]}}],"collection":[{"href":"https:\/\/www.europesays.com\/fr\/wp-json\/wp\/v2\/posts"}],"about":[{"href":"https:\/\/www.europesays.com\/fr\/wp-json\/wp\/v2\/types\/post"}],"author":[{"embeddable":true,"href":"https:\/\/www.europesays.com\/fr\/wp-json\/wp\/v2\/users\/2"}],"replies":[{"embeddable":true,"href":"https:\/\/www.europesays.com\/fr\/wp-json\/wp\/v2\/comments?post=334715"}],"version-history":[{"count":0,"href":"https:\/\/www.europesays.com\/fr\/wp-json\/wp\/v2\/posts\/334715\/revisions"}],"wp:featuredmedia":[{"embeddable":true,"href":"https:\/\/www.europesays.com\/fr\/wp-json\/wp\/v2\/media\/334716"}],"wp:attachment":[{"href":"https:\/\/www.europesays.com\/fr\/wp-json\/wp\/v2\/media?parent=334715"}],"wp:term":[{"taxonomy":"category","embeddable":true,"href":"https:\/\/www.europesays.com\/fr\/wp-json\/wp\/v2\/categories?post=334715"},{"taxonomy":"post_tag","embeddable":true,"href":"https:\/\/www.europesays.com\/fr\/wp-json\/wp\/v2\/tags?post=334715"}],"curies":[{"name":"wp","href":"https:\/\/api.w.org\/{rel}","templated":true}]}}