{"id":334717,"date":"2025-08-21T20:25:12","date_gmt":"2025-08-21T20:25:12","guid":{"rendered":"https:\/\/www.europesays.com\/fr\/334717\/"},"modified":"2025-08-21T20:25:12","modified_gmt":"2025-08-21T20:25:12","slug":"les-belges-a-lus-open-voici-le-tirage-de-nos-compatriotes","status":"publish","type":"post","link":"https:\/\/www.europesays.com\/fr\/334717\/","title":{"rendered":"Les Belges \u00e0 l&rsquo;US Open : voici le tirage de nos compatriotes"},"content":{"rendered":"<p class=\"ap-StoryElement ap-StoryElement--mb ap-StoryText\">Goffin, 34 ans, est pr\u00e9sent \u00e0 Flushing Meadows pour la 13e fois de sa carri\u00e8re. Les huiti\u00e8mes de finale, atteints quatre ann\u00e9es de suite, de 2017 \u00e0 2020, constituent son meilleur r\u00e9sultat. L&rsquo;an pass\u00e9, son parcours s&rsquo;\u00e9tait arr\u00eat\u00e9 au troisi\u00e8me tour.<\/p>\n<p><a href=\"https:\/\/www.dhnet.be\/sports\/tennis\/2025\/08\/21\/us-open-2025-des-prize-money-historiques-et-pas-uniquement-en-double-mixte-le-tournoi-new-yorkais-est-sur-le-point-decrire-lhistoire-2VGE2CSAOVCXTCRGN7GM5LXKPQ\/\" target=\"_blank\" rel=\"noopener noreferrer nofollow\" class=\"ap-StoryInterstitialLink ap-StoryElement ap-StoryElement--mb\">US Open 2025 \u2013 Des prize money historiques, et pas uniquement en double mixte : \u00ab\u00a0Le tournoi new-yorkais est sur le point d&rsquo;\u00e9crire l&rsquo;histoire\u00a0\u00bb<\/a><\/p>\n<p class=\"ap-StoryElement ap-StoryElement--mb ap-StoryText\">Collignon, 23 ans, figure pour la premi\u00e8re fois dans le tableau final du dernier Grand Chelem de la saison. Cette ann\u00e9e, il a disput\u00e9 Wimbledon, son premier tournoi majeur.<\/p>\n<p class=\"ap-StoryElement ap-StoryElement--mb ap-StoryText\">Un quatri\u00e8me Belge pourrait acc\u00e9der au tableau final: Kimmer Coppejans (ATP 194) et Alexander Blockx (ATP 116) s&rsquo;affrontent jeudi au deuxi\u00e8me et avant-dernier tour des qualifications.<\/p>\n<p class=\"ap-StoryElement ap-StoryElement--mb ap-StoryText\">Gauthier Onclin (ATP 215) a \u00e9t\u00e9 \u00e9limin\u00e9 au premier tour des qualifications.<\/p>\n<p>Elise Mertens h\u00e9rite d&rsquo;Alyssa Ahn au 1er tour, Greet Minnen d\u00e9fiera Naomi Osaka<\/p>\n<p class=\"ap-StoryElement ap-StoryElement--mb ap-StoryText\">Elise Mertens (WTA 21), t\u00eate de s\u00e9rie N.19, affrontera l&rsquo;Am\u00e9ricaine Alyssa Ahn (WTA 717) tandis que Greet Minnen (WTA 99) d\u00e9fiera la Japonaise Naomi Osaka (WTA 25\/N.23), laur\u00e9ate en 2018 et 2020, au premier tour du simple dames de l&rsquo;US Open de tennis, quatri\u00e8me et derni\u00e8re lev\u00e9e du Grand Chelem, dont le tirage au sort a \u00e9t\u00e9 effectu\u00e9 jeudi.<\/p>\n<p class=\"ap-StoryElement ap-StoryElement--mb ap-StoryText\">Minnen, 29 ans, dispute l&rsquo;US Open pour la dixi\u00e8me fois de sa carri\u00e8re. En 2019 et 2020, elle avait atteint les quarts de finale. L&rsquo;an pass\u00e9, son parcours s&rsquo;\u00e9tait arr\u00eat\u00e9 en huiti\u00e8mes de finale. Elle a aussi remport\u00e9 le double en 2019.<\/p>\n<p><a href=\"https:\/\/www.dhnet.be\/sports\/tennis\/2025\/08\/21\/avant-lus-open-steve-darcis-prend-la-defense-des-tennismen-francophones-on-la-deja-enterre-dix-fois-S73G4OB74VB5DERG33Z26LEUAA\/\" target=\"_blank\" rel=\"noopener noreferrer nofollow\" class=\"ap-StoryInterstitialLink ap-StoryElement ap-StoryElement--mb\">Avant l&rsquo;US Open, Steve Darcis prend la d\u00e9fense des tennismen francophones: \u00ab\u00a0On l&rsquo;a d\u00e9j\u00e0 enterr\u00e9 dix fois\u00a0\u00bb<\/a><\/p>\n<p class=\"ap-StoryElement ap-StoryElement--mb ap-StoryText\">Minnen, 28 ans, participe au dernier Grand Chelem de la saison pour la sixi\u00e8me fois. Le troisi\u00e8me tour, atteint en 2021 et 2023, constitue son meilleur r\u00e9sultat. L&rsquo;an pass\u00e9, elle avait \u00e9t\u00e9 \u00e9limin\u00e9e au deuxi\u00e8me tour.<\/p>\n<p class=\"ap-StoryElement ap-StoryElement--mb ap-StoryText\">Hanne Vandewinkel (WTA 164) est encore engag\u00e9e en qualifications. Elle disputera son deuxi\u00e8me tour jeudi. Sofia Costoulas (WTA 182) a \u00e9t\u00e9 \u00e9limin\u00e9e au premier tour qualificatif.<\/p>\n","protected":false},"excerpt":{"rendered":"Goffin, 34 ans, est pr\u00e9sent \u00e0 Flushing Meadows pour la 13e fois de sa carri\u00e8re. Les huiti\u00e8mes de&hellip;\n","protected":false},"author":2,"featured_media":334718,"comment_status":"","ping_status":"","sticky":false,"template":"","format":"standard","meta":{"footnotes":""},"categories":[1415],"tags":[828,1011,27,60,1467],"class_list":{"0":"post-334717","1":"post","2":"type-post","3":"status-publish","4":"format-standard","5":"has-post-thumbnail","7":"category-tennis","8":"tag-belgique","9":"tag-fr","10":"tag-france","11":"tag-sports","12":"tag-tennis"},"share_on_mastodon":{"url":"https:\/\/pubeurope.com\/@fr\/115068634590043627","error":""},"_links":{"self":[{"href":"https:\/\/www.europesays.com\/fr\/wp-json\/wp\/v2\/posts\/334717","targetHints":{"allow":["GET"]}}],"collection":[{"href":"https:\/\/www.europesays.com\/fr\/wp-json\/wp\/v2\/posts"}],"about":[{"href":"https:\/\/www.europesays.com\/fr\/wp-json\/wp\/v2\/types\/post"}],"author":[{"embeddable":true,"href":"https:\/\/www.europesays.com\/fr\/wp-json\/wp\/v2\/users\/2"}],"replies":[{"embeddable":true,"href":"https:\/\/www.europesays.com\/fr\/wp-json\/wp\/v2\/comments?post=334717"}],"version-history":[{"count":0,"href":"https:\/\/www.europesays.com\/fr\/wp-json\/wp\/v2\/posts\/334717\/revisions"}],"wp:featuredmedia":[{"embeddable":true,"href":"https:\/\/www.europesays.com\/fr\/wp-json\/wp\/v2\/media\/334718"}],"wp:attachment":[{"href":"https:\/\/www.europesays.com\/fr\/wp-json\/wp\/v2\/media?parent=334717"}],"wp:term":[{"taxonomy":"category","embeddable":true,"href":"https:\/\/www.europesays.com\/fr\/wp-json\/wp\/v2\/categories?post=334717"},{"taxonomy":"post_tag","embeddable":true,"href":"https:\/\/www.europesays.com\/fr\/wp-json\/wp\/v2\/tags?post=334717"}],"curies":[{"name":"wp","href":"https:\/\/api.w.org\/{rel}","templated":true}]}}