{"id":334727,"date":"2025-08-21T20:31:12","date_gmt":"2025-08-21T20:31:12","guid":{"rendered":"https:\/\/www.europesays.com\/fr\/334727\/"},"modified":"2025-08-21T20:31:12","modified_gmt":"2025-08-21T20:31:12","slug":"point-de-vue-emmanuel-macron-dans-paris-match-un-etat-des-lieux-complaisant","status":"publish","type":"post","link":"https:\/\/www.europesays.com\/fr\/334727\/","title":{"rendered":"[POINT DE VUE] Emmanuel Macron dans Paris Match\u00a0: un \u00e9tat des lieux complaisant"},"content":{"rendered":"<p>Ces derniers temps, Darius Rochebin est devenu le confident du Pr\u00e9sident. Le journaliste star de LCI a d\u00e9j\u00e0 interview\u00e9 le chef de l\u2019\u00c9tat pour la t\u00e9l\u00e9vision : il rempile pour la presse \u00e9crite, avec un entretien que publient nos confr\u00e8res de <a href=\"https:\/\/www.parismatch.com\/actu\/politique\/emmanuel-macron-ecarte-toute-nouvelle-dissolution-255759\" target=\"_blank\" rel=\"noopener nofollow\">Paris Match<\/a>. Le Pr\u00e9sident s\u2019y livre \u00e0 une analyse de quantit\u00e9 de sujets, pas toujours r\u00e9galiens et parfois inattendus. Dans l\u2019ordre\u00a0: l\u2019Ukraine, la psychologie des dirigeants, la relation Macron-Trump, la rumeur Jean-Michel Trogneux, le marigot politique fran\u00e7ais et l\u2019horizon 2032. Rien que \u00e7a\u00a0! Allez, voyons ces sujets dans l\u2019ordre.<\/p>\n<p>\u00ab Nous avons fait changer le pr\u00e9sident Trump\u00a0\u00bb<\/p>\n<p>D\u2019abord, bien s\u00fbr, on parle de ce sommet de Washington dans lequel Macron et ses amis de la \u00ab\u00a0coalition des volontaires\u00a0\u00bb se sont invit\u00e9s aupr\u00e8s de Volodymyr Zelensky. BV en a d\u00e9j\u00e0 dit un mot, pour montrer \u00e0 quel point les mouches du coche avaient \u00e9t\u00e9 rel\u00e9gu\u00e9es \u00e0 leur vraie place\u00a0: celle d\u2019observateurs (au mieux) ou d\u2019ex\u00e9cutants (au pire). Pour Macron, ce n\u2019est pas du tout \u00e7a\u00a0: \u00ab\u00a0Nous avons fait changer le pr\u00e9sident Trump. [\u2026] Nous nous sommes lev\u00e9s, en \u00e9tant unis, en tant qu\u2019Europ\u00e9ens, et il l\u2019a pris en compte.\u00a0\u00bb Si \u00e7a l\u2019arrange\u2026 Au sujet des dirigeants des deux blocs de cette nouvelle guerre froide, il se livre \u00e0 un double exercice psychologique assez nuanc\u00e9, sur Trump d\u2019abord (\u00ab\u00a0impr\u00e9visible\u00a0\u00bb mais qu\u2019\u00ab\u00a0il ne faut jamais caricaturer\u00a0\u00bb), sur Poutine, ensuite (qui s\u2019est mis \u00e0 \u00ab\u00a0mentir sans cesse au tournant de 2007-2008\u00a0\u00bb mais qui est \u00ab\u00a0fin psychologue\u00a0\u00bb). Une petite pinc\u00e9e de culture (H\u00e9l\u00e8ne Carr\u00e8re d\u2019Encausse sur la culture russe, que le g\u00e9n\u00e9ral de Gaulle d\u00e9corr\u00e9lait de son pouvoir temporaire &#8211; communiste, \u00e0 l\u2019\u00e9poque), quelques gouttes de realpolitik avec beaucoup d\u2019eau (\u00ab\u00a0La diplomatie, ce n\u2019est pas la morale\u00a0\u00bb, \u00ab\u00a0je pourrai [\u2026] serrer la main [de Vladimir Poutine]\u00a0\u00bb)\u2026 C\u2019est bien fait.<\/p>\n<p>Darius Rochebin joue mollement les sparring partners en titillant le Pr\u00e9sident, mais pas trop (\u00ab [Trump] vous vanne parfois durement, mais il ne se permet pas avec vous ce qu\u2019il ose avec d\u2019autres\u00a0\u00bb), avant d\u2019esquisser des explications sur la pr\u00e9tendue complicit\u00e9 particuli\u00e8re qui unit Trump \u00e0 Macron (\u00ab\u00a0le fait que vous ayez exerc\u00e9 un \u00ab\u00a0vrai m\u00e9tier\u00a0\u00bb\u2019\u00a0\u00bb, \u00ab\u00a0il y a entre vos deux couples des moments de complicit\u00e9 \u00e9tonnants qui contrastent avec les tensions politiques\u00a0\u00bb). Emmanuel Macron saisit la perche \u00e9l\u00e9gamment tendue\u00a0: oui, les deux couples pr\u00e9sidentiels s\u2019entendent bien, et la relation entre Brigitte Macron et Melania Trump y est pour quelque chose.<\/p>\n<p>De Brigitte, pr\u00e9cis\u00e9ment, il est ensuite question quand le Pr\u00e9sident aborde frontalement \u00ab\u00a0la\u00a0\u00bb rumeur\u00a0: Candace Owens, influenceuse am\u00e9ricaine trumpiste, a propag\u00e9 en Am\u00e9rique l\u2019id\u00e9e, bien connue en France, selon laquelle Brigitte Macron serait n\u00e9e Jean-Michel Trogneux. Le couple pr\u00e9sidentiel porte plainte et cherchera \u00e0 obtenir une condamnation. On ignore si cette plainte est pour diffamation ou pour injure publique. Ce n\u2019est pas si anodin, mais passons.<\/p>\n<blockquote class=\"twitter-tweet\">\n<p dir=\"ltr\" lang=\"fr\">EXCLUSIF &#8211; Le pr\u00e9sident de la R\u00e9publique et son \u00e9pouse ont d\u00e9cid\u00e9 en juillet de d\u00e9poser plainte contre Candace Owens, l\u2019influenceuse qui propage la rumeur selon laquelle Brigitte Macron serait un homme. <a href=\"https:\/\/t.co\/8KthnDmCFr\" rel=\"nofollow\">https:\/\/t.co\/8KthnDmCFr<\/a><\/p>\n<p>\u2014 Paris Match (@ParisMatch) <a href=\"https:\/\/twitter.com\/ParisMatch\/status\/1957722707816030511?ref_src=twsrc%5Etfw\" rel=\"nofollow noopener\" target=\"_blank\">August 19, 2025<\/a><\/p>\n<\/blockquote>\n<p>\u00a0<\/p>\n<p>\u00ab Pourquoi cohabitation ? Non. Fran\u00e7ois Bayrou, c\u2019est mon ami \u00bb<\/p>\n<p>Un petit tour par la politique int\u00e9rieure lui offre l\u2019occasion d\u2019un bel exercice de slalom pour \u00e9viter les sujets compliqu\u00e9s. Cohabitation\u00a0compliqu\u00e9e\u00a0? Vous n\u2019y pensez pas\u00a0! \u00ab\u00a0Pourquoi cohabitation\u00a0? Non. Fran\u00e7ois Bayrou, c\u2019est mon ami. Il y a une coalition plus large, et voil\u00e0 tout\u00a0\u00bb. La d\u00e9loyaut\u00e9 des stars de Renaissance\u00a0? C\u2019est \u00ab\u00a0la vie des b\u00eates\u00a0\u00bb &#8211; pour le coup, une tr\u00e8s bonne formule. Une nouvelle dissolution pour rattraper la premi\u00e8re\u00a0? Non, pas pr\u00e9vu, mais la premi\u00e8re \u00e9tait une excellente id\u00e9e\u00a0: \u00ab\u00a0On a un Parlement qui refl\u00e8te les fractures du pays.\u00a0\u00bb La chute du gouvernement sur le budget\u00a0? Ce serait seulement un \u00ab\u00a0coup politique\u00a0\u00bb. Tout \u00e7a est habile, \u00e0 d\u00e9faut d\u2019\u00eatre honn\u00eate.<\/p>\n<p>Pour finir, on aborde \u00e9videmment le futur, et l\u2019autre rumeur, plus s\u00e9rieuse celle-ci\u00a0: le Pr\u00e9sident voudra-t-il se repr\u00e9senter en 2032\u00a0? L\u00e0, pas de r\u00e9ponse. Tout au plus saura-t-on qu\u2019il \u00ab\u00a0a envie de faire un maximum de choses d\u2019ici \u00e0 2027\u00a0\u00bb et qu\u2019il dit aux ambitieux de ne pas se voir d\u00e9j\u00e0 arriv\u00e9s en 2027.<\/p>\n<p>Au bilan, comme souvent avec lui, on n\u2019apprend pas grand-chose de neuf. C\u2019est de bonne tenue, c\u2019est bien fait, mais \u00e7a ne r\u00e8gle rien et \u00e7a ne p\u00e8se pas sur le monde. C\u2019est peut-\u00eatre tout ce que l\u2019Histoire retiendra du macronisme, quand le nuage de notre d\u00e9classement tous azimuts sera retomb\u00e9.<\/p>\n<p>                    <a href=\"#\" rel=\"nofollow\" onclick=\"window.print(); pfTrackEvent('[POINT DE VUE] Emmanuel Macron dans &lt;em&gt;Paris Match&lt;\/em&gt;\u00a0: un \u00e9tat des lieux complaisant'); return false;\" title=\"Printer Friendly, PDF &amp; Email\"><br \/>\n                    <img decoding=\"async\" src=\"https:\/\/www.europesays.com\/fr\/wp-content\/uploads\/2025\/04\/printfriendly-icon-sm.png\" alt=\"Print Friendly, PDF &amp; Email\" class=\"pf-button-img\" style=\"width: 17px;height: 17px;\"\/>Imprimer, enregistrer en PDF cet article<br \/>\n                    <\/a><br \/>\n                <script async src=\"https:\/\/platform.twitter.com\/widgets.js\" charset=\"utf-8\"><\/script><\/p>\n","protected":false},"excerpt":{"rendered":"Ces derniers temps, Darius Rochebin est devenu le confident du Pr\u00e9sident. Le journaliste star de LCI a d\u00e9j\u00e0&hellip;\n","protected":false},"author":2,"featured_media":334728,"comment_status":"","ping_status":"","sticky":false,"template":"","format":"standard","meta":{"footnotes":""},"categories":[1359],"tags":[58,59,1011,27,973],"class_list":{"0":"post-334727","1":"post","2":"type-post","3":"status-publish","4":"format-standard","5":"has-post-thumbnail","7":"category-people","8":"tag-divertissement","9":"tag-entertainment","10":"tag-fr","11":"tag-france","12":"tag-people"},"share_on_mastodon":{"url":"https:\/\/pubeurope.com\/@fr\/115068658827237742","error":""},"_links":{"self":[{"href":"https:\/\/www.europesays.com\/fr\/wp-json\/wp\/v2\/posts\/334727","targetHints":{"allow":["GET"]}}],"collection":[{"href":"https:\/\/www.europesays.com\/fr\/wp-json\/wp\/v2\/posts"}],"about":[{"href":"https:\/\/www.europesays.com\/fr\/wp-json\/wp\/v2\/types\/post"}],"author":[{"embeddable":true,"href":"https:\/\/www.europesays.com\/fr\/wp-json\/wp\/v2\/users\/2"}],"replies":[{"embeddable":true,"href":"https:\/\/www.europesays.com\/fr\/wp-json\/wp\/v2\/comments?post=334727"}],"version-history":[{"count":0,"href":"https:\/\/www.europesays.com\/fr\/wp-json\/wp\/v2\/posts\/334727\/revisions"}],"wp:featuredmedia":[{"embeddable":true,"href":"https:\/\/www.europesays.com\/fr\/wp-json\/wp\/v2\/media\/334728"}],"wp:attachment":[{"href":"https:\/\/www.europesays.com\/fr\/wp-json\/wp\/v2\/media?parent=334727"}],"wp:term":[{"taxonomy":"category","embeddable":true,"href":"https:\/\/www.europesays.com\/fr\/wp-json\/wp\/v2\/categories?post=334727"},{"taxonomy":"post_tag","embeddable":true,"href":"https:\/\/www.europesays.com\/fr\/wp-json\/wp\/v2\/tags?post=334727"}],"curies":[{"name":"wp","href":"https:\/\/api.w.org\/{rel}","templated":true}]}}