{"id":334731,"date":"2025-08-21T20:33:10","date_gmt":"2025-08-21T20:33:10","guid":{"rendered":"https:\/\/www.europesays.com\/fr\/334731\/"},"modified":"2025-08-21T20:33:10","modified_gmt":"2025-08-21T20:33:10","slug":"quel-livre-a-tout-change-revue-les-libraires","status":"publish","type":"post","link":"https:\/\/www.europesays.com\/fr\/334731\/","title":{"rendered":"Quel livre a tout chang\u00e9? \u2014 Revue Les libraires"},"content":{"rendered":"<p>        La <a href=\"https:\/\/fondationalphabetisation.org\/\" target=\"_blank\" rel=\"noopener nofollow\">Fondation de l\u2019alphab\u00e9tisation<\/a> sollicite chacun et chacune d\u2019entre nous pour conna\u00eetre ce livre qui, enfant, nous a donn\u00e9 le go\u00fbt de la lecture afin de le faire partager au plus grand nombre.<\/p>\n<p>Lanc\u00e9e le 12 ao\u00fbt dernier, la 27e \u00e9dition du programme <a href=\"https:\/\/fondationalphabetisation.org\/nos-initiatives\/la-lecture-en-cadeau\/\" target=\"_blank\" rel=\"noopener nofollow\">La lecture en cadeau<\/a> prendra son envol lors de la Journ\u00e9e internationale de l\u2019alphab\u00e9tisation, le 8 septembre prochain. En effet, la Fondation de l\u2019alphab\u00e9tisation marquera le coup avec la campagne \u00ab Ce qui a tout chang\u00e9 \u00bb gr\u00e2ce aux t\u00e9moignages de tous ceux et celles pour qui la lecture fut salvatrice, telle une \u00e9piphanie. Le mouvement vise ainsi \u00e0 mettre en lumi\u00e8re l\u2019importance de la lecture d\u00e8s les premiers mois de l\u2019enfance.<\/p>\n<p>Le 8 septembre prochain, on vous invite donc \u00e0 faire part de vos lectures de jeunesse marquantes sur les diff\u00e9rents r\u00e9seaux sociaux afin d\u2019instiguer le mouvement de <a href=\"https:\/\/fondationalphabetisation.org\/nos-initiatives\/la-lecture-en-cadeau\/\" target=\"_blank\" rel=\"noopener nofollow\">La lecture en cadeau<\/a>, et d\u2019offrir un livre neuf aux enfants dans le besoin. Pour que ces gamins et ces fillettes puissent aussi avoir un coup de c\u0153ur, et d\u00e9nicher, au fil des pages, l\u2019\u00e9tincelle de la lecture. Pour davantage d\u2019informations, <a href=\"https:\/\/fondationalphabetisation.org\/nos-initiatives\/la-lecture-en-cadeau\/\" target=\"_blank\" rel=\"noopener nofollow\">c\u2019est ici<\/a>.<\/p>\n<p>C\u2019est en 1999 que la <a href=\"https:\/\/fondationalphabetisation.org\/\" target=\"_blank\" rel=\"noopener nofollow\">Fondation pour l\u2019alphab\u00e9tisation<\/a> a cr\u00e9\u00e9 son programme <a href=\"https:\/\/fondationalphabetisation.org\/nos-initiatives\/la-lecture-en-cadeau\/\" target=\"_blank\" rel=\"noopener nofollow\">La lecture en cadeau<\/a> qui consiste \u00e0 recueillir des livres neufs pour les enfants de 0 \u00e0 12 ans issus de milieux d\u00e9favoris\u00e9s. Comment fait-on? Il s\u2019agit simplement d\u2019offrir un livre neuf que vous d\u00e9poserez dans une bo\u00eete de dons pr\u00e9vue \u00e0 cet effet. Vous trouverez des bo\u00eetes \u00e0 l\u2019effigie de <a href=\"https:\/\/fondationalphabetisation.org\/nos-initiatives\/la-lecture-en-cadeau\/\" target=\"_blank\" rel=\"noopener nofollow\">La lecture en cadeau<\/a> dans plusieurs librairies ind\u00e9pendantes, dans certaines biblioth\u00e8ques publiques et d\u2019autres endroits favorables au partage de la culture. La Fondation pour l\u2019alphab\u00e9tisation r\u00e9cup\u00e9rera tous les livres ramass\u00e9s et les distribuera partout au Qu\u00e9bec, dans les quartiers et les communaut\u00e9s o\u00f9 les besoins sont les plus criants, dans les garderies, les \u00e9coles ou les organismes proches des enfants.<\/p>\n<p>Et pour vous, quel est le livre qui a tout chang\u00e9?<\/p>\n","protected":false},"excerpt":{"rendered":"La Fondation de l\u2019alphab\u00e9tisation sollicite chacun et chacune d\u2019entre nous pour conna\u00eetre ce livre qui, enfant, nous a&hellip;\n","protected":false},"author":2,"featured_media":334732,"comment_status":"","ping_status":"","sticky":false,"template":"","format":"standard","meta":{"footnotes":""},"categories":[1357],"tags":[1379,58,59,1011,27,1380],"class_list":{"0":"post-334731","1":"post","2":"type-post","3":"status-publish","4":"format-standard","5":"has-post-thumbnail","7":"category-livres","8":"tag-books","9":"tag-divertissement","10":"tag-entertainment","11":"tag-fr","12":"tag-france","13":"tag-livres"},"share_on_mastodon":{"url":"","error":""},"_links":{"self":[{"href":"https:\/\/www.europesays.com\/fr\/wp-json\/wp\/v2\/posts\/334731","targetHints":{"allow":["GET"]}}],"collection":[{"href":"https:\/\/www.europesays.com\/fr\/wp-json\/wp\/v2\/posts"}],"about":[{"href":"https:\/\/www.europesays.com\/fr\/wp-json\/wp\/v2\/types\/post"}],"author":[{"embeddable":true,"href":"https:\/\/www.europesays.com\/fr\/wp-json\/wp\/v2\/users\/2"}],"replies":[{"embeddable":true,"href":"https:\/\/www.europesays.com\/fr\/wp-json\/wp\/v2\/comments?post=334731"}],"version-history":[{"count":0,"href":"https:\/\/www.europesays.com\/fr\/wp-json\/wp\/v2\/posts\/334731\/revisions"}],"wp:featuredmedia":[{"embeddable":true,"href":"https:\/\/www.europesays.com\/fr\/wp-json\/wp\/v2\/media\/334732"}],"wp:attachment":[{"href":"https:\/\/www.europesays.com\/fr\/wp-json\/wp\/v2\/media?parent=334731"}],"wp:term":[{"taxonomy":"category","embeddable":true,"href":"https:\/\/www.europesays.com\/fr\/wp-json\/wp\/v2\/categories?post=334731"},{"taxonomy":"post_tag","embeddable":true,"href":"https:\/\/www.europesays.com\/fr\/wp-json\/wp\/v2\/tags?post=334731"}],"curies":[{"name":"wp","href":"https:\/\/api.w.org\/{rel}","templated":true}]}}