{"id":334735,"date":"2025-08-21T20:35:11","date_gmt":"2025-08-21T20:35:11","guid":{"rendered":"https:\/\/www.europesays.com\/fr\/334735\/"},"modified":"2025-08-21T20:35:11","modified_gmt":"2025-08-21T20:35:11","slug":"alain-souchon-proprietaire-dune-maison-avec-sa-femme-dans-le-loir-et-cher-il-nadhere-du-tout-a-une-pratique-locale","status":"publish","type":"post","link":"https:\/\/www.europesays.com\/fr\/334735\/","title":{"rendered":"Alain Souchon propri\u00e9taire d&rsquo;une maison avec sa femme dans le Loir-et-Cher : il n&rsquo;adh\u00e8re du tout \u00e0 une pratique locale"},"content":{"rendered":"<p>            <img loading=\"lazy\" decoding=\"async\" src=\"https:\/\/www.europesays.com\/fr\/wp-content\/uploads\/2025\/04\/144-64f8c016610ee-35x35-1.jpg\" class=\"author-article-picture\" width=\"35\" height=\"35\"\/><\/p>\n<p>                Par<br \/>\n                                    <a class=\"author-article-bio-link\" href=\"https:\/\/www.purepeople.com\/auteur\/louise-martin_a144\" rel=\"nofollow noopener\" target=\"_blank\">Louise Martin<\/a><br \/>\n                                                    | R\u00e9dactrice<\/p>\n<p>\n                Koh Lanta, Les Marseillais mais aussi Mari\u00e9s au Premier regards\u2026 Louise Martin est une t\u00e9l\u00e9vore qui essaye, \u00e0 ses heures perdues, de refaire les g\u00e2teaux qu\u2019elle admire devant le Meilleur P\u00e2tissier\u2026 mais elle ne risque pas de gagner le tablier bleu ! Les r\u00e9seaux sociaux n\u2019ont pas de secret pour elle, les derniers scoops, les derni\u00e8res \u00e9missions, elle les conna\u00eet tous.\n            <\/p>\n<p>\n    \u00c0 l\u2019occasion des 40 ans des Victoires de la Musique dont l&rsquo;\u00e9dition de f\u00e9vrier fut pr\u00e9sid\u00e9 par Alain Souchon, un documentaire ax\u00e9 sur les coulisses de l&rsquo;\u00e9v\u00e9nement sera diffus\u00e9 sur France 2 ce jeudi 21 ao\u00fbt 2025. Visage incontournable de la sc\u00e8ne musicale fran\u00e7aise, le grand ami de Laurent Voulzy est aussi l&rsquo;heureux propri\u00e9taire d&rsquo;une jolie maison nich\u00e9e dans le Loir-et-Cher. Bien qu&rsquo;il ch\u00e9risse sa propri\u00e9t\u00e9, le chanteur a en horreur une pratique locale pourtant tr\u00e8s appr\u00e9ci\u00e9e dans le d\u00e9partement&#8230;\n<\/p>\n<p>                                                        <img decoding=\"async\" class=\"player-thumbnail\" src=\"https:\/\/www.europesays.com\/fr\/wp-content\/uploads\/2025\/08\/826990ff66a5631f-580x326-2.jpg\" width=\"580\" height=\"326\" loading=\"lazy\"\/><\/p>\n<p>                    Alain Souchon propri\u00e9taire d&rsquo;une maison avec sa femme dans le Loir-et-Cher : il n&rsquo;adh\u00e8re du tout \u00e0 une pratique locale<\/p>\n<p>La suite apr\u00e8s la publicit\u00e9<\/p>\n<p>Pour f\u00eater les 40 ans des Victoires de la Musique, la deuxi\u00e8me cha\u00eene proposera <strong>un v\u00e9ritable voyage musical <\/strong>\u00e0 ses fid\u00e8les<strong> <\/strong>t\u00e9l\u00e9spectateurs<strong> <\/strong>ce jeudi 21 ao\u00fbt. Des images archives de l&rsquo;\u00e9v\u00e9nement seront mis \u00e0 l&rsquo;honneur dans un documentaire particuli\u00e8rement attendu, au m\u00eame titre que des t\u00e9moignages in\u00e9dits de stars de la chanson. En f\u00e9vrier, <a href=\"https:\/\/www.purepeople.com\/people\/alain-souchon_p313\" rel=\"nofollow noopener\" target=\"_blank\">Alain Souchon<\/a> fut d&rsquo;ailleurs le Pr\u00e9sident d\u2019honneur de la 40e c\u00e9r\u00e9monie des Victoires de la Musique organis\u00e9e \u00e0 la Seine Musicale. Entour\u00e9 &#8211; en d\u00e9but de soir\u00e9e &#8211; de ses deux fils<a href=\"https:\/\/www.purepeople.com\/article\/-elle-tient-la-baraque-francoise-souchon-femme-de-l-ombre-du-succes-d-alain-le-chanteur-et-ses-fils-racontent_a525011\/1\" rel=\"nofollow noopener\" target=\"_blank\"> Pierre (1972) et Charles (1978)<\/a> n\u00e9s de son union avec Fran\u00e7oise Souchon, l&rsquo;ami intime de <a href=\"https:\/\/www.purepeople.com\/people\/laurent-voulzy_p312\" rel=\"nofollow noopener\" target=\"_blank\">Laurent Voulzy<\/a> avait repris avec eux<strong> l&rsquo;un ses tubes phares : <\/strong><strong>Foule Sentimentale.<\/strong><\/p>\n<p>Voil\u00e0 plus de cinquante ans qu&rsquo;Alain Souchon s&rsquo;est fait une place \u00e0 part dans le paysage musical fran\u00e7ais. Malgr\u00e9 ses multiples succ\u00e8s, l<a href=\"https:\/\/www.purepeople.com\/article\/alain-souchon-marie-a-francoise-il-l-a-trompee-avec-une-tres-celebre-actrice-j-ai-ete-malheureux-mais_a521925\/1\" rel=\"nofollow noopener\" target=\"_blank\">&lsquo;ex-amant d&rsquo;Isabelle Adjani <\/a>a opt\u00e9 pour la <strong>simplicit\u00e9 et la discr\u00e9tion comme r\u00e8gle de vie.<\/strong> Lorsqu&rsquo;il n&rsquo;est pas sur les routes pour assurer une s\u00e9rie de concerts, l&rsquo;octog\u00e9naire <strong>prend plaisir \u00e0 se ressourcer dans le Loir-et-Cher,<\/strong> du c\u00f4t\u00e9 de Ouchamps (commune de moins de 1000 habitants ndlr), o\u00f9 il poss\u00e8de une belle propri\u00e9t\u00e9 avec son \u00e9pouse. \u00ab\u00a0J&rsquo;aime beaucoup marcher entre Ouchamps et Cheverny\u00a0\u00bb, avait-il soulign\u00e9 aux \u00e9quipes du Petit Solognot. Appr\u00e9ciant la nature, l&rsquo;interpr\u00e8te de Sous les jupes des filles n&rsquo;est pas de ceux qui appr\u00e9cient la chasse. Bien au contraire&#8230;.<\/p>\n<p>Alain Souchon fait une surprenante r\u00e9v\u00e9lation sur la commune d&rsquo;Ouchamps<\/p>\n<p>\u00ab\u00a0Cela peut sembler un peu cul-cul mais tirer sur de si jolies petites b\u00eates&#8230;<strong> Bon, c&rsquo;est un truc local, une tradition<\/strong>\u00ab\u00a0, avait -il l\u00e2ch\u00e9 au quotidien. Y r\u00e9sidant une bonne partie de l&rsquo;ann\u00e9e, l&rsquo;int\u00e9ress\u00e9 fl\u00e2ne fr\u00e9quemment dans son jardin pour \u00ab\u00a0regarder des fourmis\u00a0\u00bb. Loin de la cohue parisienne qu&rsquo;il ne regrette pas le moins du monde, Alain Souchon fait aussi \u00ab\u00a0de la mobylette\u00a0\u00bb et des randonn\u00e9es comme il l&rsquo;avait expliqu\u00e9 au Journal du dimanche, en 2021. Autre d\u00e9tail qui n&rsquo;a laiss\u00e9 personne de marbre cit\u00e9 par La Nouvelle R\u00e9publique, sur les ondes d&rsquo;Europe 1 en 2011, le p\u00e8re de famille avait d\u00e9clar\u00e9 \u00ab\u00a0que la localit\u00e9 d&rsquo;Ouchamps <a href=\"https:\/\/www.purepeople.com\/article\/alain-souchon-sa-maison-situee-dans-une-commune-qui-a-une-particularite-nationale_a538494\/1\" rel=\"nofollow noopener\" target=\"_blank\">avait une particularit\u00e9 nationale<\/a>&#8230; Laquelle ? La commune d&rsquo;Ouchamps est la seule localit\u00e9 o\u00f9 les hommes sont <strong>plus nombreux que les femmes\u00a0\u00bb.<\/strong><\/p>\n<p>\u00ab\u00a0Il y a davantage d&rsquo;hommes que de femmes sur la commune d&rsquo;Ouchamps.<strong> Plus exactement, sur 815 habitants en 2008,<\/strong> il y a 414 hommes pour 401 femmes..<strong>.<\/strong> C&rsquo;est en effet \u00e9tonnant si l&rsquo;on prend les chiffres mondiaux, voire nationaux (en France, sur 63.961.859 personnes en 2008, 30 961 071 sont des hommes, 33 000 788 sont des femmes)\u00a0\u00bb, avait relay\u00e9 La Nouvelle R\u00e9publique apr\u00e8s avoir enqu\u00eat\u00e9. En plus de sa demeure nich\u00e9e dans la r\u00e9gion Centre-Val de Loire qu&rsquo;il connait <strong>depuis sa tendre enfance,<\/strong> la star poss\u00e8de \u00e9galement un joli pied-\u00e0-terre <a href=\"https:\/\/www.purepeople.com\/article\/alain-souchon-proprietaire-de-deux-sublimes-maisons-entre-isolement-et-bord-de-mer_a525020\/1\" rel=\"nofollow noopener\" target=\"_blank\">en Bretagne, \u00e0 La Trinit\u00e9 <\/a>plus pr\u00e9cis\u00e9ment, \u00e0 seulement quelques m\u00e8tres de la mer.\u00a0<\/p>\n","protected":false},"excerpt":{"rendered":"Par Louise Martin | R\u00e9dactrice Koh Lanta, Les Marseillais mais aussi Mari\u00e9s au Premier regards\u2026 Louise Martin est&hellip;\n","protected":false},"author":2,"featured_media":334736,"comment_status":"","ping_status":"","sticky":false,"template":"","format":"standard","meta":{"footnotes":""},"categories":[1355],"tags":[58,59,1011,27,1361,873],"class_list":{"0":"post-334735","1":"post","2":"type-post","3":"status-publish","4":"format-standard","5":"has-post-thumbnail","7":"category-musique","8":"tag-divertissement","9":"tag-entertainment","10":"tag-fr","11":"tag-france","12":"tag-music","13":"tag-musique"},"share_on_mastodon":{"url":"https:\/\/pubeurope.com\/@fr\/115068674039878400","error":""},"_links":{"self":[{"href":"https:\/\/www.europesays.com\/fr\/wp-json\/wp\/v2\/posts\/334735","targetHints":{"allow":["GET"]}}],"collection":[{"href":"https:\/\/www.europesays.com\/fr\/wp-json\/wp\/v2\/posts"}],"about":[{"href":"https:\/\/www.europesays.com\/fr\/wp-json\/wp\/v2\/types\/post"}],"author":[{"embeddable":true,"href":"https:\/\/www.europesays.com\/fr\/wp-json\/wp\/v2\/users\/2"}],"replies":[{"embeddable":true,"href":"https:\/\/www.europesays.com\/fr\/wp-json\/wp\/v2\/comments?post=334735"}],"version-history":[{"count":0,"href":"https:\/\/www.europesays.com\/fr\/wp-json\/wp\/v2\/posts\/334735\/revisions"}],"wp:featuredmedia":[{"embeddable":true,"href":"https:\/\/www.europesays.com\/fr\/wp-json\/wp\/v2\/media\/334736"}],"wp:attachment":[{"href":"https:\/\/www.europesays.com\/fr\/wp-json\/wp\/v2\/media?parent=334735"}],"wp:term":[{"taxonomy":"category","embeddable":true,"href":"https:\/\/www.europesays.com\/fr\/wp-json\/wp\/v2\/categories?post=334735"},{"taxonomy":"post_tag","embeddable":true,"href":"https:\/\/www.europesays.com\/fr\/wp-json\/wp\/v2\/tags?post=334735"}],"curies":[{"name":"wp","href":"https:\/\/api.w.org\/{rel}","templated":true}]}}