{"id":334755,"date":"2025-08-21T20:45:24","date_gmt":"2025-08-21T20:45:24","guid":{"rendered":"https:\/\/www.europesays.com\/fr\/334755\/"},"modified":"2025-08-21T20:45:24","modified_gmt":"2025-08-21T20:45:24","slug":"bon-plan-rentree-le-pass-loisirs-seniors","status":"publish","type":"post","link":"https:\/\/www.europesays.com\/fr\/334755\/","title":{"rendered":"Bon plan rentr\u00e9e : le Pass loisirs seniors"},"content":{"rendered":"<p>La Ville de Saint-Etienne renouvelle en cette rentr\u00e9e son Pass loisirs pour tous les seniors de + de 62 ans. <\/p>\n<p>Ce Pass permet aux seniors st\u00e9phanois de b\u00e9n\u00e9ficier de <strong>plusieurs activit\u00e9s tout au long de l&rsquo;ann\u00e9e scolaire \u00e0 un prix doux<\/strong> : de 12 \u00e0 50 euros selon le revenu fiscal de r\u00e9f\u00e9rence.\u00a0<\/p>\n<p>Ce Pass permet de b\u00e9n\u00e9ficier d&rsquo;un spectacle au Z\u00e9nith, d&rsquo;une repr\u00e9sentation \u00e0 l&rsquo;Op\u00e9ra, la Com\u00e9die ou au Caf\u00e9-Th\u00e9\u00e2tre Triomphe. Mais ce n&rsquo;est pas tout, ce Pass donne acc\u00e8s \u00e0 une entr\u00e9e dans un mus\u00e9e, un cin\u00e9ma, 2 spectacle \u00e0 la Com\u00e8te, une visite Ville d&rsquo;Art et d&rsquo;Histoire&#8230;<\/p>\n<p>Pour \u00e9viter une longue file d&rsquo;attente devant l&rsquo;H\u00f4tel-de-Ville \u00e0 partir du 2 septembre, la municipalit\u00e9 a mis en place <strong>un planning de rendez-vous<\/strong> pour venir r\u00e9cup\u00e9rer son Pass : par t\u00e9l\u00e9phone 04 77 48 68 65 \/ ou sur <a href=\"https:\/\/www.saint-etienne.fr\/mes-demarches\" target=\"_blank\" rel=\"noopener nofollow\">le site internet de la Ville de Saint-Etienne<\/a>\u00a0<\/p>\n<p>ZF<\/p>\n<p>Photo : Pixabay<\/p>\n","protected":false},"excerpt":{"rendered":"La Ville de Saint-Etienne renouvelle en cette rentr\u00e9e son Pass loisirs pour tous les seniors de + de&hellip;\n","protected":false},"author":2,"featured_media":334756,"comment_status":"","ping_status":"","sticky":false,"template":"","format":"standard","meta":{"footnotes":""},"categories":[9653],"tags":[1111,11,2430,1777,674,1011,27,12,25,4001],"class_list":{"0":"post-334755","1":"post","2":"type-post","3":"status-publish","4":"format-standard","5":"has-post-thumbnail","7":"category-saint-etienne","8":"tag-actu","9":"tag-actualites","10":"tag-auvergne-rhone-alpes","11":"tag-eu","12":"tag-europe","13":"tag-fr","14":"tag-france","15":"tag-news","16":"tag-republique-francaise","17":"tag-saint-etienne"},"share_on_mastodon":{"url":"https:\/\/pubeurope.com\/@fr\/115068713244803513","error":""},"_links":{"self":[{"href":"https:\/\/www.europesays.com\/fr\/wp-json\/wp\/v2\/posts\/334755","targetHints":{"allow":["GET"]}}],"collection":[{"href":"https:\/\/www.europesays.com\/fr\/wp-json\/wp\/v2\/posts"}],"about":[{"href":"https:\/\/www.europesays.com\/fr\/wp-json\/wp\/v2\/types\/post"}],"author":[{"embeddable":true,"href":"https:\/\/www.europesays.com\/fr\/wp-json\/wp\/v2\/users\/2"}],"replies":[{"embeddable":true,"href":"https:\/\/www.europesays.com\/fr\/wp-json\/wp\/v2\/comments?post=334755"}],"version-history":[{"count":0,"href":"https:\/\/www.europesays.com\/fr\/wp-json\/wp\/v2\/posts\/334755\/revisions"}],"wp:featuredmedia":[{"embeddable":true,"href":"https:\/\/www.europesays.com\/fr\/wp-json\/wp\/v2\/media\/334756"}],"wp:attachment":[{"href":"https:\/\/www.europesays.com\/fr\/wp-json\/wp\/v2\/media?parent=334755"}],"wp:term":[{"taxonomy":"category","embeddable":true,"href":"https:\/\/www.europesays.com\/fr\/wp-json\/wp\/v2\/categories?post=334755"},{"taxonomy":"post_tag","embeddable":true,"href":"https:\/\/www.europesays.com\/fr\/wp-json\/wp\/v2\/tags?post=334755"}],"curies":[{"name":"wp","href":"https:\/\/api.w.org\/{rel}","templated":true}]}}