{"id":334761,"date":"2025-08-21T20:48:24","date_gmt":"2025-08-21T20:48:24","guid":{"rendered":"https:\/\/www.europesays.com\/fr\/334761\/"},"modified":"2025-08-21T20:48:24","modified_gmt":"2025-08-21T20:48:24","slug":"salsa-fuerza-foodtruck-visites-des-serres-et-expo-coco-co","status":"publish","type":"post","link":"https:\/\/www.europesays.com\/fr\/334761\/","title":{"rendered":"salsa Fuerza, foodtruck, visites des serres et expo Coco &#038; Co"},"content":{"rendered":"<p>Dans le cadre de l\u2019expo Coco &amp; Co, Incontournables palmiers , le jardin botanique organise une soir\u00e9e ensoleill\u00e9e et rythm\u00e9e. Au programme\u00a0: soir\u00e9e salsa sur la place des agrumes avec Salsa Fuerza, foodtruck mexicain Vago Tacos, visites des serres et de l\u2019expo Coco &amp; Co, ateliers pour en apprendre plus sur les palmiers, d\u00e9gustations avec le Palais des th\u00e9s et diverses animations.<\/p>\n<p class=\"note\">Samedi 30\u00a0ao\u00fbt, de 19\u00a0h \u00e0 22\u00a0h\u00a030, au jardin botanique Jean-Marie Pelt, 100, rue du Jardin-Botanique, \u00e0 Villers-l\u00e8s-Nancy. Tarif\u00a0: 5,60\u00a0\u20ac. R\u00e9servation au 03\u00a083\u00a041\u00a047\u00a047.<\/p>\n","protected":false},"excerpt":{"rendered":"Dans le cadre de l\u2019expo Coco &amp; Co, Incontournables palmiers , le jardin botanique organise une soir\u00e9e ensoleill\u00e9e&hellip;\n","protected":false},"author":2,"featured_media":334762,"comment_status":"","ping_status":"","sticky":false,"template":"","format":"standard","meta":{"footnotes":""},"categories":[9635],"tags":[1111,11,1687,1704,1777,674,1011,27,775,10262,1702,12,25,10261],"class_list":{"0":"post-334761","1":"post","2":"type-post","3":"status-publish","4":"format-standard","5":"has-post-thumbnail","7":"category-nancy","8":"tag-actu","9":"tag-actualites","10":"tag-culture-loisirs","11":"tag-edition-nancy-et-agglomeration","12":"tag-eu","13":"tag-europe","14":"tag-fr","15":"tag-france","16":"tag-grand-est","17":"tag-metropole-du-grand-nancy-54b5","18":"tag-nancy","19":"tag-news","20":"tag-republique-francaise","21":"tag-villers-les-nancy"},"share_on_mastodon":{"url":"https:\/\/pubeurope.com\/@fr\/115068725096287342","error":""},"_links":{"self":[{"href":"https:\/\/www.europesays.com\/fr\/wp-json\/wp\/v2\/posts\/334761","targetHints":{"allow":["GET"]}}],"collection":[{"href":"https:\/\/www.europesays.com\/fr\/wp-json\/wp\/v2\/posts"}],"about":[{"href":"https:\/\/www.europesays.com\/fr\/wp-json\/wp\/v2\/types\/post"}],"author":[{"embeddable":true,"href":"https:\/\/www.europesays.com\/fr\/wp-json\/wp\/v2\/users\/2"}],"replies":[{"embeddable":true,"href":"https:\/\/www.europesays.com\/fr\/wp-json\/wp\/v2\/comments?post=334761"}],"version-history":[{"count":0,"href":"https:\/\/www.europesays.com\/fr\/wp-json\/wp\/v2\/posts\/334761\/revisions"}],"wp:featuredmedia":[{"embeddable":true,"href":"https:\/\/www.europesays.com\/fr\/wp-json\/wp\/v2\/media\/334762"}],"wp:attachment":[{"href":"https:\/\/www.europesays.com\/fr\/wp-json\/wp\/v2\/media?parent=334761"}],"wp:term":[{"taxonomy":"category","embeddable":true,"href":"https:\/\/www.europesays.com\/fr\/wp-json\/wp\/v2\/categories?post=334761"},{"taxonomy":"post_tag","embeddable":true,"href":"https:\/\/www.europesays.com\/fr\/wp-json\/wp\/v2\/tags?post=334761"}],"curies":[{"name":"wp","href":"https:\/\/api.w.org\/{rel}","templated":true}]}}