{"id":334773,"date":"2025-08-21T20:59:10","date_gmt":"2025-08-21T20:59:10","guid":{"rendered":"https:\/\/www.europesays.com\/fr\/334773\/"},"modified":"2025-08-21T20:59:10","modified_gmt":"2025-08-21T20:59:10","slug":"rennes-a-quasiment-boucle-larrivee-de-son-nouvel-attaquant","status":"publish","type":"post","link":"https:\/\/www.europesays.com\/fr\/334773\/","title":{"rendered":"Rennes a quasiment boucl\u00e9 l\u2019arriv\u00e9e de son nouvel attaquant !"},"content":{"rendered":"<p>Bien que la f\u00eate de P\u00e2ques soit d\u00e9j\u00e0 pass\u00e9e, le Stade Rennais se cherchait un neuf sur ce mercato estival. Le club breton qui a essuy\u00e9 le d\u00e9part d\u2019Arnaud Kalimuendo qui a rejoint la formation anglaise de Nottingham Forest contre 30 millions d\u2019euros, avait bien besoin d\u2019un rempla\u00e7ant \u00e0 ce poste. Ainsi, les noms ont doucement fleuri dans la short-list de Lo\u00efc D\u00e9sir\u00e9. Si les profils de Louis Munteanu (Cluj), Brian Brobbey (Ajax Amsterdam) ou encore Matthis Abline (FC Nantes) sont revenus, deux noms tenaient la corde. <\/p>\n<p>            La suite apr\u00e8s cette publicit\u00e9<\/p>\n<p>En effet, le club breton s\u2019\u00e9tait mis d\u2019accord avec Est\u00e9ban Lepaul (25 ans), le buteur du SCO Angers comme nous vous l\u2019avons r\u00e9v\u00e9l\u00e9. <a href=\"https:\/\/www.footmercato.net\/a3828611201900718664-angers-esteban-lepaul-daccord-avec-rennes\" rel=\"nofollow noopener\" target=\"_blank\">Auteur d\u2019un dernier exercice canon avec 9 buts en 28 matches de Ligue 1<\/a>, le natif d\u2019Auxerre \u00e9tait cependant estim\u00e9 \u00e0 20 millions d\u2019euros par son club. Un montant \u00e9lev\u00e9 pour <a href=\"https:\/\/www.footmercato.net\/club\/stade-rennais-fc\/\" rel=\"nofollow noopener\" target=\"_blank\">Rennes<\/a> qui pensait plut\u00f4t d\u00e9bourser une somme avoisinant les 15 millions d\u2019euros. Dans le m\u00eame temps, les Rennais prospectaient au Portugal. <\/p>\n<p>            La suite apr\u00e8s cette publicit\u00e9<\/p>\n<p>        Rennes touche au but pour Conrad Harder<\/p>\n<p>Doublure la saison derni\u00e8re de Viktor Gy\u00f6keres au <a href=\"https:\/\/www.footmercato.net\/club\/sporting-clube-de-portugal\/\" rel=\"nofollow noopener\" target=\"_blank\">Sporting CP<\/a>, <a href=\"https:\/\/www.footmercato.net\/joueur\/conrad-harder\/\" rel=\"nofollow noopener\" target=\"_blank\">Conrad Harder<\/a> (20 ans) sort d\u2019un premier exercice int\u00e9ressant avec 11 buts et 7 passes d\u00e9cisives en 47 matches. Cependant, le club portugais qui a vendu son homologue su\u00e9dois semble miser sur Luis Suarez, l\u2019ancien buteur de l\u2019Olympique de Marseille arriv\u00e9 cet \u00e9t\u00e9. Conrad Harder n\u2019\u00e9tant pas indiscutable, l\u2019ancien de Nordsjaelland arriv\u00e9 il y a un contre 19 millions d\u2019euros pouvait donc partir en cas d\u2019offre int\u00e9ressante. <\/p>\n<p>Selon <a href=\"https:\/\/www.abola.pt\/noticias\/sporting-conrad-harder-a-caminho-do-rennes-2025082120252124666\" rel=\"nofollow noopener\" target=\"_blank\">A Bola<\/a>, le joueur danois faisait l\u2019objet d\u2019une rude bataille entre le Stade Rennais et l\u2019AC Milan. Cependant, un accord aurait \u00e9t\u00e9 quasiment scell\u00e9 entre le Sporting CP et le Stade Rennais pour son transfert. Le joueur aurait \u00e9galement donn\u00e9 la priorit\u00e9 au club breton o\u00f9 il estime avoir plus de chances d\u2019\u00eatre titulaire qu\u2019\u00e0 l\u2019AC Milan pour continuer de se d\u00e9velopper. L\u2019international danois (1 cape) est donc tout proche de rejoindre la <a href=\"https:\/\/www.footmercato.net\/france\/ligue-1\/\" rel=\"nofollow noopener\" target=\"_blank\">Ligue 1<\/a>.<\/p>\n<p>\n    Pub. le 21\/08\/2025 22:54<br \/>\n            &#8211; MAJ le 21\/08\/2025 22:55\n    <\/p>\n","protected":false},"excerpt":{"rendered":"Bien que la f\u00eate de P\u00e2ques soit d\u00e9j\u00e0 pass\u00e9e, le Stade Rennais se cherchait un neuf sur ce&hellip;\n","protected":false},"author":2,"featured_media":240765,"comment_status":"","ping_status":"","sticky":false,"template":"","format":"standard","meta":{"footnotes":""},"categories":[2821],"tags":[1111,11,829,1777,674,1011,27,12,584,25],"class_list":{"0":"post-334773","1":"post","2":"type-post","3":"status-publish","4":"format-standard","5":"has-post-thumbnail","7":"category-rennes","8":"tag-actu","9":"tag-actualites","10":"tag-bretagne","11":"tag-eu","12":"tag-europe","13":"tag-fr","14":"tag-france","15":"tag-news","16":"tag-rennes","17":"tag-republique-francaise"},"share_on_mastodon":{"url":"https:\/\/pubeurope.com\/@fr\/115068768372706571","error":""},"_links":{"self":[{"href":"https:\/\/www.europesays.com\/fr\/wp-json\/wp\/v2\/posts\/334773","targetHints":{"allow":["GET"]}}],"collection":[{"href":"https:\/\/www.europesays.com\/fr\/wp-json\/wp\/v2\/posts"}],"about":[{"href":"https:\/\/www.europesays.com\/fr\/wp-json\/wp\/v2\/types\/post"}],"author":[{"embeddable":true,"href":"https:\/\/www.europesays.com\/fr\/wp-json\/wp\/v2\/users\/2"}],"replies":[{"embeddable":true,"href":"https:\/\/www.europesays.com\/fr\/wp-json\/wp\/v2\/comments?post=334773"}],"version-history":[{"count":0,"href":"https:\/\/www.europesays.com\/fr\/wp-json\/wp\/v2\/posts\/334773\/revisions"}],"wp:featuredmedia":[{"embeddable":true,"href":"https:\/\/www.europesays.com\/fr\/wp-json\/wp\/v2\/media\/240765"}],"wp:attachment":[{"href":"https:\/\/www.europesays.com\/fr\/wp-json\/wp\/v2\/media?parent=334773"}],"wp:term":[{"taxonomy":"category","embeddable":true,"href":"https:\/\/www.europesays.com\/fr\/wp-json\/wp\/v2\/categories?post=334773"},{"taxonomy":"post_tag","embeddable":true,"href":"https:\/\/www.europesays.com\/fr\/wp-json\/wp\/v2\/tags?post=334773"}],"curies":[{"name":"wp","href":"https:\/\/api.w.org\/{rel}","templated":true}]}}