{"id":334776,"date":"2025-08-21T21:01:10","date_gmt":"2025-08-21T21:01:10","guid":{"rendered":"https:\/\/www.europesays.com\/fr\/334776\/"},"modified":"2025-08-21T21:01:10","modified_gmt":"2025-08-21T21:01:10","slug":"a-domicile-ce-sera-un-match-different-wass-annonce-la-couleur-pour-le-retour","status":"publish","type":"post","link":"https:\/\/www.europesays.com\/fr\/334776\/","title":{"rendered":"\u00ab\u00a0\u00c0 domicile, ce sera un match diff\u00e9rent\u00a0\u00bb, Wass annonce la couleur pour le retour"},"content":{"rendered":"<p><img decoding=\"async\" fetchpriority=\"high\" src=\"https:\/\/www.europesays.com\/fr\/wp-content\/uploads\/2025\/04\/1744486932_935_placeholder_lcp_video.05bf4656ae0a2da173edc7ce90e1a7d8.webp\" width=\"800\" height=\"450\" alt=\"placeholder video\"\/><\/p>\n<p>Les Danois de Brondby sont all\u00e9s chercher un bon match nul sur la pelouse d&rsquo;un Racing Club de Strasbourg particuli\u00e8rement inefficace&#8230; 0-0 au final et l&rsquo;impression que les hommes de Rosenior ont &#8211; peut-\u00eatre en partie &#8211; laiss\u00e9 passer leur chance. En tout cas, Daniel Wass pass\u00e9 par Evian Thonon-Gaillard l&rsquo;annonce : Brondby jouera un jeu diff\u00e9rent \u00e0 la maison. <\/p>\n<p>Aujourd&rsquo;hui \u00e0 22h49 | Dur\u00e9e : 0:59<\/p>\n","protected":false},"excerpt":{"rendered":"Les Danois de Brondby sont all\u00e9s chercher un bon match nul sur la pelouse d&rsquo;un Racing Club de&hellip;\n","protected":false},"author":2,"featured_media":334777,"comment_status":"","ping_status":"","sticky":false,"template":"","format":"standard","meta":{"footnotes":""},"categories":[2820],"tags":[1111,11,1777,674,1011,27,775,12,25,640],"class_list":{"0":"post-334776","1":"post","2":"type-post","3":"status-publish","4":"format-standard","5":"has-post-thumbnail","7":"category-strasbourg","8":"tag-actu","9":"tag-actualites","10":"tag-eu","11":"tag-europe","12":"tag-fr","13":"tag-france","14":"tag-grand-est","15":"tag-news","16":"tag-republique-francaise","17":"tag-strasbourg"},"share_on_mastodon":{"url":"https:\/\/pubeurope.com\/@fr\/115068776523336548","error":""},"_links":{"self":[{"href":"https:\/\/www.europesays.com\/fr\/wp-json\/wp\/v2\/posts\/334776","targetHints":{"allow":["GET"]}}],"collection":[{"href":"https:\/\/www.europesays.com\/fr\/wp-json\/wp\/v2\/posts"}],"about":[{"href":"https:\/\/www.europesays.com\/fr\/wp-json\/wp\/v2\/types\/post"}],"author":[{"embeddable":true,"href":"https:\/\/www.europesays.com\/fr\/wp-json\/wp\/v2\/users\/2"}],"replies":[{"embeddable":true,"href":"https:\/\/www.europesays.com\/fr\/wp-json\/wp\/v2\/comments?post=334776"}],"version-history":[{"count":0,"href":"https:\/\/www.europesays.com\/fr\/wp-json\/wp\/v2\/posts\/334776\/revisions"}],"wp:featuredmedia":[{"embeddable":true,"href":"https:\/\/www.europesays.com\/fr\/wp-json\/wp\/v2\/media\/334777"}],"wp:attachment":[{"href":"https:\/\/www.europesays.com\/fr\/wp-json\/wp\/v2\/media?parent=334776"}],"wp:term":[{"taxonomy":"category","embeddable":true,"href":"https:\/\/www.europesays.com\/fr\/wp-json\/wp\/v2\/categories?post=334776"},{"taxonomy":"post_tag","embeddable":true,"href":"https:\/\/www.europesays.com\/fr\/wp-json\/wp\/v2\/tags?post=334776"}],"curies":[{"name":"wp","href":"https:\/\/api.w.org\/{rel}","templated":true}]}}