{"id":334778,"date":"2025-08-21T21:02:10","date_gmt":"2025-08-21T21:02:10","guid":{"rendered":"https:\/\/www.europesays.com\/fr\/334778\/"},"modified":"2025-08-21T21:02:10","modified_gmt":"2025-08-21T21:02:10","slug":"le-monde-de-limmobilier-lui-rend-hommage-pascale-platret-deleguee-generale-chez-mls-cote-dazur-est-decedee","status":"publish","type":"post","link":"https:\/\/www.europesays.com\/fr\/334778\/","title":{"rendered":"\u00ab\u00a0Le monde de l\u2019immobilier lui rend hommage\u00a0\u00bb: Pascale Platret, d\u00e9l\u00e9gu\u00e9e g\u00e9n\u00e9rale chez MLS C\u00f4te d\u2019Azur est d\u00e9c\u00e9d\u00e9e"},"content":{"rendered":"<p>\u00ab\u00a0Un exemple de l\u2019implication, de la qualit\u00e9 de service, de la gentillesse.\u00a0\u00bb C\u2019est en ces termes que les membres de MLS C\u00f4te d\u2019Azur, l\u2019association d\u2019agents immobiliers dont Pascale Platret \u00e9tait la d\u00e9l\u00e9gu\u00e9e g\u00e9n\u00e9rale depuis dix ans, d\u00e9crivent celle qui vient de dispara\u00eetre.<\/p>\n<p>D\u00e9c\u00e9d\u00e9e \u00e0 l\u2019\u00e2ge de 62 ans, la professionnelle originaire de Bourgogne mais install\u00e9e \u00e0 Antibes depuis environ quarante ans laisse derri\u00e8re elle un grand vide, tant aupr\u00e8s de ses coll\u00e8gues que de son conjoint Fran\u00e7ois.<\/p>\n<p><strong>Install\u00e9e \u00e0 Antibes depuis 40 ans<\/strong><\/p>\n<p>\u00ab\u00a0Tous les deux partageaient la passion de la nature, des randonn\u00e9es et des gens \u00ab\u00a0, \u00e9crivent les membres d\u2019MLS.<\/p>\n<p>Agent immobilier \u00e0 ses d\u00e9buts, Pascale Platret a travaill\u00e9 pour la marque Catherine Mamet pendant trente ans avant d\u2019int\u00e9grer le groupe dans lequel elle aurait achev\u00e9 sa carri\u00e8re avant la retraite. Femme de terrain, \u00a0\u00bb Pascale \u00e9tait le relais entre diff\u00e9rents acteurs du milieu. Le monde de l\u2019immobilier la connaissait et lui rend hommage.\u00a0\u00bb<\/p>\n","protected":false},"excerpt":{"rendered":"\u00ab\u00a0Un exemple de l\u2019implication, de la qualit\u00e9 de service, de la gentillesse.\u00a0\u00bb C\u2019est en ces termes que les&hellip;\n","protected":false},"author":2,"featured_media":334779,"comment_status":"","ping_status":"","sticky":false,"template":"","format":"standard","meta":{"footnotes":""},"categories":[2819],"tags":[1111,11,1777,674,1011,27,12,2401,882,25,3366],"class_list":{"0":"post-334778","1":"post","2":"type-post","3":"status-publish","4":"format-standard","5":"has-post-thumbnail","7":"category-nice","8":"tag-actu","9":"tag-actualites","10":"tag-eu","11":"tag-europe","12":"tag-fr","13":"tag-france","14":"tag-news","15":"tag-nice","16":"tag-provence-alpes-cote-dazur","17":"tag-republique-francaise","18":"tag-vie-locale"},"share_on_mastodon":{"url":"https:\/\/pubeurope.com\/@fr\/115068780122045513","error":""},"_links":{"self":[{"href":"https:\/\/www.europesays.com\/fr\/wp-json\/wp\/v2\/posts\/334778","targetHints":{"allow":["GET"]}}],"collection":[{"href":"https:\/\/www.europesays.com\/fr\/wp-json\/wp\/v2\/posts"}],"about":[{"href":"https:\/\/www.europesays.com\/fr\/wp-json\/wp\/v2\/types\/post"}],"author":[{"embeddable":true,"href":"https:\/\/www.europesays.com\/fr\/wp-json\/wp\/v2\/users\/2"}],"replies":[{"embeddable":true,"href":"https:\/\/www.europesays.com\/fr\/wp-json\/wp\/v2\/comments?post=334778"}],"version-history":[{"count":0,"href":"https:\/\/www.europesays.com\/fr\/wp-json\/wp\/v2\/posts\/334778\/revisions"}],"wp:featuredmedia":[{"embeddable":true,"href":"https:\/\/www.europesays.com\/fr\/wp-json\/wp\/v2\/media\/334779"}],"wp:attachment":[{"href":"https:\/\/www.europesays.com\/fr\/wp-json\/wp\/v2\/media?parent=334778"}],"wp:term":[{"taxonomy":"category","embeddable":true,"href":"https:\/\/www.europesays.com\/fr\/wp-json\/wp\/v2\/categories?post=334778"},{"taxonomy":"post_tag","embeddable":true,"href":"https:\/\/www.europesays.com\/fr\/wp-json\/wp\/v2\/tags?post=334778"}],"curies":[{"name":"wp","href":"https:\/\/api.w.org\/{rel}","templated":true}]}}