{"id":334781,"date":"2025-08-21T21:04:13","date_gmt":"2025-08-21T21:04:13","guid":{"rendered":"https:\/\/www.europesays.com\/fr\/334781\/"},"modified":"2025-08-21T21:04:13","modified_gmt":"2025-08-21T21:04:13","slug":"pma-il-y-a-des-solutions-contre-la-penurie-de-gametes-estiment-ces-specialistes","status":"publish","type":"post","link":"https:\/\/www.europesays.com\/fr\/334781\/","title":{"rendered":"PMA : \u00ab\u00a0Il y a des solutions contre la p\u00e9nurie de gam\u00e8tes\u00a0\u00bb, estiment ces sp\u00e9cialistes"},"content":{"rendered":"<p>La loi de bio\u00e9thique de 2021 a \u00e9largi le droit \u00e0 la procr\u00e9ation m\u00e9dicalement assist\u00e9e (PMA). <a href=\"https:\/\/rennes.maville.com\/actu\/actudet_-forte-demande-de-pma-l-agence-de-biomedecine-alerte-sur-le-besoin-de-plus-de-donneurs-_54135-6363475_actu.Htm\" target=\"_self\" rel=\"nofollow noopener\">Et le manque chronique de gam\u00e8tes a terriblement rallong\u00e9 les d\u00e9lais<\/a>. 15 \u00e0 18 mois pour un don de spermatozo\u00efde, de 18 \u00e0 24 mois pour un don d\u2019ovocyte. Une moyenne qui cache de grande disparit\u00e9s territoriales.<\/p>\n<p>\u00ab Rouvrir le d\u00e9bat sur la r\u00e9mun\u00e9ration des donneurs \u00bb<\/p>\n<p>Responsables des centres PMA de Nancy et Nantes, le Dr Mika\u00ebl Agopiantz et le Pr Thomas Fr\u00e9our estiment avoir des solutions. La soci\u00e9t\u00e9 savante cr\u00e9\u00e9e cette semaine \u00e0 leur initiative &#8211; l\u2019Association nationale du don d\u2019engendrement ou <a href=\"https:\/\/andde.fr\/\" target=\"_self\" rel=\"nofollow noopener\">ANDDE<\/a> &#8211; entend porter ces propositions avant le lancement des d\u00e9bats sur la prochaine r\u00e9vision de la loi.<strong> \u00ab\u00a0Nous voulons rouvrir le d\u00e9bat sur la r\u00e9mun\u00e9ration des donneurs. C\u2019est peut-\u00eatre jouer sur les mots, mais les Espagnols ont mis en place une indemnisation forfaitaire, qui compense le temps pass\u00e9,<\/strong> expose le Pr Fr\u00e9our. <strong>En France, la marchandisation du corps est th\u00e9oriquement interdite, mais les personnes participant \u00e0 des essais cliniques sont bien indemnis\u00e9s.\u00a0\u00bb<\/strong><\/p>\n<p>Leurs deux autres propositions sont moins disruptives, bien que. Les dons ne peuvent actuellement \u00eatre recueillis que dans des centres publics, souvent adoss\u00e9s au CHU.<strong> \u00ab\u00a0Ouvrir aux centres priv\u00e9s permettrait un bien meilleur maillage. Aujourd\u2019hui, un donneur de La Rochelle doit aller \u00e0 Bordeaux, Poitiers ou Nantes. Il faut \u00eatre motiv\u00e9. Les centres priv\u00e9s r\u00e9alisent la moiti\u00e9 des PMA. Ils sont comp\u00e9tents. Il suffirait de les encadrer, comme pour l\u2019autoconservation des ovocytes.<\/strong>\u00bb<\/p>\n<p>Troisi\u00e8me proposition, l\u2019importation de gam\u00e8tes, aujourd\u2019hui exceptionnelle.<strong> \u00abIl y aurait moyen de b\u00e9n\u00e9ficier de ce r\u00e9seau externe sans remettre en cause les principes fondamentaux. A la loi d\u2019en pr\u00e9ciser les modalit\u00e9s \u00bb<\/strong>, estime le Dr Fr\u00e9our. Le recours \u00e0 des gam\u00e8tes venant d\u2019autres pays pourrait \u00e9galement permettre de r\u00e9duire la p\u00e9nurie encore plus forte de gam\u00e8tes de types ethniques non caucasiens, pour lesquels la p\u00e9nurie est encore plus forte en France.<\/p>\n<p>Des PMA \u00e0 l\u2019\u00e9tranger<\/p>\n<p><strong>\u00ab\u00a0Aujourd\u2019hui, face aux d\u00e9lais, et l\u2019horloge biologique qui tourne, un nombre cons\u00e9quent de Fran\u00e7aises, qui en ont les moyens, vont faire une PMA en Espagne, en Belgique, au Danemark\u00a0\u00bb, <\/strong>constate le Dr Agopiantz. L\u2019association estime qu\u2019il y a une vraie rupture d\u2019\u00e9galit\u00e9.<\/p>\n<p>Si aucune date n\u2019est fix\u00e9e, les d\u00e9bats pr\u00e9liminaires autour de la prochaine r\u00e9vision de la loi de bio\u00e9thique devraient en fin d\u2019ann\u00e9e ou d\u00e9but 2026.<\/p>\n<p>\u00a0<\/p>\n","protected":false},"excerpt":{"rendered":"La loi de bio\u00e9thique de 2021 a \u00e9largi le droit \u00e0 la procr\u00e9ation m\u00e9dicalement assist\u00e9e (PMA). Et le&hellip;\n","protected":false},"author":2,"featured_media":334782,"comment_status":"","ping_status":"","sticky":false,"template":"","format":"standard","meta":{"footnotes":""},"categories":[2818],"tags":[1111,11,47203,1777,674,1011,27,47202,766,12,2636,43676,22697,25,15097,5339],"class_list":{"0":"post-334781","1":"post","2":"type-post","3":"status-publish","4":"format-standard","5":"has-post-thumbnail","7":"category-nantes","8":"tag-actu","9":"tag-actualites","10":"tag-estiment","11":"tag-eu","12":"tag-europe","13":"tag-fr","14":"tag-france","15":"tag-gametes","16":"tag-nantes","17":"tag-news","18":"tag-pays-de-la-loire","19":"tag-penurie","20":"tag-pma","21":"tag-republique-francaise","22":"tag-solutions","23":"tag-specialistes"},"share_on_mastodon":{"url":"https:\/\/pubeurope.com\/@fr\/115068788013899385","error":""},"_links":{"self":[{"href":"https:\/\/www.europesays.com\/fr\/wp-json\/wp\/v2\/posts\/334781","targetHints":{"allow":["GET"]}}],"collection":[{"href":"https:\/\/www.europesays.com\/fr\/wp-json\/wp\/v2\/posts"}],"about":[{"href":"https:\/\/www.europesays.com\/fr\/wp-json\/wp\/v2\/types\/post"}],"author":[{"embeddable":true,"href":"https:\/\/www.europesays.com\/fr\/wp-json\/wp\/v2\/users\/2"}],"replies":[{"embeddable":true,"href":"https:\/\/www.europesays.com\/fr\/wp-json\/wp\/v2\/comments?post=334781"}],"version-history":[{"count":0,"href":"https:\/\/www.europesays.com\/fr\/wp-json\/wp\/v2\/posts\/334781\/revisions"}],"wp:featuredmedia":[{"embeddable":true,"href":"https:\/\/www.europesays.com\/fr\/wp-json\/wp\/v2\/media\/334782"}],"wp:attachment":[{"href":"https:\/\/www.europesays.com\/fr\/wp-json\/wp\/v2\/media?parent=334781"}],"wp:term":[{"taxonomy":"category","embeddable":true,"href":"https:\/\/www.europesays.com\/fr\/wp-json\/wp\/v2\/categories?post=334781"},{"taxonomy":"post_tag","embeddable":true,"href":"https:\/\/www.europesays.com\/fr\/wp-json\/wp\/v2\/tags?post=334781"}],"curies":[{"name":"wp","href":"https:\/\/api.w.org\/{rel}","templated":true}]}}