{"id":334791,"date":"2025-08-21T21:09:14","date_gmt":"2025-08-21T21:09:14","guid":{"rendered":"https:\/\/www.europesays.com\/fr\/334791\/"},"modified":"2025-08-21T21:09:14","modified_gmt":"2025-08-21T21:09:14","slug":"devant-17-000-spectateurs-vannes-cree-la-surprise-face-a-toulouse-en-match-de-pre-saison","status":"publish","type":"post","link":"https:\/\/www.europesays.com\/fr\/334791\/","title":{"rendered":"Devant 17\u00a0000 spectateurs, Vannes cr\u00e9e la surprise face \u00e0 Toulouse en match de pr\u00e9-saison"},"content":{"rendered":"<p>Biarritz s&rsquo;impose \u00e0 Bayonne<\/p>\n<p>Un autre match amical opposait jeudi soir un club de Pro D2 \u00e0 un adversaire de Top\u00a014. Et, l\u00e0 aussi, c&rsquo;est l&rsquo;\u00e9quipe de la division inf\u00e9rieure, plus affut\u00e9e, qui l&rsquo;a emport\u00e9 : le Biarritz Olympique est all\u00e9 s&rsquo;imposer chez son voisin de l&rsquo;Aviron Bayonnais (21-19), avec trois essais inscrits de part et d&rsquo;autre. Les Biarrots recevront B\u00e9ziers le vendredi 29 ao\u00fbt pour leur match de rentr\u00e9e, alors que Bayonne a encore un match pour se pr\u00e9parer, face \u00e0 Toulouse, avant le d\u00e9but du Championnat.<\/p>\n","protected":false},"excerpt":{"rendered":"Biarritz s&rsquo;impose \u00e0 Bayonne Un autre match amical opposait jeudi soir un club de Pro D2 \u00e0 un&hellip;\n","protected":false},"author":2,"featured_media":334792,"comment_status":"","ping_status":"","sticky":false,"template":"","format":"standard","meta":{"footnotes":""},"categories":[2816],"tags":[1111,11,1777,674,1011,27,12,2680,25,2312],"class_list":{"0":"post-334791","1":"post","2":"type-post","3":"status-publish","4":"format-standard","5":"has-post-thumbnail","7":"category-toulouse","8":"tag-actu","9":"tag-actualites","10":"tag-eu","11":"tag-europe","12":"tag-fr","13":"tag-france","14":"tag-news","15":"tag-occitanie","16":"tag-republique-francaise","17":"tag-toulouse"},"share_on_mastodon":{"url":"https:\/\/pubeurope.com\/@fr\/115068807641327866","error":""},"_links":{"self":[{"href":"https:\/\/www.europesays.com\/fr\/wp-json\/wp\/v2\/posts\/334791","targetHints":{"allow":["GET"]}}],"collection":[{"href":"https:\/\/www.europesays.com\/fr\/wp-json\/wp\/v2\/posts"}],"about":[{"href":"https:\/\/www.europesays.com\/fr\/wp-json\/wp\/v2\/types\/post"}],"author":[{"embeddable":true,"href":"https:\/\/www.europesays.com\/fr\/wp-json\/wp\/v2\/users\/2"}],"replies":[{"embeddable":true,"href":"https:\/\/www.europesays.com\/fr\/wp-json\/wp\/v2\/comments?post=334791"}],"version-history":[{"count":0,"href":"https:\/\/www.europesays.com\/fr\/wp-json\/wp\/v2\/posts\/334791\/revisions"}],"wp:featuredmedia":[{"embeddable":true,"href":"https:\/\/www.europesays.com\/fr\/wp-json\/wp\/v2\/media\/334792"}],"wp:attachment":[{"href":"https:\/\/www.europesays.com\/fr\/wp-json\/wp\/v2\/media?parent=334791"}],"wp:term":[{"taxonomy":"category","embeddable":true,"href":"https:\/\/www.europesays.com\/fr\/wp-json\/wp\/v2\/categories?post=334791"},{"taxonomy":"post_tag","embeddable":true,"href":"https:\/\/www.europesays.com\/fr\/wp-json\/wp\/v2\/tags?post=334791"}],"curies":[{"name":"wp","href":"https:\/\/api.w.org\/{rel}","templated":true}]}}