{"id":334797,"date":"2025-08-21T21:12:12","date_gmt":"2025-08-21T21:12:12","guid":{"rendered":"https:\/\/www.europesays.com\/fr\/334797\/"},"modified":"2025-08-21T21:12:12","modified_gmt":"2025-08-21T21:12:12","slug":"marseille-le-trafic-des-trains-fortement-perturbe-a-la-gare-saint-charles-ce-quil-se-passe","status":"publish","type":"post","link":"https:\/\/www.europesays.com\/fr\/334797\/","title":{"rendered":"Marseille. Le trafic des trains fortement perturb\u00e9 \u00e0 la gare Saint-Charles, ce qu&rsquo;il se passe"},"content":{"rendered":"<p>            Par<br \/>\n        <strong><br \/>\n            <a href=\"https:\/\/actu.fr\/auteur\/thomas-blanc\" title=\"Consulter tous les articles de Thomas Blanc\" target=\"_blank\" rel=\"noopener\">Thomas Blanc<\/a><br \/>\n        <\/strong><\/p>\n<p>        Publi\u00e9 le<\/p>\n<p>            21 ao\u00fbt 2025 \u00e0 16h15        <\/p>\n<p>De <strong>grosses perturbations<\/strong> sont en cours \u00e0 la gare <a href=\"https:\/\/actu.fr\/tag\/gare-saint-charles\" target=\"_blank\" rel=\"noopener\">Saint-Charles<\/a> \u00e0 <a href=\"https:\/\/actu.fr\/marseille\/\" target=\"_blank\" rel=\"noopener\">Marseille<\/a> en cette apr\u00e8s-midi de fin de mois d\u2019ao\u00fbt. Certains trains affichent plus de <strong>deux heures de retard<\/strong>.<\/p>\n<p class=\" wall-content\">Voici ce qu\u2019il se passe.<\/p>\n<p>De multiples raisons<\/p>\n<p class=\" wall-content\">En consultant les horaires des trains de la gare Saint-Charles, nombreux sont les trains \u00e0 afficher <strong>d\u2019importants retards<\/strong>.<\/p>\n<p class=\" wall-content\">Les raisons \u00e9voqu\u00e9es sont parfois, \u00ab\u2009<strong>un d\u00e9faut d\u2019alimentation \u00e9lectrique<\/strong>\u2009\u00bb pour les trains arrivant de <a href=\"https:\/\/actu.fr\/grand-est\/metz_57463\" target=\"_blank\" rel=\"noopener\">Metz<\/a> et Strasbourg ou celui partant \u00e0 <a href=\"https:\/\/actu.fr\/provence-alpes-cote-d-azur\/toulon_83137\" target=\"_blank\" rel=\"noopener\">Toulon<\/a>, \u00ab\u2009un obstacle sur la voie\u2009\u00bb pour le TGV en direction de Paris ou encore un bagage abandonn\u00e9 pour le TER vers Hy\u00e8res.<\/p>\n<p>    <img   decoding=\"async\" loading=\"lazy\" src=\"https:\/\/www.europesays.com\/fr\/wp-content\/uploads\/2025\/08\/capture-decran-2025-08-21-161345-960x640.png\" alt=\"Le tableau des arriv\u00e9es \u00e0 la gare Saint-Charles \u00e0 16h10 ce jeudi.\" width=\"960\" height=\"640\"\/><br \/>\n    Le tableau des arriv\u00e9es \u00e0 la gare Saint-Charles \u00e0 16h10 ce jeudi. (\u00a9Capture d\u2019\u00e9cran)<\/p>\n<p class=\" wall-content\">Le Train \u00e0 Grande Vitesse vers Toulon de 15h49 partira avec au moins une heure de retard, mais c\u2019est encore pire pour les voyageurs vers le <a href=\"https:\/\/actu.fr\/grand-est\/\" target=\"_blank\" rel=\"noopener\">Grand-Est<\/a> puisque le TGV en provenance de Metz et <a href=\"https:\/\/actu.fr\/strasbourg\/\" target=\"_blank\" rel=\"noopener\">Strasbourg<\/a> enregistre d\u00e9j\u00e0 deux heures de d\u00e9lais par rapport \u00e0 leur heure d\u2019arriv\u00e9e pr\u00e9vue.<\/p>\n<p class=\" wall-content\">Les retards \u00e0 l\u2019arriv\u00e9e causant ind\u00e9niablement des retards pour les d\u00e9parts plus tard dans l\u2019apr\u00e8s-midi et la soir\u00e9e.<\/p>\n<p>Votre r\u00e9gion, votre actu !<\/p>\n<p>Recevez chaque jour les infos qui comptent pour vous.<\/p>\n<p>\t<a href=\"https:\/\/actu.fr\/newsletter\" class=\"ac-btn ac-btn--corner ac-btn--medium ac-btn--blue800\" target=\"_blank\" rel=\"noopener\">S&rsquo;incrire<\/a><br \/>\nDes animaux sur la voie<\/p>\n<p class=\" wall-content\">La branche Provence-Alpes-C\u00f4te d\u2019Azur de SNCF r\u00e9seau confirme \u00e0 actu Marseille\u00a0le d\u00e9faut d\u2019alimentation \u00e9lectrique, il est, selon elle, \u00ab\u2009caus\u00e9 par une b\u00e2che qui s\u2019est prise dans une cat\u00e9naire \u00e0 Saint-Louis\u2009\u00bb, dans le nord de Marseille mais que cet incident est termin\u00e9.<\/p>\n<p class=\" wall-content\">Pour le reste des retards des TGV venus du nord du pays ils ont \u00ab\u2009rencontr\u00e9 des animaux sur les voies en dehors de la r\u00e9gion.\u2009\u00bb<\/p>\n<p class=\" wall-content\">Personnalisez votre actualit\u00e9 en ajoutant vos villes et m\u00e9dias en favori avec <a href=\"https:\/\/moncompte.actu.fr\" title=\"D\u00e9couvez Mon Actu\" rel=\"nofollow noopener\" data-trk=\"{&quot;cta&quot;:{&quot;action&quot;:&quot;https:\\\/\\\/moncompte.actu.fr&quot;,&quot;category&quot;:&quot;mon compte&quot;,&quot;from&quot;:&quot;article footer&quot;,&quot;name&quot;:&quot;Mon actu&quot;,&quot;type&quot;:&quot;cta&quot;}}\" target=\"_blank\">Mon Actu<\/a>.<\/p>\n","protected":false},"excerpt":{"rendered":"Par Thomas Blanc Publi\u00e9 le 21 ao\u00fbt 2025 \u00e0 16h15 De grosses perturbations sont en cours \u00e0 la&hellip;\n","protected":false},"author":2,"featured_media":334798,"comment_status":"","ping_status":"","sticky":false,"template":"","format":"standard","meta":{"footnotes":""},"categories":[2814],"tags":[1111,11,1777,674,1011,27,6305,884,12,882,25,2215,104,2803],"class_list":{"0":"post-334797","1":"post","2":"type-post","3":"status-publish","4":"format-standard","5":"has-post-thumbnail","7":"category-marseille","8":"tag-actu","9":"tag-actualites","10":"tag-eu","11":"tag-europe","12":"tag-fr","13":"tag-france","14":"tag-gare-saint-charles","15":"tag-marseille","16":"tag-news","17":"tag-provence-alpes-cote-dazur","18":"tag-republique-francaise","19":"tag-sncf","20":"tag-societe","21":"tag-transport"},"share_on_mastodon":{"url":"https:\/\/pubeurope.com\/@fr\/115068819459716720","error":""},"_links":{"self":[{"href":"https:\/\/www.europesays.com\/fr\/wp-json\/wp\/v2\/posts\/334797","targetHints":{"allow":["GET"]}}],"collection":[{"href":"https:\/\/www.europesays.com\/fr\/wp-json\/wp\/v2\/posts"}],"about":[{"href":"https:\/\/www.europesays.com\/fr\/wp-json\/wp\/v2\/types\/post"}],"author":[{"embeddable":true,"href":"https:\/\/www.europesays.com\/fr\/wp-json\/wp\/v2\/users\/2"}],"replies":[{"embeddable":true,"href":"https:\/\/www.europesays.com\/fr\/wp-json\/wp\/v2\/comments?post=334797"}],"version-history":[{"count":0,"href":"https:\/\/www.europesays.com\/fr\/wp-json\/wp\/v2\/posts\/334797\/revisions"}],"wp:featuredmedia":[{"embeddable":true,"href":"https:\/\/www.europesays.com\/fr\/wp-json\/wp\/v2\/media\/334798"}],"wp:attachment":[{"href":"https:\/\/www.europesays.com\/fr\/wp-json\/wp\/v2\/media?parent=334797"}],"wp:term":[{"taxonomy":"category","embeddable":true,"href":"https:\/\/www.europesays.com\/fr\/wp-json\/wp\/v2\/categories?post=334797"},{"taxonomy":"post_tag","embeddable":true,"href":"https:\/\/www.europesays.com\/fr\/wp-json\/wp\/v2\/tags?post=334797"}],"curies":[{"name":"wp","href":"https:\/\/api.w.org\/{rel}","templated":true}]}}