{"id":334799,"date":"2025-08-21T21:13:10","date_gmt":"2025-08-21T21:13:10","guid":{"rendered":"https:\/\/www.europesays.com\/fr\/334799\/"},"modified":"2025-08-21T21:13:10","modified_gmt":"2025-08-21T21:13:10","slug":"veronique-rabiot-detruit-longoria-et-benatia","status":"publish","type":"post","link":"https:\/\/www.europesays.com\/fr\/334799\/","title":{"rendered":"V\u00e9ronique Rabiot d\u00e9truit Longoria et Benatia"},"content":{"rendered":"<p><strong><\/p>\n<p>V\u00e9ronique Rabiot a fustig\u00e9 l\u2019attitude des dirigeants marseillais estimant qu\u2019ils ne sont pas \u00e0 leur place.<\/p>\n<p><\/strong><\/p>\n<p>Au micro d\u2019RTL ce jeudi, <strong>V\u00e9ronique Rabiot \u00e9tait particuli\u00e8rement r\u00e9volt\u00e9e suite <\/strong>\u00e0 la mise \u00e0 l\u2019\u00e9cart de son fils. Si <strong>l\u2019attitude d\u2019Adrien Rabiot a \u00e9t\u00e9 jug\u00e9e inacceptable<\/strong> par la direction marseillaise, cette derni\u00e8re a notamment point\u00e9 du doigt le comportement de Pablo Longoria et Medhi Benatia qui selon elle, ne sont pas exempt de tout reproche suite aux \u00e9v\u00e8nements de l\u2019an pass\u00e9 : \u00ab\u00a0Si Adrien a pr\u00e9sent\u00e9 ses excuses ? Mais \u00e0 qui ? A Rowe ? \u00c0 l\u2019ensemble du club ? Pourquoi ? Vous pensez qu\u2019ils sont s\u00e9rieux ces gens-l\u00e0 quand ils parlent du respect de l\u2019institution ? On a entendu le pr\u00e9sident hurler devant les cam\u00e9ras \u201ccorruption\u201d l\u2019ann\u00e9e derni\u00e8re, monsieur Benatia a \u00e9t\u00e9 suspendu, qui ne respecte pas le club ? <\/p>\n<p>Toujours d\u2019apr\u00e8s ses paroles, <strong>Pablo Longoria et Medhi Benatia ne sont pas \u00e0 leur place<\/strong> : \u00ab\u00a0Le costume est trop grand pour le pr\u00e9sident et le directeur du recrutement [\u2026] Ils ne m\u2019ont pas d\u00e9\u00e7u car il faut que j\u2019aime les gens pour qu\u2019ils me d\u00e9\u00e7oivent. Ils ne sont pas \u00e0 leur place, ils n\u2019ont pas le profil du poste et ils sont d\u00e9vor\u00e9s par leur orgueil et leur \u00e9go surdimensionn\u00e9. Ils sont incapables de contr\u00f4ler leurs \u00e9motions.\u00a0\u00bb<\/p>\n","protected":false},"excerpt":{"rendered":"V\u00e9ronique Rabiot a fustig\u00e9 l\u2019attitude des dirigeants marseillais estimant qu\u2019ils ne sont pas \u00e0 leur place. Au micro&hellip;\n","protected":false},"author":2,"featured_media":334800,"comment_status":"","ping_status":"","sticky":false,"template":"","format":"standard","meta":{"footnotes":""},"categories":[2814],"tags":[1111,11,1777,674,1011,27,884,12,882,25],"class_list":{"0":"post-334799","1":"post","2":"type-post","3":"status-publish","4":"format-standard","5":"has-post-thumbnail","7":"category-marseille","8":"tag-actu","9":"tag-actualites","10":"tag-eu","11":"tag-europe","12":"tag-fr","13":"tag-france","14":"tag-marseille","15":"tag-news","16":"tag-provence-alpes-cote-dazur","17":"tag-republique-francaise"},"share_on_mastodon":{"url":"https:\/\/pubeurope.com\/@fr\/115068823330163971","error":""},"_links":{"self":[{"href":"https:\/\/www.europesays.com\/fr\/wp-json\/wp\/v2\/posts\/334799","targetHints":{"allow":["GET"]}}],"collection":[{"href":"https:\/\/www.europesays.com\/fr\/wp-json\/wp\/v2\/posts"}],"about":[{"href":"https:\/\/www.europesays.com\/fr\/wp-json\/wp\/v2\/types\/post"}],"author":[{"embeddable":true,"href":"https:\/\/www.europesays.com\/fr\/wp-json\/wp\/v2\/users\/2"}],"replies":[{"embeddable":true,"href":"https:\/\/www.europesays.com\/fr\/wp-json\/wp\/v2\/comments?post=334799"}],"version-history":[{"count":0,"href":"https:\/\/www.europesays.com\/fr\/wp-json\/wp\/v2\/posts\/334799\/revisions"}],"wp:featuredmedia":[{"embeddable":true,"href":"https:\/\/www.europesays.com\/fr\/wp-json\/wp\/v2\/media\/334800"}],"wp:attachment":[{"href":"https:\/\/www.europesays.com\/fr\/wp-json\/wp\/v2\/media?parent=334799"}],"wp:term":[{"taxonomy":"category","embeddable":true,"href":"https:\/\/www.europesays.com\/fr\/wp-json\/wp\/v2\/categories?post=334799"},{"taxonomy":"post_tag","embeddable":true,"href":"https:\/\/www.europesays.com\/fr\/wp-json\/wp\/v2\/tags?post=334799"}],"curies":[{"name":"wp","href":"https:\/\/api.w.org\/{rel}","templated":true}]}}