{"id":334806,"date":"2025-08-21T21:18:15","date_gmt":"2025-08-21T21:18:15","guid":{"rendered":"https:\/\/www.europesays.com\/fr\/334806\/"},"modified":"2025-08-21T21:18:15","modified_gmt":"2025-08-21T21:18:15","slug":"blesses-degats-interpellations-revendications-ce-que-lon-sait-apres-la-nuit-de-violences-a-aurillac","status":"publish","type":"post","link":"https:\/\/www.europesays.com\/fr\/334806\/","title":{"rendered":"Bless\u00e9s, d\u00e9g\u00e2ts, interpellations, revendications\u2026 ce que l\u2019on sait apr\u00e8s la nuit de violences \u00e0 Aurillac"},"content":{"rendered":"<p class=\"paragraph text_align_left lp-f-body-02\">Jets de pierre, barricades et feux de poubelles : <a href=\"https:\/\/www.leparisien.fr\/faits-divers\/heurts-a-aurillac-au-moins-huit-policiers-blesses-lors-daffrontements-contre-des-emeutiers-21-08-2025-ATDMDI5ZMNA7PPWIOAHPH3BZTE.php\" target=\"_blank\" rel=\"noreferrer nofollow noopener\">des violences ont \u00e9clat\u00e9 \u00e0 Aurillac<\/a> dans la nuit de mercredi \u00e0 jeudi, au premier jour du festival de th\u00e9\u00e2tre de rue, faisant huit bless\u00e9s parmi les forces de l\u2019ordre. Deux brigades de la CRS 83, <a href=\"https:\/\/www.leparisien.fr\/faits-divers\/les-nouvelles-compagnies-de-crs-dediees-aux-violences-urbaines-coutent-elles-trop-cher-27-02-2024-VIPSGXF5LBBN3AL7RB4LGZFPTI.php\" target=\"_blank\" rel=\"noreferrer nofollow noopener\">sp\u00e9cialis\u00e9e dans les \u00e9meutes<\/a>, ont \u00e9t\u00e9 envoy\u00e9es d\u00e8s jeudi soir en renfort des trois compagnies CRS sur place. Voici ce que l\u2019on sait.<\/p>\n<p>Que s\u2019est-il pass\u00e9 ?<\/p>\n<p class=\"paragraph text_align_left lp-f-body-02\">Mercredi soir, en marge d\u2019une \u00ab interpellation en flagrant d\u00e9lit \u00bb, des \u00ab groupes d\u2019individus hostiles \u00bb parfois masqu\u00e9s et cagoul\u00e9s s\u2019en sont pris aux forces de l\u2019ordre, a indiqu\u00e9 la pr\u00e9fecture du Cantal dans un communiqu\u00e9.<\/p>\n<p class=\"paragraph text_align_left lp-f-body-02\">Selon les t\u00e9moignages recueillis sur place par un correspondant de l\u2019AFP, la tension est mont\u00e9e apr\u00e8s l\u2019arrestation d\u2019un individu ayant tagu\u00e9 la devanture d\u2019une banque.<\/p>\n<p class=\"paragraph text_align_left lp-f-body-02\">Vers 23h30, un groupe de personnes s\u2019est alors oppos\u00e9 aux forces de l\u2019ordre sur une place du centre-ville, s\u2019en prenant \u00e0 des abribus et des commerces, lan\u00e7ant des projectiles sur les CRS, allumant des feux de poubelles, a constat\u00e9 ce correspondant. Selon une source polici\u00e8re, le groupe d\u2019\u00e9meutiers \u00e9tait constitu\u00e9 de 300 personnes. La pr\u00e9fecture a estim\u00e9 que ce nombre \u00e9tait plus modeste, sans plus de pr\u00e9cisions.<\/p>\n<p class=\"lp-card-podcast-highlighting__title  lp-f-subtitle-05\">[4\/4] C\u00e9cile Vallin, les secrets d\u2019une disparition<\/p>\n<p class=\"lp-card-podcast-highlighting__description lp-f-ui-05\">Crime story raconte chaque semaine les grandes affaires criminelles.<\/p>\n<p><a class=\"lp-card-podcast-highlighting__call-to-action\" data-page-type=\"HP\" data-block-name=\"podcast-highlight\">\u00c9couter<\/a><\/p>\n<p class=\"paragraph text_align_left lp-f-body-02\">Les CRS ont r\u00e9pliqu\u00e9 avec des gaz lacrymog\u00e8nes, finissant par repousser les groupes les plus virulents vers les rues adjacentes dans la nuit, les affrontements s\u2019\u00e9tant achev\u00e9s vers 03h30 selon une source polici\u00e8re.<\/p>\n<p>Quel bilan humain et mat\u00e9riel ?<\/p>\n<p class=\"paragraph text_align_left lp-f-body-02\">Huit policiers ont \u00e9t\u00e9 l\u00e9g\u00e8rement bless\u00e9s, a annonc\u00e9 lors d\u2019une conf\u00e9rence de presse le pr\u00e9fet du Cantal Philippe Loos, mais aucun des milliers de festivaliers pr\u00e9sents dans le centre-ville.<\/p>\n<p class=\"paragraph text_align_left lp-f-body-02\">Les \u00e9meutiers s\u2019en sont \u00e9galement pris \u00e0 l\u2019enceinte du palais de justice contre laquelle ils ont jet\u00e9 des pav\u00e9s, selon elle.<\/p>\n<p class=\"paragraph text_align_left lp-f-body-02\">Le bilan provisoire \u00ab fait \u00e9tat de d\u00e9gradations sur une dizaine de vitrines de commerces et sur du mobilier urbain \u00bb, a pr\u00e9cis\u00e9 la pr\u00e9fecture, \u00e9voquant par ailleurs \u00ab plusieurs d\u00e9parts d\u2019incendie de poubelles, ma\u00eetris\u00e9s par les sapeurs-pompiers prot\u00e9g\u00e9s par les forces de l\u2019ordre \u00bb.<\/p>\n<p class=\"paragraph text_align_left lp-f-body-02\">Le maire d\u2019Aurillac Pierre Mathonier (PS) a estim\u00e9 les d\u00e9g\u00e2ts sur la voie publique entre 20 000 et 30 000 euros.<\/p>\n<p>Les suspects ont-ils \u00e9t\u00e9 interpell\u00e9s ?<\/p>\n<p class=\"paragraph text_align_left lp-f-body-02\">Aucune interpellation ni garde \u00e0 vue n\u2019a eu lieu pour l\u2019heure, a indiqu\u00e9 la procureure de la R\u00e9publique d\u2019Aurillac Sandrine Delorme, pr\u00e9cisant qu\u2019une enqu\u00eate \u00e9tait en cours pour identifier les auteurs des violences.<\/p>\n<p>Des revendications radicales ?<\/p>\n<p class=\"paragraph text_align_left lp-f-body-02\">\u00ab On est clairement dans un groupement qui s\u2019est form\u00e9 de mani\u00e8re temporaire pour casser \u00bb, a \u00e9galement affirm\u00e9 la procureure d\u2019Aurillac<\/p>\n<p class=\"paragraph text_align_left lp-f-body-02\">\u00ab Ce n\u2019est pas normal d\u2019utiliser ce festival comme support de revendications politiques radicales inadmissibles \u00bb, a d\u00e9clar\u00e9 le maire d\u2019Aurillac Pierre Mathonier (PS) devant la presse, affichant sa volont\u00e9 que \u00ab ce festival se poursuive \u00bb.<\/p>\n<p class=\"paragraph text_align_left lp-f-body-02\">\u00ab On ne peut pas laisser ces black blocs aux discours anarchistes casser notre ville et notre festival \u00bb, avait-il d\u00e9clar\u00e9 auparavant \u00e0 l\u2019AFP.<\/p>\n<p>Quelles r\u00e9actions ?<\/p>\n<p class=\"paragraph text_align_left lp-f-body-02\">\u00ab \u00c0 Aurillac, comme partout ailleurs, la R\u00e9publique permet que la libert\u00e9 s\u2019exprime dans la cr\u00e9ation et non dans la destruction \u00bb, a d\u00e9clar\u00e9 le pr\u00e9fet Philippe Loos.<\/p>\n<p class=\"paragraph text_align_left lp-f-body-02\">\u00ab Ces violences n\u2019ont rien \u00e0 voir avec notre projet, qu\u2019il soit artistique, culturel ou social \u00bb et le festival en est la \u00ab victime \u00bb, a assur\u00e9 de son c\u00f4t\u00e9 Fr\u00e9d\u00e9ric R\u00e9my, directeur du festival, qui accueille 3 000 artistes et environ 180 000 spectateurs jusqu\u2019\u00e0 samedi pour sa 38e \u00e9dition.<\/p>\n<p class=\"paragraph text_align_left lp-f-body-02\">Dans l\u2019apr\u00e8s-midi, la ministre de la Culture <a href=\"https:\/\/www.leparisien.fr\/paris-75\/rachida-dati-candidate-a-la-legislative-partielle-a-paris-du-panache-ou-un-coup-risque-avant-les-municipales-19-08-2025-5DZBT454HZGKVOWFDV5SQGRDME.php\" target=\"_blank\" rel=\"noreferrer nofollow noopener\">Rachida Dati<\/a> a apport\u00e9 son soutien aux \u00ab organisateurs et participants \u00bb du festival et s\u2019est dite \u00ab mobilis\u00e9e contre cette nouvelle forme de d\u00e9linquance et d\u2019atteinte aux valeurs de la R\u00e9publique qui vise \u00e0 perturber et emp\u00eacher des \u00e9v\u00e8nements culturels populaires fran\u00e7ais \u00bb.<\/p>\n","protected":false},"excerpt":{"rendered":"Jets de pierre, barricades et feux de poubelles : des violences ont \u00e9clat\u00e9 \u00e0 Aurillac dans la nuit&hellip;\n","protected":false},"author":2,"featured_media":334807,"comment_status":"","ping_status":"","sticky":false,"template":"","format":"standard","meta":{"footnotes":""},"categories":[1888],"tags":[1111,1928,11,1927,459,1777,674,118,1011,27,12,1926,626,1925,25],"class_list":{"0":"post-334806","1":"post","2":"type-post","3":"status-publish","4":"format-standard","5":"has-post-thumbnail","7":"category-paris","8":"tag-actu","9":"tag-actu-paris","10":"tag-actualites","11":"tag-actualites-paris","12":"tag-departements-horsidfo","13":"tag-eu","14":"tag-europe","15":"tag-faits-divers","16":"tag-fr","17":"tag-france","18":"tag-news","19":"tag-news-paris","20":"tag-paris","21":"tag-paris-news","22":"tag-republique-francaise"},"share_on_mastodon":{"url":"https:\/\/pubeurope.com\/@fr\/115068843079852923","error":""},"_links":{"self":[{"href":"https:\/\/www.europesays.com\/fr\/wp-json\/wp\/v2\/posts\/334806","targetHints":{"allow":["GET"]}}],"collection":[{"href":"https:\/\/www.europesays.com\/fr\/wp-json\/wp\/v2\/posts"}],"about":[{"href":"https:\/\/www.europesays.com\/fr\/wp-json\/wp\/v2\/types\/post"}],"author":[{"embeddable":true,"href":"https:\/\/www.europesays.com\/fr\/wp-json\/wp\/v2\/users\/2"}],"replies":[{"embeddable":true,"href":"https:\/\/www.europesays.com\/fr\/wp-json\/wp\/v2\/comments?post=334806"}],"version-history":[{"count":0,"href":"https:\/\/www.europesays.com\/fr\/wp-json\/wp\/v2\/posts\/334806\/revisions"}],"wp:featuredmedia":[{"embeddable":true,"href":"https:\/\/www.europesays.com\/fr\/wp-json\/wp\/v2\/media\/334807"}],"wp:attachment":[{"href":"https:\/\/www.europesays.com\/fr\/wp-json\/wp\/v2\/media?parent=334806"}],"wp:term":[{"taxonomy":"category","embeddable":true,"href":"https:\/\/www.europesays.com\/fr\/wp-json\/wp\/v2\/categories?post=334806"},{"taxonomy":"post_tag","embeddable":true,"href":"https:\/\/www.europesays.com\/fr\/wp-json\/wp\/v2\/tags?post=334806"}],"curies":[{"name":"wp","href":"https:\/\/api.w.org\/{rel}","templated":true}]}}